{"id":20685,"date":"2019-03-13T06:56:15","date_gmt":"2019-03-13T05:56:15","guid":{"rendered":"http:\/\/sven-ove.nu\/?p=20685"},"modified":"2019-03-13T07:00:42","modified_gmt":"2019-03-13T06:00:42","slug":"blota-rutor-spralligt-sinn","status":"publish","type":"post","link":"https:\/\/sven-ove.nu\/?p=20685","title":{"rendered":"Bl\u00f6ta rutor, spralligt sinn\u2019"},"content":{"rendered":"<p><a href=\"https:\/\/sven-ove.nu\/wp-content\/uploads\/2019\/03\/Gris.jpg\"><img loading=\"lazy\" decoding=\"async\" class=\"size-large wp-image-20686 alignnone\" src=\"https:\/\/sven-ove.nu\/wp-content\/uploads\/2019\/03\/Gris-1024x948.jpg\" alt=\"\" width=\"660\" height=\"611\" srcset=\"https:\/\/sven-ove.nu\/wp-content\/uploads\/2019\/03\/Gris-1024x948.jpg 1024w, https:\/\/sven-ove.nu\/wp-content\/uploads\/2019\/03\/Gris-300x278.jpg 300w, https:\/\/sven-ove.nu\/wp-content\/uploads\/2019\/03\/Gris-768x711.jpg 768w, https:\/\/sven-ove.nu\/wp-content\/uploads\/2019\/03\/Gris.jpg 1280w\" sizes=\"auto, (max-width: 660px) 100vw, 660px\" \/><\/a><\/p>\n<p>Onsdag. Vaknar 04.55, \u00e4ter frukost, packar ryggs\u00e4cken. Kaffetermos, sm\u00f6rg\u00e5sl\u00e5da, sittunderl\u00e4gg, tre mandariner. Sopar en decimeter kramsn\u00f6 av bilen, s\u00e4tter i motorv\u00e4rmaren, h\u00e4mtar Folkbladet. L\u00e5ter den k\u00e4ra v\u00e4nnen sova.<\/p>\n<p>Varf\u00f6r vaknar gamla gubbar efter fem timmars s\u00f6mn? En timme innan v\u00e4ckarklockan.<\/p>\n<p>Sopar sn\u00f6 av verandan, funderar \u00f6ver var kamrat B t\u00e4nker g\u00e5 med oss i Gryningspatrullen i dag. Det blir nog Visten om vi tar oss dit.<\/p>\n<p>Rensar dublettbilder ur mobilen. Studerar l\u00e4nge det uppstoppade vildsvinet fr\u00e5n Bohusl\u00e4ns museum. Vem hade trott p\u00e5 en stor svensk vildsvinsstam? D\u00e5, p\u00e5 1970-talet, n\u00e4r jag skrev om vildsvinet som \u201dr\u00e5kade\u201d rymma ur h\u00e4gnet vid V\u00e4rdshuset Tv\u00e4llen, i gr\u00e4nsskogarna l\u00e5ngt norr om Arvika. Varf\u00f6r h\u00f6r jag aldrig en j\u00e4gare klaga \u00f6ver inplanterad gris?<\/p>\n<p>Startar bilen, backar ut p\u00e5 gatan. En grad varmt i Sydv\u00e4stra Svealand, drygt en decimeter oplogad sn\u00f6 och mer p\u00e5 v\u00e4g, luften full. Jo, det blir nog Visten.<\/p>\n<p>Bl\u00f6ta rutor, spralligt sinn\u2019.<\/p>\n<p><span style=\"color: #0000ff;\"><a style=\"color: #0000ff;\" href=\"https:\/\/sven-ove.nu\/\">Hem<\/a><\/span>\u00a0|\u00a0<a href=\"https:\/\/sven-ove.nu\/?page_id=170\"><span style=\"color: #0000ff;\">Om mig<\/span><\/a>\u00a0|\u00a0<span style=\"color: #0000ff;\"><a style=\"color: #0000ff;\" href=\"https:\/\/sven-ove.nu\/?page_id=1385\">Skriva &amp; prata<\/a><\/span>\u00a0|\u00a0<span style=\"color: #0000ff;\"><a style=\"color: #0000ff;\" href=\"https:\/\/sven-ove.nu\/?page_id=100\">Politik<\/a><\/span>\u00a0|\u00a0<span style=\"color: #0000ff;\"><a style=\"color: #0000ff;\" href=\"https:\/\/sven-ove.nu\/?page_id=102\">L\u00f6pa<\/a><\/span>\u00a0|\u00a0<span style=\"color: #0000ff;\"><a style=\"color: #0000ff;\" href=\"https:\/\/sven-ove.nu\/?page_id=108\">Viktor Root<\/a><\/span><br \/>\n<em>Inl\u00e4gg nr 1\u00a0933. (c) Sven-Ove Svensson (men dela g\u00e4rna)<\/em><\/p>\n","protected":false},"excerpt":{"rendered":"<p>Onsdag. Vaknar 04.55, \u00e4ter frukost, packar ryggs\u00e4cken. Kaffetermos, sm\u00f6rg\u00e5sl\u00e5da, sittunderl\u00e4gg, tre mandariner. Sopar en decimeter kramsn\u00f6 av bilen, s\u00e4tter i motorv\u00e4rmaren, h\u00e4mtar Folkbladet. L\u00e5ter den k\u00e4ra v\u00e4nnen sova. Varf\u00f6r vaknar gamla gubbar efter fem timmars s\u00f6mn? En timme innan v\u00e4ckarklockan. Sopar sn\u00f6 av verandan, funderar \u00f6ver var kamrat B t\u00e4nker g\u00e5 med oss i Gryningspatrullen &hellip; <a href=\"https:\/\/sven-ove.nu\/?p=20685\" class=\"more-link\">Forts\u00e4tt l\u00e4sa <span class=\"screen-reader-text\">Bl\u00f6ta rutor, spralligt sinn\u2019<\/span><\/a><\/p>\n","protected":false},"author":1,"featured_media":0,"comment_status":"closed","ping_status":"open","sticky":false,"template":"","format":"standard","meta":{"_crdt_document":"","_monsterinsights_skip_tracking":false,"_monsterinsights_sitenote_active":false,"_monsterinsights_sitenote_note":"","_monsterinsights_sitenote_category":0,"footnotes":""},"categories":[10,6],"tags":[],"class_list":["post-20685","post","type-post","status-publish","format-standard","hentry","category-familjen","category-natur"],"_links":{"self":[{"href":"https:\/\/sven-ove.nu\/index.php?rest_route=\/wp\/v2\/posts\/20685","targetHints":{"allow":["GET"]}}],"collection":[{"href":"https:\/\/sven-ove.nu\/index.php?rest_route=\/wp\/v2\/posts"}],"about":[{"href":"https:\/\/sven-ove.nu\/index.php?rest_route=\/wp\/v2\/types\/post"}],"author":[{"embeddable":true,"href":"https:\/\/sven-ove.nu\/index.php?rest_route=\/wp\/v2\/users\/1"}],"replies":[{"embeddable":true,"href":"https:\/\/sven-ove.nu\/index.php?rest_route=%2Fwp%2Fv2%2Fcomments&post=20685"}],"version-history":[{"count":2,"href":"https:\/\/sven-ove.nu\/index.php?rest_route=\/wp\/v2\/posts\/20685\/revisions"}],"predecessor-version":[{"id":20688,"href":"https:\/\/sven-ove.nu\/index.php?rest_route=\/wp\/v2\/posts\/20685\/revisions\/20688"}],"wp:attachment":[{"href":"https:\/\/sven-ove.nu\/index.php?rest_route=%2Fwp%2Fv2%2Fmedia&parent=20685"}],"wp:term":[{"taxonomy":"category","embeddable":true,"href":"https:\/\/sven-ove.nu\/index.php?rest_route=%2Fwp%2Fv2%2Fcategories&post=20685"},{"taxonomy":"post_tag","embeddable":true,"href":"https:\/\/sven-ove.nu\/index.php?rest_route=%2Fwp%2Fv2%2Ftags&post=20685"}],"curies":[{"name":"wp","href":"https:\/\/api.w.org\/{rel}","templated":true}]}}