{"id":20689,"date":"2019-03-15T04:21:14","date_gmt":"2019-03-15T03:21:14","guid":{"rendered":"http:\/\/sven-ove.nu\/?p=20689"},"modified":"2019-03-15T05:14:16","modified_gmt":"2019-03-15T04:14:16","slug":"arbetarpartister-mot-facket","status":"publish","type":"post","link":"https:\/\/sven-ove.nu\/?p=20689","title":{"rendered":"Arbetarpartister mot facket"},"content":{"rendered":"<p><a href=\"https:\/\/sven-ove.nu\/wp-content\/uploads\/2019\/03\/Bl\u00e5\u00f6gd-1.jpg\"><img loading=\"lazy\" decoding=\"async\" class=\"size-full wp-image-20693 alignnone\" src=\"https:\/\/sven-ove.nu\/wp-content\/uploads\/2019\/03\/Bl\u00e5\u00f6gd-1.jpg\" alt=\"\" width=\"797\" height=\"326\" srcset=\"https:\/\/sven-ove.nu\/wp-content\/uploads\/2019\/03\/Bl\u00e5\u00f6gd-1.jpg 797w, https:\/\/sven-ove.nu\/wp-content\/uploads\/2019\/03\/Bl\u00e5\u00f6gd-1-300x123.jpg 300w, https:\/\/sven-ove.nu\/wp-content\/uploads\/2019\/03\/Bl\u00e5\u00f6gd-1-768x314.jpg 768w\" sizes=\"auto, (max-width: 797px) 100vw, 797px\" \/><\/a><\/p>\n<p>Antag att du kallar dig arbetarpartist. Antag att du s\u00e4ger att du vill ha en stark fackf\u00f6reningsr\u00f6relse, d\u00e4r s\u00e5 m\u00e5nga som m\u00f6jligt \u00e4r medlemmar. Antag att du lik f\u00f6rbaskat r\u00f6star f\u00f6r att ta bort skattereduktionen f\u00f6r fackf\u00f6reningsavgifter. Samtidigt som du l\u00e5ter arbetsgivarna dra av sina medlemsavgifter \u00e4ven i forts\u00e4ttningen.<\/p>\n<p>F\u00f6r?<\/p>\n<p>R\u00f6star du F\u00d6R den or\u00e4ttvisan?! Ska kapitalisten f\u00e5 dra av men inte arbetaren? Var det du som kom med f\u00f6rslaget?<\/p>\n<p>D\u00e5 har du en rej\u00e4l uppf\u00f6rsbacke, om du tror du ska f\u00e5 min r\u00f6st i framtiden.\u00a0<span style=\"color: #0000ff;\"><a style=\"color: #0000ff;\" href=\"https:\/\/sv.m.wikipedia.org\/wiki\/Guling\">Guling<\/a><\/span>\u00a0skulle de gamle ha kallat dig. Googla p\u00e5 det &#8211; och sedan p\u00e5 klasst\u00e5ndpunkt.<\/p>\n<p>Sj\u00e4lv kommer jag att minnas den 13 mars 2019.<\/p>\n<p style=\"padding-left: 30px;\"><em><span style=\"color: #ff6600;\">###<\/span> H\u00f6r du n\u00e5\u2019t i luften som surrar<br \/>\n<\/em><em>s\u00e5 \u00e4r det August, Tage och Olof i sina gravar som snurrar.<\/em><\/p>\n<p><strong>L\u00e4nk<\/strong>:<br \/>\n<span style=\"color: #0000ff;\"><a style=\"color: #0000ff;\" href=\"https:\/\/www.riksdagen.se\/sv\/webb-tv\/video\/debatt-om-forslag\/avskaffad-skattereduktion-for-fackforeningsavgift_H601SkU15\">Riksdagsdebatten den 13 mars som slutade med att 90 socialdemokrater r\u00f6stade f\u00f6r att ta bort skattereduktionen f\u00f6r fackf\u00f6reningsavgiften<\/a><\/span><\/p>\n<p style=\"padding-left: 30px;\"><a href=\"https:\/\/sven-ove.nu\/wp-content\/uploads\/2018\/05\/Palm.jpg\"><img loading=\"lazy\" decoding=\"async\" class=\"size-thumbnail wp-image-19812 alignnone\" src=\"https:\/\/sven-ove.nu\/wp-content\/uploads\/2018\/05\/Palm-150x150.jpg\" alt=\"\" width=\"150\" height=\"150\" srcset=\"https:\/\/sven-ove.nu\/wp-content\/uploads\/2018\/05\/Palm-150x150.jpg 150w, https:\/\/sven-ove.nu\/wp-content\/uploads\/2018\/05\/Palm-300x300.jpg 300w, https:\/\/sven-ove.nu\/wp-content\/uploads\/2018\/05\/Palm-768x768.jpg 768w, https:\/\/sven-ove.nu\/wp-content\/uploads\/2018\/05\/Palm-1024x1024.jpg 1024w, https:\/\/sven-ove.nu\/wp-content\/uploads\/2018\/05\/Palm.jpg 1280w\" sizes=\"auto, (max-width: 150px) 100vw, 150px\" \/><\/a><br \/>\n<em>August Palm.<br \/>\nSnurrar.<\/em><\/p>\n<p><span style=\"color: #0000ff;\"><a style=\"color: #0000ff;\" href=\"https:\/\/sven-ove.nu\/?page_id=170\">Om mig<\/a><\/span>\u00a0|\u00a0<span style=\"color: #0000ff;\"><a style=\"color: #0000ff;\" href=\"https:\/\/sven-ove.nu\/?p=20276\">Vi m\u00e5ste b\u00f6rja tala om klass<\/a><\/span><br \/>\n<em>Inl\u00e4gg nr 1\u00a0934. (c) Sven-Ove Svensson (men dela g\u00e4rna)<\/em><\/p>\n","protected":false},"excerpt":{"rendered":"<p>Antag att du kallar dig arbetarpartist. Antag att du s\u00e4ger att du vill ha en stark fackf\u00f6reningsr\u00f6relse, d\u00e4r s\u00e5 m\u00e5nga som m\u00f6jligt \u00e4r medlemmar. Antag att du lik f\u00f6rbaskat r\u00f6star f\u00f6r att ta bort skattereduktionen f\u00f6r fackf\u00f6reningsavgifter. Samtidigt som du l\u00e5ter arbetsgivarna dra av sina medlemsavgifter \u00e4ven i forts\u00e4ttningen. F\u00f6r? R\u00f6star du F\u00d6R den or\u00e4ttvisan?! &hellip; <a href=\"https:\/\/sven-ove.nu\/?p=20689\" class=\"more-link\">Forts\u00e4tt l\u00e4sa <span class=\"screen-reader-text\">Arbetarpartister mot facket<\/span><\/a><\/p>\n","protected":false},"author":1,"featured_media":0,"comment_status":"closed","ping_status":"open","sticky":false,"template":"","format":"standard","meta":{"_crdt_document":"","_monsterinsights_skip_tracking":false,"_monsterinsights_sitenote_active":false,"_monsterinsights_sitenote_note":"","_monsterinsights_sitenote_category":0,"footnotes":""},"categories":[9],"tags":[16,8],"class_list":["post-20689","post","type-post","status-publish","format-standard","hentry","category-politik","tag-dumheter","tag-historia"],"_links":{"self":[{"href":"https:\/\/sven-ove.nu\/index.php?rest_route=\/wp\/v2\/posts\/20689","targetHints":{"allow":["GET"]}}],"collection":[{"href":"https:\/\/sven-ove.nu\/index.php?rest_route=\/wp\/v2\/posts"}],"about":[{"href":"https:\/\/sven-ove.nu\/index.php?rest_route=\/wp\/v2\/types\/post"}],"author":[{"embeddable":true,"href":"https:\/\/sven-ove.nu\/index.php?rest_route=\/wp\/v2\/users\/1"}],"replies":[{"embeddable":true,"href":"https:\/\/sven-ove.nu\/index.php?rest_route=%2Fwp%2Fv2%2Fcomments&post=20689"}],"version-history":[{"count":13,"href":"https:\/\/sven-ove.nu\/index.php?rest_route=\/wp\/v2\/posts\/20689\/revisions"}],"predecessor-version":[{"id":20708,"href":"https:\/\/sven-ove.nu\/index.php?rest_route=\/wp\/v2\/posts\/20689\/revisions\/20708"}],"wp:attachment":[{"href":"https:\/\/sven-ove.nu\/index.php?rest_route=%2Fwp%2Fv2%2Fmedia&parent=20689"}],"wp:term":[{"taxonomy":"category","embeddable":true,"href":"https:\/\/sven-ove.nu\/index.php?rest_route=%2Fwp%2Fv2%2Fcategories&post=20689"},{"taxonomy":"post_tag","embeddable":true,"href":"https:\/\/sven-ove.nu\/index.php?rest_route=%2Fwp%2Fv2%2Ftags&post=20689"}],"curies":[{"name":"wp","href":"https:\/\/api.w.org\/{rel}","templated":true}]}}