{"id":20714,"date":"2019-03-18T04:30:53","date_gmt":"2019-03-18T03:30:53","guid":{"rendered":"http:\/\/sven-ove.nu\/?p=20714"},"modified":"2019-03-16T19:42:03","modified_gmt":"2019-03-16T18:42:03","slug":"forsta-konsumstamman-med-digital-falukorv","status":"publish","type":"post","link":"https:\/\/sven-ove.nu\/?p=20714","title":{"rendered":"F\u00f6rsta konsumst\u00e4mman med digital falukorv"},"content":{"rendered":"<p><a href=\"https:\/\/sven-ove.nu\/wp-content\/uploads\/2019\/03\/Coop-Digital.jpg\"><img loading=\"lazy\" decoding=\"async\" class=\"size-large wp-image-20716 alignnone\" src=\"https:\/\/sven-ove.nu\/wp-content\/uploads\/2019\/03\/Coop-Digital-1024x935.jpg\" alt=\"\" width=\"660\" height=\"603\" srcset=\"https:\/\/sven-ove.nu\/wp-content\/uploads\/2019\/03\/Coop-Digital-1024x935.jpg 1024w, https:\/\/sven-ove.nu\/wp-content\/uploads\/2019\/03\/Coop-Digital-300x274.jpg 300w, https:\/\/sven-ove.nu\/wp-content\/uploads\/2019\/03\/Coop-Digital-768x701.jpg 768w, https:\/\/sven-ove.nu\/wp-content\/uploads\/2019\/03\/Coop-Digital.jpg 1280w\" sizes=\"auto, (max-width: 660px) 100vw, 660px\" \/><\/a><\/p>\n<blockquote><p>I helgen var vi p\u00e5 Konsumst\u00e4mma. N\u00e4stan. Dem har vi g\u00e5tt p\u00e5 sedan 1975. Fast i \u00e5r var det ingen vanlig st\u00e4mma och det muttrade jag om i fjol, n\u00e4r jag fick h\u00f6ra talas om nyordningen.<\/p><\/blockquote>\n<p>S\u00e5h\u00e4r \u00e4r det: traditionell Konsumst\u00e4mma \u00e4r ett lokalt m\u00f6te kring din butik (och n\u00e5gon mer butik om ni har fler p\u00e5 orten). Dit g\u00e5r du f\u00f6r att f\u00e5 ekonomisk rapport, komma med synpunkter och v\u00e4lja ombud. Dessutom fikar ni, f\u00e5r en falukorv och blir underh\u00e5llna. De som kommer \u00e4r i allm\u00e4nhet pension\u00e4rer och bara n\u00e5gra f\u00e5 av er yttrar sig.<\/p>\n<p>Demokratiskt? Absolut. Perfekt? N\u00e5ja.<\/p>\n<p><strong>V\u00e4ljer v\u00e5ra ombud digitalt<br \/>\n<\/strong>I \u00e5r \u00e4r allt \u00e4ndrat. Ingen st\u00e4mma &#8211; men d\u00e4remot medlemsdag i v\u00e5r butik p\u00e5 l\u00f6rdagen. D\u00e5 f\u00e5r vi b\u00f6rja r\u00f6sta digitalt p\u00e5 \u00e4garombud till <span style=\"color: #0000ff;\"><a style=\"color: #0000ff;\" href=\"https:\/\/coopvarmland.se\">Coop V\u00e4rmlands<\/a><\/span> centrala f\u00f6reningsst\u00e4mma. Omr\u00f6stningen p\u00e5g\u00e5r en vecka, b\u00e5de i butik och p\u00e5 webb.<\/p>\n<p>Vi traskar ner till v\u00e5r butik, efter att ha l\u00e4st p\u00e5 webben vilka de sex kandidaterna \u00e4r och vilka tre av dem valberedningen f\u00f6resl\u00e5r. Bokslutet har vi l\u00e4st om i tidningen och studerat p\u00e5 <span style=\"color: #0000ff;\"><a style=\"color: #0000ff;\" href=\"https:\/\/coopvarmland.se\/pressmeddelanden\/coop-varmlands-bokslut-2018-kraftig-resultatforbattring\/\">n\u00e4tet<\/a>.<\/span> Coop V\u00e4rmland har en marknadsandel p\u00e5 46 procent.<\/p>\n<p>Nej, vi \u00e4r inte ett dugg pr\u00e4ktiga, bara m\u00e5na om butiken vi \u00e4ger.<\/p>\n<p><strong>Hinner prata med dem<br \/>\n<\/strong>N\u00e4r vi tittar in \u00e4r alla de f\u00f6reslagna d\u00e4r, utom en. Lokale chefen \u00e4r ocks\u00e5 p\u00e5 plats, liksom Coop V\u00e4rmlands fastighetschef. Vi pratar Konsum med dem allihop, bjuds p\u00e5 korv och br\u00f6d och efter det fika, pratar Konsumkort och medlemskap. M\u00e5nga har varit h\u00e4r och tr\u00e4ffat kandidaterna, framf\u00f6r allt m\u00e5nga fler yngre \u00e4n p\u00e5 en vanlig st\u00e4mma. H\u00e4r kan vi dessutom prata med dem i lugn och ro, det hann vi aldrig p\u00e5 de forna st\u00e4mmorna.<\/p>\n<p>Efter att vi sk\u00e4mtat och pratat allvar med kandidater och andra g\u00e5r min fru till den stora butikssk\u00e4rmen de kallar medlemspunkten, f\u00f6r att logga in och r\u00f6sta. Sj\u00e4lv \u00e4r jag bara \u201dh\u00e4ngmedlem\u201d uppt\u00e4cker jag. Det f\u00e5r vi \u00e4ndra p\u00e5 till n\u00e4sta \u00e5r, karlar ska ocks\u00e5 ha r\u00f6str\u00e4tt, vi skriver \u00e4nd\u00e5 2000-tal.<\/p>\n<p>Vore vi inte datorvana skulle vi ha f\u00e5tt hj\u00e4lp med hur man drar kortet och loggar in. Sedan \u00e4r omr\u00f6stningen p\u00e5 sk\u00e4rmen sj\u00e4lvinstruerande.<\/p>\n<p>Falukorv f\u00e5r vi ingen. Vi f\u00e5r 4\u00a0000 po\u00e4ng efter att ha r\u00f6stat. Det r\u00e4cker till en \u2013 falukorv.<\/p>\n<p><strong>Jag har slutat<br \/>\n<\/strong>Demokratiskt? Ja. Perfekt? N\u00e5ja. B\u00e4ttre \u00e4n de vanliga st\u00e4mmorna? \u00c5tminstone p\u00e5 n\u00e5gra punkter:<\/p>\n<p>1. Vi hinner prata med kandidater, butikschef och fastighetschef i lugn och ro, \u00f6ga mot \u00f6ga. Det kunde vi aldrig p\u00e5 st\u00e4mmorna.<\/p>\n<p>2. Nu n\u00e5r det betydligt fler och inte minst m\u00e5nga fler yngre m\u00e4nniskor \u00e4n de vanliga konsumst\u00e4mmer\u00e4varna. Medlemsdagen varar ju klockan 10.00-16.00.<\/p>\n<p>3. Omr\u00f6stningen p\u00e5g\u00e5r i flera dagar. Missade du st\u00e4mman f\u00f6rr, s\u00e5 hade du ingen chans att vara med och v\u00e4lja.<\/p>\n<p>Jag har slutat muttra.<\/p>\n<p style=\"padding-left: 30px;\"><em><span style=\"color: #ff6600;\"><strong>###<\/strong><\/span> Den som inte har n\u00e5gon dator eller smartphone d\u00e5, och inte kan l\u00e4sa p\u00e5 coopvarmland.se och Facebook om medlemsdagen? Svar: inbjudan fanns \u00e4ven i v\u00e5rt lokala annonsblad (se bilden ovan).<br \/>\n<\/em><em><strong><span style=\"color: #ff6600;\">###<\/span><\/strong> Jamen hur kan du r\u00f6sta om du inte har dator eller klokmobil? Svar: p\u00e5 butikssk\u00e4rmen, medlemspunkten. Medlemskort har du och n\u00e4r de visat dig hur du loggar in \u00e4r det l\u00e4tt att be dem g\u00e5 undan, s\u00e5 du kan r\u00f6sta.<br \/>\n<\/em><em><strong><span style=\"color: #ff6600;\">###<\/span><\/strong> Saknar du inte underh\u00e5llningen? Uppriktigt sagt nej. D\u00e5 har jag \u00e4nd\u00e5 varit underh\u00e5llare sj\u00e4lv en g\u00e5ng, p\u00e5 en st\u00e4mma.<br \/>\n<\/em><em><strong><span style=\"color: #ff6600;\">###<\/span><\/strong> \u00c4r det inte bra n\u00e4r folk kan tr\u00e4ffas, ansikte mot ansikte?<\/em><\/p>\n<p style=\"padding-left: 30px;\"><em>Jo.<\/em><\/p>\n<p><span style=\"color: #0000ff;\"><a style=\"color: #0000ff;\" href=\"https:\/\/sven-ove.nu\/?page_id=170\">Om mig<\/a><\/span>\u00a0|\u00a0<span style=\"color: #0000ff;\"><em><a style=\"color: #0000ff;\" href=\"https:\/\/sven-ove.nu\/?page_id=15638\">Kr\u00f6nikor kring kooperationens historia<\/a><\/em><\/span><br \/>\n<em>Inl\u00e4gg nr 1\u00a0936. (c) Sven-Ove Svensson (men dela g\u00e4rna)<\/em><\/p>\n","protected":false},"excerpt":{"rendered":"<p>I helgen var vi p\u00e5 Konsumst\u00e4mma. N\u00e4stan. Dem har vi g\u00e5tt p\u00e5 sedan 1975. Fast i \u00e5r var det ingen vanlig st\u00e4mma och det muttrade jag om i fjol, n\u00e4r jag fick h\u00f6ra talas om nyordningen. S\u00e5h\u00e4r \u00e4r det: traditionell Konsumst\u00e4mma \u00e4r ett lokalt m\u00f6te kring din butik (och n\u00e5gon mer butik om ni har &hellip; <a href=\"https:\/\/sven-ove.nu\/?p=20714\" class=\"more-link\">Forts\u00e4tt l\u00e4sa <span class=\"screen-reader-text\">F\u00f6rsta konsumst\u00e4mman med digital falukorv<\/span><\/a><\/p>\n","protected":false},"author":1,"featured_media":0,"comment_status":"closed","ping_status":"open","sticky":false,"template":"","format":"standard","meta":{"_crdt_document":"","_monsterinsights_skip_tracking":false,"_monsterinsights_sitenote_active":false,"_monsterinsights_sitenote_note":"","_monsterinsights_sitenote_category":0,"footnotes":""},"categories":[10],"tags":[8,18,17,13],"class_list":["post-20714","post","type-post","status-publish","format-standard","hentry","category-familjen","tag-historia","tag-lardomar","tag-solidaritet","tag-utrustning"],"_links":{"self":[{"href":"https:\/\/sven-ove.nu\/index.php?rest_route=\/wp\/v2\/posts\/20714","targetHints":{"allow":["GET"]}}],"collection":[{"href":"https:\/\/sven-ove.nu\/index.php?rest_route=\/wp\/v2\/posts"}],"about":[{"href":"https:\/\/sven-ove.nu\/index.php?rest_route=\/wp\/v2\/types\/post"}],"author":[{"embeddable":true,"href":"https:\/\/sven-ove.nu\/index.php?rest_route=\/wp\/v2\/users\/1"}],"replies":[{"embeddable":true,"href":"https:\/\/sven-ove.nu\/index.php?rest_route=%2Fwp%2Fv2%2Fcomments&post=20714"}],"version-history":[{"count":6,"href":"https:\/\/sven-ove.nu\/index.php?rest_route=\/wp\/v2\/posts\/20714\/revisions"}],"predecessor-version":[{"id":20717,"href":"https:\/\/sven-ove.nu\/index.php?rest_route=\/wp\/v2\/posts\/20714\/revisions\/20717"}],"wp:attachment":[{"href":"https:\/\/sven-ove.nu\/index.php?rest_route=%2Fwp%2Fv2%2Fmedia&parent=20714"}],"wp:term":[{"taxonomy":"category","embeddable":true,"href":"https:\/\/sven-ove.nu\/index.php?rest_route=%2Fwp%2Fv2%2Fcategories&post=20714"},{"taxonomy":"post_tag","embeddable":true,"href":"https:\/\/sven-ove.nu\/index.php?rest_route=%2Fwp%2Fv2%2Ftags&post=20714"}],"curies":[{"name":"wp","href":"https:\/\/api.w.org\/{rel}","templated":true}]}}