{"id":20722,"date":"2019-03-20T08:15:20","date_gmt":"2019-03-20T07:15:20","guid":{"rendered":"http:\/\/sven-ove.nu\/?p=20722"},"modified":"2019-03-20T09:05:22","modified_gmt":"2019-03-20T08:05:22","slug":"varldens-vagor","status":"publish","type":"post","link":"https:\/\/sven-ove.nu\/?p=20722","title":{"rendered":"V\u00e4rldens v\u00e5gor"},"content":{"rendered":"<p><a href=\"https:\/\/sven-ove.nu\/wp-content\/uploads\/2019\/03\/Tes.jpg\"><img loading=\"lazy\" decoding=\"async\" class=\"size-large wp-image-20723 alignnone\" src=\"https:\/\/sven-ove.nu\/wp-content\/uploads\/2019\/03\/Tes-1024x1024.jpg\" alt=\"\" width=\"660\" height=\"660\" srcset=\"https:\/\/sven-ove.nu\/wp-content\/uploads\/2019\/03\/Tes-1024x1024.jpg 1024w, https:\/\/sven-ove.nu\/wp-content\/uploads\/2019\/03\/Tes-150x150.jpg 150w, https:\/\/sven-ove.nu\/wp-content\/uploads\/2019\/03\/Tes-300x300.jpg 300w, https:\/\/sven-ove.nu\/wp-content\/uploads\/2019\/03\/Tes-768x768.jpg 768w, https:\/\/sven-ove.nu\/wp-content\/uploads\/2019\/03\/Tes.jpg 1280w\" sizes=\"auto, (max-width: 660px) 100vw, 660px\" \/><\/a><\/p>\n<p style=\"padding-left: 30px;\"><em>Tes.<\/em><\/p>\n<p><strong>TES<\/strong>: F\u00f6rst var det v\u00e4nsterv\u00e5g. Debattb\u00f6cker, inspirat\u00f6rer, demonstrationer. \u201dSatsa p\u00e5 solidaritet\u201d.<br \/>\nGrupper bodde i kollektiv, delade ut flygblad f\u00f6r att g\u00f6ra v\u00e4rlden r\u00e4ttvis.<\/p>\n<p><strong>ANTITES<\/strong>: D\u00e5 svarade h\u00f6gern. Debattb\u00f6cker, inspirat\u00f6rer, demonstrationer. \u201dSatsa p\u00e5 dig sj\u00e4lv\u201d.<br \/>\nIndivider plutade med munnen i speglar, tog kort p\u00e5 det och delade.<\/p>\n<p><strong>F\u00d6RSLAG TILL SYNTES<\/strong>: \u201dEtt solidariskt kollektiv blir starkt n\u00e4r det till\u00e5ter individen att vara individ.\u00a0Inom kollektivet\u201d.<\/p>\n<p>Nog med f\u00f6rslag?<br \/>\nOrdet \u00e4r fritt.<\/p>\n<p><span style=\"color: #0000ff;\"><a style=\"color: #0000ff;\" href=\"https:\/\/sven-ove.nu\/?page_id=170\">Om mig<\/a>\u00a0<\/span>|\u00a0<span style=\"color: #0000ff;\"><a style=\"color: #0000ff;\" href=\"https:\/\/sven-ove.nu\/?p=20642\">Flickan med fl\u00e4torna och f\u00f6rnekarnas flyktingstr\u00f6mmar<\/a><\/span><br \/>\n<em>Inl\u00e4gg nr 1\u00a0937. (c) Sven-Ove Svensson (men dela g\u00e4rna)<\/em><\/p>\n","protected":false},"excerpt":{"rendered":"<p>Tes. TES: F\u00f6rst var det v\u00e4nsterv\u00e5g. Debattb\u00f6cker, inspirat\u00f6rer, demonstrationer. \u201dSatsa p\u00e5 solidaritet\u201d. Grupper bodde i kollektiv, delade ut flygblad f\u00f6r att g\u00f6ra v\u00e4rlden r\u00e4ttvis. ANTITES: D\u00e5 svarade h\u00f6gern. Debattb\u00f6cker, inspirat\u00f6rer, demonstrationer. \u201dSatsa p\u00e5 dig sj\u00e4lv\u201d. Individer plutade med munnen i speglar, tog kort p\u00e5 det och delade. F\u00d6RSLAG TILL SYNTES: \u201dEtt solidariskt kollektiv blir starkt &hellip; <a href=\"https:\/\/sven-ove.nu\/?p=20722\" class=\"more-link\">Forts\u00e4tt l\u00e4sa <span class=\"screen-reader-text\">V\u00e4rldens v\u00e5gor<\/span><\/a><\/p>\n","protected":false},"author":1,"featured_media":0,"comment_status":"closed","ping_status":"open","sticky":false,"template":"","format":"standard","meta":{"_crdt_document":"","_monsterinsights_skip_tracking":false,"_monsterinsights_sitenote_active":false,"_monsterinsights_sitenote_note":"","_monsterinsights_sitenote_category":0,"footnotes":""},"categories":[9],"tags":[8,18,17],"class_list":["post-20722","post","type-post","status-publish","format-standard","hentry","category-politik","tag-historia","tag-lardomar","tag-solidaritet"],"_links":{"self":[{"href":"https:\/\/sven-ove.nu\/index.php?rest_route=\/wp\/v2\/posts\/20722","targetHints":{"allow":["GET"]}}],"collection":[{"href":"https:\/\/sven-ove.nu\/index.php?rest_route=\/wp\/v2\/posts"}],"about":[{"href":"https:\/\/sven-ove.nu\/index.php?rest_route=\/wp\/v2\/types\/post"}],"author":[{"embeddable":true,"href":"https:\/\/sven-ove.nu\/index.php?rest_route=\/wp\/v2\/users\/1"}],"replies":[{"embeddable":true,"href":"https:\/\/sven-ove.nu\/index.php?rest_route=%2Fwp%2Fv2%2Fcomments&post=20722"}],"version-history":[{"count":7,"href":"https:\/\/sven-ove.nu\/index.php?rest_route=\/wp\/v2\/posts\/20722\/revisions"}],"predecessor-version":[{"id":20730,"href":"https:\/\/sven-ove.nu\/index.php?rest_route=\/wp\/v2\/posts\/20722\/revisions\/20730"}],"wp:attachment":[{"href":"https:\/\/sven-ove.nu\/index.php?rest_route=%2Fwp%2Fv2%2Fmedia&parent=20722"}],"wp:term":[{"taxonomy":"category","embeddable":true,"href":"https:\/\/sven-ove.nu\/index.php?rest_route=%2Fwp%2Fv2%2Fcategories&post=20722"},{"taxonomy":"post_tag","embeddable":true,"href":"https:\/\/sven-ove.nu\/index.php?rest_route=%2Fwp%2Fv2%2Ftags&post=20722"}],"curies":[{"name":"wp","href":"https:\/\/api.w.org\/{rel}","templated":true}]}}