{"id":2073,"date":"2012-05-04T06:11:44","date_gmt":"2012-05-04T05:11:44","guid":{"rendered":"http:\/\/sven-ove.nu\/?p=2073"},"modified":"2012-05-04T06:11:44","modified_gmt":"2012-05-04T05:11:44","slug":"militant-bondfornuftig-arbetarmoralist","status":"publish","type":"post","link":"https:\/\/sven-ove.nu\/?p=2073","title":{"rendered":"Militant bondf\u00f6rnuftig arbetarmoralist"},"content":{"rendered":"<p>Jag \u00e4r en militant j\u00e4kel. Jag tycker vi ska komma \u00f6verens om att bondf\u00f6rnuft och hederlig arbetarmoral ska g\u00e4lla i varje grupp av m\u00e4nniskor p\u00e5 denna jord. Det tror jag h\u00e5rt p\u00e5.<\/p>\n<p>Allts\u00e5 var det r\u00e4tt av vietnameserna att sl\u00e4nga ut fransm\u00e4n och amerikaner, n\u00e4r dessa ockuperade deras land. Det var r\u00e4tt att st\u00e4lla sig framf\u00f6r stridsvagnarna och f\u00f6rs\u00f6ka hindra dem i Prag 1968 och p\u00e5 Himmelska fridens torg 1989.<\/p>\n<p>Men det var inte r\u00e4tt att kasta \u00e4gg p\u00e5 den amerikanske ambassad\u00f6rens bil i Glanshammar 1970, fast han representerade bomberna mot Vietnam.\u00a0<em>(Man trampar inte i maten! som farfar Einar brukade s\u00e4ga).<\/em> Och det var sannerligen ingen klok och bra barnuppfostran av V\u00e4nsterpartiet i Malm\u00f6 att l\u00e5ta barnen p\u00e5 deras f\u00f6rsta maj-firande g\u00e5 l\u00f6s med slagtr\u00e4n p\u00e5 en bild av centerledaren Annie L\u00f6\u00f6f.\u00a0Partier b\u00f6r inte befinna sig i puberteten, svenska folkets \u00f6de \u00e4r f\u00f6r allvarligt f\u00f6r det.<\/p>\n<p><a href=\"http:\/\/www.aftonbladet.se\/nyheter\/article14770881.ab\" target=\"_blank\"><img loading=\"lazy\" decoding=\"async\" title=\"Aftonbladet.se 3 maj 2012.\" src=\"https:\/\/sven-ove.nu\/wp-content\/uploads\/2012\/05\/Aftonbladet.se-3-maj-2012.-300x298.png\" alt=\"\" width=\"300\" height=\"298\" \/><\/a><\/p>\n<p style=\"padding-left: 30px;\"><strong>T\u00e5rtan i form av den svarta kvinnan som skars s\u00f6nder i underlivet, medan omgivningen p\u00e5 Moderna museet storskrattade och fotograferade.<\/strong><\/p>\n<p style=\"padding-left: 30px;\"><strong>Annie L\u00f6\u00f6f-bilden hos V\u00e4nsterpartiet i Malm\u00f6 som\u00a0<a href=\"http:\/\/www.aftonbladet.se\/nyheter\/article14770881.ab\">bonkades s\u00f6nder<\/a> och samman i skallen av barn, medan omgivningen storskrattade och fotograferade.<\/strong><\/p>\n<p>Samma dumheter \u00f6verallt, samma obefogade v\u00e5ld.<br \/>\nVarf\u00f6r st\u00e4llde ingen sig i v\u00e4gen d\u00e4r? Det\u00a0<strong>\u00e4r<\/strong> r\u00e4tt att g\u00f6ra uppror.<\/p>\n","protected":false},"excerpt":{"rendered":"<p>Jag \u00e4r en militant j\u00e4kel. Jag tycker vi ska komma \u00f6verens om att bondf\u00f6rnuft och hederlig arbetarmoral ska g\u00e4lla i varje grupp av m\u00e4nniskor p\u00e5 denna jord. Det tror jag h\u00e5rt p\u00e5. Allts\u00e5 var det r\u00e4tt av vietnameserna att sl\u00e4nga ut fransm\u00e4n och amerikaner, n\u00e4r dessa ockuperade deras land. Det var r\u00e4tt att st\u00e4lla sig &hellip; <a href=\"https:\/\/sven-ove.nu\/?p=2073\" class=\"more-link\">Forts\u00e4tt l\u00e4sa <span class=\"screen-reader-text\">Militant bondf\u00f6rnuftig arbetarmoralist<\/span><\/a><\/p>\n","protected":false},"author":1,"featured_media":0,"comment_status":"open","ping_status":"open","sticky":false,"template":"","format":"standard","meta":{"_crdt_document":"","_monsterinsights_skip_tracking":false,"_monsterinsights_sitenote_active":false,"_monsterinsights_sitenote_note":"","_monsterinsights_sitenote_category":0,"footnotes":""},"categories":[9],"tags":[16,17],"class_list":["post-2073","post","type-post","status-publish","format-standard","hentry","category-politik","tag-dumheter","tag-solidaritet"],"_links":{"self":[{"href":"https:\/\/sven-ove.nu\/index.php?rest_route=\/wp\/v2\/posts\/2073","targetHints":{"allow":["GET"]}}],"collection":[{"href":"https:\/\/sven-ove.nu\/index.php?rest_route=\/wp\/v2\/posts"}],"about":[{"href":"https:\/\/sven-ove.nu\/index.php?rest_route=\/wp\/v2\/types\/post"}],"author":[{"embeddable":true,"href":"https:\/\/sven-ove.nu\/index.php?rest_route=\/wp\/v2\/users\/1"}],"replies":[{"embeddable":true,"href":"https:\/\/sven-ove.nu\/index.php?rest_route=%2Fwp%2Fv2%2Fcomments&post=2073"}],"version-history":[{"count":1,"href":"https:\/\/sven-ove.nu\/index.php?rest_route=\/wp\/v2\/posts\/2073\/revisions"}],"predecessor-version":[{"id":2074,"href":"https:\/\/sven-ove.nu\/index.php?rest_route=\/wp\/v2\/posts\/2073\/revisions\/2074"}],"wp:attachment":[{"href":"https:\/\/sven-ove.nu\/index.php?rest_route=%2Fwp%2Fv2%2Fmedia&parent=2073"}],"wp:term":[{"taxonomy":"category","embeddable":true,"href":"https:\/\/sven-ove.nu\/index.php?rest_route=%2Fwp%2Fv2%2Fcategories&post=2073"},{"taxonomy":"post_tag","embeddable":true,"href":"https:\/\/sven-ove.nu\/index.php?rest_route=%2Fwp%2Fv2%2Ftags&post=2073"}],"curies":[{"name":"wp","href":"https:\/\/api.w.org\/{rel}","templated":true}]}}