{"id":20732,"date":"2019-03-27T05:16:43","date_gmt":"2019-03-27T04:16:43","guid":{"rendered":"http:\/\/sven-ove.nu\/?p=20732"},"modified":"2019-03-26T13:22:03","modified_gmt":"2019-03-26T12:22:03","slug":"handen-har-en-snallsida","status":"publish","type":"post","link":"https:\/\/sven-ove.nu\/?p=20732","title":{"rendered":"Handen har en sn\u00e4llsida"},"content":{"rendered":"<p><a href=\"https:\/\/sven-ove.nu\/wp-content\/uploads\/2019\/01\/Ormen.jpg\"><img loading=\"lazy\" decoding=\"async\" class=\"size-large wp-image-20458 alignnone\" src=\"https:\/\/sven-ove.nu\/wp-content\/uploads\/2019\/01\/Ormen-1024x1024.jpg\" alt=\"\" width=\"660\" height=\"660\" srcset=\"https:\/\/sven-ove.nu\/wp-content\/uploads\/2019\/01\/Ormen-1024x1024.jpg 1024w, https:\/\/sven-ove.nu\/wp-content\/uploads\/2019\/01\/Ormen-150x150.jpg 150w, https:\/\/sven-ove.nu\/wp-content\/uploads\/2019\/01\/Ormen-300x300.jpg 300w, https:\/\/sven-ove.nu\/wp-content\/uploads\/2019\/01\/Ormen-768x768.jpg 768w, https:\/\/sven-ove.nu\/wp-content\/uploads\/2019\/01\/Ormen.jpg 1280w\" sizes=\"auto, (max-width: 660px) 100vw, 660px\" \/><\/a><\/p>\n<blockquote><p>M\u00e4n som sl\u00e5r kvinnor \u00e4r v\u00e4rda f\u00f6rakt.<\/p>\n<p>Slagsk\u00e4mpar som blivit hj\u00e4ltar p\u00e5 scenen \u00e4r fortfarande slagsk\u00e4mpar.<\/p><\/blockquote>\n<p>Om detta har andra skrivit mycket b\u00e4ttre \u00e4n vad jag f\u00f6rm\u00e5r de senaste dagarna, men givetvis \u00e4r den sortens v\u00e5ld s\u00e4rskilt f\u00f6rf\u00e4rligt.<\/p>\n<p>P\u00e5 den h\u00e4r webbplatsen finns en fast avdelning som heter Politik. Den b\u00f6rjar med orden:<\/p>\n<p style=\"padding-left: 30px;\"><em>Frihet.<br \/>\nJ\u00e4mlikhet.<br \/>\nBroderskap.<\/em><\/p>\n<p style=\"padding-left: 30px;\"><em>Systerskap.<\/em><\/p>\n<p>Jag har inte \u00e4ndrat mig. Med \u00e5ren blir jag mer och mer \u00f6vertygad om att min sorts dr\u00f6mda demokratiska samh\u00e4lle kr\u00e4ver allt det, all den sortens folkvett. B\u00e5de i den stora och i den lilla v\u00e4rlden.<\/p>\n<p><span style=\"color: #0000ff;\"><a style=\"color: #0000ff;\" href=\"https:\/\/sven-ove.nu\/?page_id=100\">Politiksidan<\/a><\/span>\u00a0forts\u00e4tter:<\/p>\n<p style=\"padding-left: 30px;\"><em>R\u00e4ttvisa.<br \/>\nDemokrati.<br \/>\nSolidaritet.<\/em><\/p>\n<p style=\"padding-left: 30px;\"><em>Humor.<br \/>\nK\u00e4rlek.<br \/>\nH\u00e5llbar omsorg om natur och kultur.<\/em><\/p>\n<p style=\"padding-left: 30px;\"><em>\u2026 och d\u00e5 och d\u00e5 ett roat sm\u00e5skratt underifr\u00e5n \u00e5t \u00f6verheten.<br \/>\nEller varf\u00f6r inte storskratt?<\/em><\/p>\n<p style=\"padding-left: 30px;\"><em>De \u00e4r s\u00e5 s\u00f6ta, de sm\u00e5 n\u00e4ringsliven, n\u00e4r de kivas om grindslantarna i livet.<\/em><\/p>\n<p>Jag har inte \u00e4ndrat mig p\u00e5 n\u00e5gon av punkterna.<br \/>\nHanden har en sn\u00e4llsida.<\/p>\n<p><span style=\"color: #0000ff;\"><a style=\"color: #0000ff;\" href=\"https:\/\/sven-ove.nu\/?page_id=170\">Om mig<\/a><\/span>\u00a0|\u00a0<span style=\"color: #0000ff;\"><a style=\"color: #0000ff;\" href=\"https:\/\/sven-ove.nu\/?p=20642\">Flickan med fl\u00e4torna och f\u00f6rnekarnas flyktingstr\u00f6mmar<\/a><\/span><br \/>\n<em>Inl\u00e4gg nr 1\u00a0938. (c) Sven-Ove Svensson (men dela g\u00e4rna)<\/em><\/p>\n","protected":false},"excerpt":{"rendered":"<p>M\u00e4n som sl\u00e5r kvinnor \u00e4r v\u00e4rda f\u00f6rakt. Slagsk\u00e4mpar som blivit hj\u00e4ltar p\u00e5 scenen \u00e4r fortfarande slagsk\u00e4mpar. Om detta har andra skrivit mycket b\u00e4ttre \u00e4n vad jag f\u00f6rm\u00e5r de senaste dagarna, men givetvis \u00e4r den sortens v\u00e5ld s\u00e4rskilt f\u00f6rf\u00e4rligt. P\u00e5 den h\u00e4r webbplatsen finns en fast avdelning som heter Politik. Den b\u00f6rjar med orden: Frihet. J\u00e4mlikhet. &hellip; <a href=\"https:\/\/sven-ove.nu\/?p=20732\" class=\"more-link\">Forts\u00e4tt l\u00e4sa <span class=\"screen-reader-text\">Handen har en sn\u00e4llsida<\/span><\/a><\/p>\n","protected":false},"author":1,"featured_media":0,"comment_status":"closed","ping_status":"open","sticky":false,"template":"","format":"standard","meta":{"_crdt_document":"","_monsterinsights_skip_tracking":false,"_monsterinsights_sitenote_active":false,"_monsterinsights_sitenote_note":"","_monsterinsights_sitenote_category":0,"footnotes":""},"categories":[9],"tags":[16,24,17],"class_list":["post-20732","post","type-post","status-publish","format-standard","hentry","category-politik","tag-dumheter","tag-karlek","tag-solidaritet"],"_links":{"self":[{"href":"https:\/\/sven-ove.nu\/index.php?rest_route=\/wp\/v2\/posts\/20732","targetHints":{"allow":["GET"]}}],"collection":[{"href":"https:\/\/sven-ove.nu\/index.php?rest_route=\/wp\/v2\/posts"}],"about":[{"href":"https:\/\/sven-ove.nu\/index.php?rest_route=\/wp\/v2\/types\/post"}],"author":[{"embeddable":true,"href":"https:\/\/sven-ove.nu\/index.php?rest_route=\/wp\/v2\/users\/1"}],"replies":[{"embeddable":true,"href":"https:\/\/sven-ove.nu\/index.php?rest_route=%2Fwp%2Fv2%2Fcomments&post=20732"}],"version-history":[{"count":5,"href":"https:\/\/sven-ove.nu\/index.php?rest_route=\/wp\/v2\/posts\/20732\/revisions"}],"predecessor-version":[{"id":20737,"href":"https:\/\/sven-ove.nu\/index.php?rest_route=\/wp\/v2\/posts\/20732\/revisions\/20737"}],"wp:attachment":[{"href":"https:\/\/sven-ove.nu\/index.php?rest_route=%2Fwp%2Fv2%2Fmedia&parent=20732"}],"wp:term":[{"taxonomy":"category","embeddable":true,"href":"https:\/\/sven-ove.nu\/index.php?rest_route=%2Fwp%2Fv2%2Fcategories&post=20732"},{"taxonomy":"post_tag","embeddable":true,"href":"https:\/\/sven-ove.nu\/index.php?rest_route=%2Fwp%2Fv2%2Ftags&post=20732"}],"curies":[{"name":"wp","href":"https:\/\/api.w.org\/{rel}","templated":true}]}}