{"id":20774,"date":"2019-04-08T04:06:40","date_gmt":"2019-04-08T03:06:40","guid":{"rendered":"http:\/\/sven-ove.nu\/?p=20774"},"modified":"2019-04-07T17:08:52","modified_gmt":"2019-04-07T16:08:52","slug":"tre-valmenta-ord","status":"publish","type":"post","link":"https:\/\/sven-ove.nu\/?p=20774","title":{"rendered":"Tre v\u00e4lmenta ord"},"content":{"rendered":"<p><a href=\"https:\/\/sven-ove.nu\/wp-content\/uploads\/2019\/04\/Skriet.jpg\"><img loading=\"lazy\" decoding=\"async\" class=\"size-large wp-image-20776 alignnone\" src=\"https:\/\/sven-ove.nu\/wp-content\/uploads\/2019\/04\/Skriet-1024x1024.jpg\" alt=\"\" width=\"660\" height=\"660\" srcset=\"https:\/\/sven-ove.nu\/wp-content\/uploads\/2019\/04\/Skriet-1024x1024.jpg 1024w, https:\/\/sven-ove.nu\/wp-content\/uploads\/2019\/04\/Skriet-150x150.jpg 150w, https:\/\/sven-ove.nu\/wp-content\/uploads\/2019\/04\/Skriet-300x300.jpg 300w, https:\/\/sven-ove.nu\/wp-content\/uploads\/2019\/04\/Skriet-768x768.jpg 768w, https:\/\/sven-ove.nu\/wp-content\/uploads\/2019\/04\/Skriet.jpg 1080w\" sizes=\"auto, (max-width: 660px) 100vw, 660px\" \/><\/a><\/p>\n<blockquote><p>Vila i frid, skriver folk. RIP p\u00e5 f\u00f6rkortningsengelska. Det \u00e4r v\u00e4lment, varmt och of\u00f6rargligt. Jag tycker om medk\u00e4nslan, sj\u00e4lv fumlig med orden n\u00e4r tr\u00f6st ska ges.<\/p><\/blockquote>\n<p>D\u00f6den \u00e4r ingen bra spr\u00e5kpedagog.<\/p>\n<p>\u00c4nd\u00e5 kan jag inte f\u00e5 tanken ur skallen. Tror de att det finns folk som inte f\u00e5r vila? Tror de att somliga d\u00f6da \u00e4r uppe och r\u00e4nner om n\u00e4tterna? De som <em>inte<\/em> vilar i frid.<\/p>\n<p>K\u00e4ra n\u00e5n, alla dessa tankar som man t\u00e4nker.<\/p>\n<p><span style=\"color: #0000ff;\"><a style=\"color: #0000ff;\" href=\"https:\/\/sven-ove.nu\/?page_id=170\">Om mig<\/a><\/span>\u00a0|\u00a0<span style=\"color: #0000ff;\"><a style=\"color: #0000ff;\" href=\"https:\/\/sven-ove.nu\/?p=20642\">Flickan med fl\u00e4torna och f\u00f6rnekarnas flyktingstr\u00f6mmar<\/a><\/span><br \/>\n<em>Inl\u00e4gg nr 1\u00a0942. (c) Sven-Ove Svensson (men dela g\u00e4rna)<\/em><\/p>\n","protected":false},"excerpt":{"rendered":"<p>Vila i frid, skriver folk. RIP p\u00e5 f\u00f6rkortningsengelska. Det \u00e4r v\u00e4lment, varmt och of\u00f6rargligt. Jag tycker om medk\u00e4nslan, sj\u00e4lv fumlig med orden n\u00e4r tr\u00f6st ska ges. D\u00f6den \u00e4r ingen bra spr\u00e5kpedagog. \u00c4nd\u00e5 kan jag inte f\u00e5 tanken ur skallen. Tror de att det finns folk som inte f\u00e5r vila? Tror de att somliga d\u00f6da \u00e4r &hellip; <a href=\"https:\/\/sven-ove.nu\/?p=20774\" class=\"more-link\">Forts\u00e4tt l\u00e4sa <span class=\"screen-reader-text\">Tre v\u00e4lmenta ord<\/span><\/a><\/p>\n","protected":false},"author":1,"featured_media":0,"comment_status":"closed","ping_status":"open","sticky":false,"template":"","format":"standard","meta":{"_crdt_document":"","_monsterinsights_skip_tracking":false,"_monsterinsights_sitenote_active":false,"_monsterinsights_sitenote_note":"","_monsterinsights_sitenote_category":0,"footnotes":""},"categories":[4],"tags":[24,21],"class_list":["post-20774","post","type-post","status-publish","format-standard","hentry","category-skrivande","tag-karlek","tag-ord"],"_links":{"self":[{"href":"https:\/\/sven-ove.nu\/index.php?rest_route=\/wp\/v2\/posts\/20774","targetHints":{"allow":["GET"]}}],"collection":[{"href":"https:\/\/sven-ove.nu\/index.php?rest_route=\/wp\/v2\/posts"}],"about":[{"href":"https:\/\/sven-ove.nu\/index.php?rest_route=\/wp\/v2\/types\/post"}],"author":[{"embeddable":true,"href":"https:\/\/sven-ove.nu\/index.php?rest_route=\/wp\/v2\/users\/1"}],"replies":[{"embeddable":true,"href":"https:\/\/sven-ove.nu\/index.php?rest_route=%2Fwp%2Fv2%2Fcomments&post=20774"}],"version-history":[{"count":3,"href":"https:\/\/sven-ove.nu\/index.php?rest_route=\/wp\/v2\/posts\/20774\/revisions"}],"predecessor-version":[{"id":20777,"href":"https:\/\/sven-ove.nu\/index.php?rest_route=\/wp\/v2\/posts\/20774\/revisions\/20777"}],"wp:attachment":[{"href":"https:\/\/sven-ove.nu\/index.php?rest_route=%2Fwp%2Fv2%2Fmedia&parent=20774"}],"wp:term":[{"taxonomy":"category","embeddable":true,"href":"https:\/\/sven-ove.nu\/index.php?rest_route=%2Fwp%2Fv2%2Fcategories&post=20774"},{"taxonomy":"post_tag","embeddable":true,"href":"https:\/\/sven-ove.nu\/index.php?rest_route=%2Fwp%2Fv2%2Ftags&post=20774"}],"curies":[{"name":"wp","href":"https:\/\/api.w.org\/{rel}","templated":true}]}}