{"id":20784,"date":"2019-04-14T04:13:38","date_gmt":"2019-04-14T03:13:38","guid":{"rendered":"http:\/\/sven-ove.nu\/?p=20784"},"modified":"2019-04-16T08:10:14","modified_gmt":"2019-04-16T07:10:14","slug":"pa-date-med-min-obesvarade-karlek","status":"publish","type":"post","link":"https:\/\/sven-ove.nu\/?p=20784","title":{"rendered":"Tr\u00e4ff med min obesvarade k\u00e4rlek"},"content":{"rendered":"<p><a href=\"https:\/\/sven-ove.nu\/wp-content\/uploads\/2019\/04\/M\u00e5lg\u00e4rdet.jpg\"><img loading=\"lazy\" decoding=\"async\" class=\"size-large wp-image-20786 alignnone\" src=\"https:\/\/sven-ove.nu\/wp-content\/uploads\/2019\/04\/M\u00e5lg\u00e4rdet-1024x1024.jpg\" alt=\"\" width=\"660\" height=\"660\" srcset=\"https:\/\/sven-ove.nu\/wp-content\/uploads\/2019\/04\/M\u00e5lg\u00e4rdet-1024x1024.jpg 1024w, https:\/\/sven-ove.nu\/wp-content\/uploads\/2019\/04\/M\u00e5lg\u00e4rdet-150x150.jpg 150w, https:\/\/sven-ove.nu\/wp-content\/uploads\/2019\/04\/M\u00e5lg\u00e4rdet-300x300.jpg 300w, https:\/\/sven-ove.nu\/wp-content\/uploads\/2019\/04\/M\u00e5lg\u00e4rdet-768x768.jpg 768w, https:\/\/sven-ove.nu\/wp-content\/uploads\/2019\/04\/M\u00e5lg\u00e4rdet.jpg 1280w\" sizes=\"auto, (max-width: 660px) 100vw, 660px\" \/><\/a><\/p>\n<blockquote><p>T\u00e4nk om det finns fler obesvarade k\u00e4rlekar i v\u00e4rlden \u00e4n besvarade. Vilken hemsk tanke.<br \/>\nNu har jag varit hos min, den obesvarade.<br \/>\nHon h\u00e4lsar och ler.<\/p><\/blockquote>\n<p>Det var bra l\u00e4nge sedan, men nu ska det ske. L\u00f6rdagsmorgonen \u00e4r krispig, p\u00e5 Grossbolstorp har vi is p\u00e5 bilrutorna. Ryggs\u00e4cken \u00e4r packad sedan i g\u00e5r kv\u00e4ll, \u00e4ven extratr\u00f6ja och f\u00f6rstoringsglas. Jag vaknar vid sextiden, pirrig, drygt en halvtimme f\u00f6re v\u00e4ckarklockan. Fyller termos och sm\u00f6rg\u00e5sl\u00e5da och l\u00e4gger ner dem ocks\u00e5. \u00c4ter frukost, l\u00e4ser s\u00e5dant som gubbar l\u00e4ser innan denna sortens k\u00e4rleksm\u00f6ten, k\u00e4nner hur det b\u00f6rjar vattnas i munnen. S\u00e4tter mig i bilen och k\u00f6r s\u00f6derut och d\u00e4refter till h\u00f6ger ut p\u00e5 E18.<\/p>\n<p>Vi ska ses strax bortom Segmon \u00e4r det best\u00e4mt. Tallmossen heter platsen f\u00f6r v\u00e5r date, jag hoppas s\u00e5 den blir ljuv.<\/p>\n<p><strong>V\u00e5r k\u00e4ra aschelv\u00e4rmer<br \/>\n<\/strong>Ber\u00e4ttade jag om ryggv\u00e4rken? H\u00e5rt tr\u00e4dg\u00e5rdsarbete och tungt bortb\u00e4rande av kilovis med gamla l\u00f6partidskrifter ur garage litar p\u00e5 den late. I g\u00e5r hade jag lumbago tror Google, fast det undrar jag, men ont gjorde det och lika ont denna morgon. L\u00e4tt provlufs p\u00e5 villagolv g\u00f6r s\u00e4llan saken b\u00e4ttre. N\u00e5gonstans i kanten av l\u00e4ndryggen sitter en lynnig j\u00e4kel och sticker mig med syn\u00e5l p\u00e5 oregelbundna tider. Jag masserar, stretchar, putar med magen och tar 400 milligram antiinflammatorisk v\u00e4rktablett men b\u00e4st nytta g\u00f6r den tjeckiska metoden.<\/p>\n<p>Har du aldrig h\u00f6rt talas om den? Det \u00e4r enkelt. Du trycker p\u00e5 en knapp p\u00e5 en Skoda Octavia, d\u00e5 s\u00e4tter han ig\u00e5ng.\u00a0V\u00e5r k\u00e4ra <em>aschelv\u00e4rmer<\/em>.\u00a0Vi tror i alla fall han heter s\u00e5 p\u00e5 gammeltjeckiska, moj\u00e4ngen som v\u00e4rmer b\u00e5de bilens och mitt s\u00e4te tills ryggen mjuknar och sinnet sm\u00e4lter.<\/p>\n<p>N\u00e4r jag kommit halvv\u00e4gs \u00e4r jag n\u00e4stan bra. En f\u00e5r inte ge tappt, nu n\u00e4r solen skiner och vi har tr\u00e4ff och allt.<\/p>\n<p><strong>S\u00e5 s\u00e4ger de alltid<br \/>\n<\/strong><a href=\"https:\/\/sven-ove.nu\/wp-content\/uploads\/2019\/04\/Pengahinken.jpg\"><img loading=\"lazy\" decoding=\"async\" class=\"size-thumbnail wp-image-20788 alignright\" src=\"https:\/\/sven-ove.nu\/wp-content\/uploads\/2019\/04\/Pengahinken-150x150.jpg\" alt=\"\" width=\"150\" height=\"150\" srcset=\"https:\/\/sven-ove.nu\/wp-content\/uploads\/2019\/04\/Pengahinken-150x150.jpg 150w, https:\/\/sven-ove.nu\/wp-content\/uploads\/2019\/04\/Pengahinken-300x300.jpg 300w, https:\/\/sven-ove.nu\/wp-content\/uploads\/2019\/04\/Pengahinken-768x768.jpg 768w, https:\/\/sven-ove.nu\/wp-content\/uploads\/2019\/04\/Pengahinken-1024x1024.jpg 1024w, https:\/\/sven-ove.nu\/wp-content\/uploads\/2019\/04\/Pengahinken.jpg 1280w\" sizes=\"auto, (max-width: 150px) 100vw, 150px\" \/><\/a>Jag sv\u00e4nger av europav\u00e4gen, in p\u00e5 grusv\u00e4gen och parkerar p\u00e5 ett g\u00e4rde. L\u00e4gger 20 kronor i en hink f\u00f6r besv\u00e4ret, en vacker sed. Passerar den l\u00e4ngsta toalettk\u00f6 jag sett i april 2019 och sl\u00e5r mig ner. Sm\u00f6rg\u00e5s, kaffe och struntprat med gamla v\u00e4nner som ber\u00e4ttar att de \u00e4r otr\u00e4nade.<\/p>\n<p>Det p\u00e5st\u00e5r de alltid, strax innan de ska till att bevisa motsatsen.<\/p>\n<p>Jag \u00f6verdrev f\u00f6rut, n\u00e4r jag p\u00e5stod att vi hade tr\u00e4ff. Sanningen \u00e4r att jag kommer oanm\u00e4ld. Allts\u00e5 kliver jag fram till ett av t\u00e4lten och anh\u00e5ller om anm\u00e4lan. De ber att f\u00e5 se min pinne, jag plockar fram den och allt \u00e4r klart. Joggar l\u00e4tt 500 meter \u00f6ver ett g\u00e4rde, stannar i en skogskant och pinkar och knyter om skorna, det h\u00f6r till ritualen. Kliver fram till ett sn\u00f6re och vill komma in i gemenskapen. Det f\u00e5r jag. Strax d\u00e4rp\u00e5 st\u00e5r jag bredvid en korg med kartor som ser intressanta ut.<\/p>\n<p>Jag \u00e4lskar kartor som ser intressanta ut.<\/p>\n<p><strong>Kroppen \u00e4r ovan<br \/>\n<\/strong>Nu \u2013 b\u00f6rjar min oanm\u00e4lda tr\u00e4ff med k\u00e4rleken. Jag joggar ivrigt l\u00e4ngs en k\u00f6rv\u00e4g till startpunkten, v\u00e4ljer v\u00e4g under tiden och \u00f6kar takten. F\u00f6rsta g\u00e5ngen p\u00e5 allvar i \u00e5r, d\u00e5 \u00e4r det alltid ovant men snart k\u00e4nner kroppen och skallen att de vill \u00e5t samma h\u00e5ll som kartan pekar.<\/p>\n<p><a href=\"https:\/\/sven-ove.nu\/wp-content\/uploads\/2019\/04\/\u00d6ppen-5-13-april-19.jpg\"><img loading=\"lazy\" decoding=\"async\" class=\"size-medium wp-image-20790 alignright\" src=\"https:\/\/sven-ove.nu\/wp-content\/uploads\/2019\/04\/\u00d6ppen-5-13-april-19-288x300.jpg\" alt=\"\" width=\"288\" height=\"300\" srcset=\"https:\/\/sven-ove.nu\/wp-content\/uploads\/2019\/04\/\u00d6ppen-5-13-april-19-288x300.jpg 288w, https:\/\/sven-ove.nu\/wp-content\/uploads\/2019\/04\/\u00d6ppen-5-13-april-19-768x799.jpg 768w, https:\/\/sven-ove.nu\/wp-content\/uploads\/2019\/04\/\u00d6ppen-5-13-april-19-984x1024.jpg 984w, https:\/\/sven-ove.nu\/wp-content\/uploads\/2019\/04\/\u00d6ppen-5-13-april-19.jpg 1230w\" sizes=\"auto, (max-width: 288px) 100vw, 288px\" \/><\/a>Tornet, nr 154. Tre minuter och tjugo sekunder \u00e4r inte det b\u00e4sta jag kan, men vi \u00e4r p\u00e5 v\u00e4g och r\u00e4tt g\u00e5r vi, skallen och jag.<\/p>\n<p>S\u00e5 d\u00e4r h\u00e5ller det p\u00e5 sedan. Skogen \u00e4r l\u00e4ttsprungen, bofinken sjunger, marken \u00e4r ovanligt torr f\u00f6r en t\u00e4vlingspremi\u00e4r och f\u00f6rstoringsglaset med sin rem runt tummen g\u00f6r sitt jobb p\u00e5 ett alldeles lysande s\u00e4tt. Premi\u00e4r! Jag ser b\u00e5de sten och stig p\u00e5 kartan, vimsar visserligen vid ett skogsdike p\u00e5 v\u00e4g till stenen, nr 156, men en kan inte f\u00e5 allt.<\/p>\n<p>Pl\u00f6tsligt kommer jag p\u00e5 mig med att sm\u00e5nynna bland alla l\u00f6pande medm\u00e4nniskor, denna perfekta dag f\u00f6r en s\u00e4songstart. Banan \u00e4r h\u00e4rligt rytmisk, terr\u00e4ngen trivsamt omv\u00e4xlande, missarna och l\u00f6ptakten fullt normala f\u00f6r en kass 68-\u00e5ring och jag k\u00e4nner hur lyckan str\u00f6mmar genom musklerna.<\/p>\n<p>Hade jag ont i ryggen i g\u00e5r? Asch, det var v\u00e4l inget f\u00f6r en gammal 68:a. Kamp l\u00f6nar sig. Aschelv\u00e4rmern for president. Tjohoo!<\/p>\n<p><em><span style=\"color: #ff6600;\"><strong>#<\/strong><\/span>\u00a0Den obesvarade k\u00e4rleken \u00e4r som du f\u00f6rst\u00e5r orienteringssporten. Det var en s\u00e5 fin dag vid m\u00e5lg\u00e4rdet p\u00e5 gr\u00e4nsen mellan Grums och S\u00e4ffle kommuner.<br \/>\n<\/em><em><span style=\"color: #ff6600;\"><strong>#<\/strong><\/span>\u00a0S\u00e4g inget till n\u00e5n, jag gick inte j\u00e4mt g\u00f4rbra, men jag slog en som jag k\u00e4nner och fick stryk av en annan.<br \/>\n<\/em><em><strong><span style=\"color: #ff6600;\">#<\/span><\/strong>\u00a0I dag kom den obesvarade k\u00e4rleken och jag en aaaningens aning n\u00e4rmare varandra. Jag b\u00f6rjar tro att hon f\u00f6rst\u00e5r mig och vill starta om.<\/em><\/p>\n<p style=\"padding-left: 30px;\"><em><strong><span style=\"color: #ff6600;\">###<\/span><\/strong> Forts\u00e4ttning, n\u00e4sta inl\u00e4gg: <\/em><br \/>\n<em><strong><span style=\"color: #0000ff;\"><a style=\"color: #0000ff;\" href=\"https:\/\/sven-ove.nu\/?p=20794\">N\u00e4r jag \u00e4ntligen fattar att k\u00e4rleken \u00e4r besvarad<\/a><\/span><\/strong><\/em><\/p>\n<p><span style=\"color: #0000ff;\"><a style=\"color: #0000ff;\" href=\"https:\/\/sven-ove.nu\/\">Hem<\/a><\/span>\u00a0|\u00a0<span style=\"color: #0000ff;\"><a style=\"color: #0000ff;\" href=\"https:\/\/sven-ove.nu\/?page_id=170\">Om mig<\/a><\/span>\u00a0|<span style=\"color: #0000ff;\">\u00a0<\/span><a href=\"https:\/\/sven-ove.nu\/?page_id=1385\"><span style=\"color: #0000ff;\">Skriva &amp; prata<\/span><\/a>\u00a0|\u00a0<span style=\"color: #0000ff;\"><a style=\"color: #0000ff;\" href=\"https:\/\/sven-ove.nu\/?page_id=100\">Politik<\/a><\/span>\u00a0|\u00a0<span style=\"color: #0000ff;\"><a style=\"color: #0000ff;\" href=\"https:\/\/sven-ove.nu\/?page_id=102\">L\u00f6pa<\/a><\/span>\u00a0|\u00a0<span style=\"color: #0000ff;\"><a style=\"color: #0000ff;\" href=\"https:\/\/sven-ove.nu\/?page_id=108\">Viktor Root<\/a><\/span><br \/>\n<em>Inl\u00e4gg nr 1\u00a0944. (c) Sven-Ove Svensson (men dela g\u00e4rna) <\/em><\/p>\n","protected":false},"excerpt":{"rendered":"<p>T\u00e4nk om det finns fler obesvarade k\u00e4rlekar i v\u00e4rlden \u00e4n besvarade. Vilken hemsk tanke. Nu har jag varit hos min, den obesvarade. Hon h\u00e4lsar och ler. Det var bra l\u00e4nge sedan, men nu ska det ske. L\u00f6rdagsmorgonen \u00e4r krispig, p\u00e5 Grossbolstorp har vi is p\u00e5 bilrutorna. Ryggs\u00e4cken \u00e4r packad sedan i g\u00e5r kv\u00e4ll, \u00e4ven extratr\u00f6ja &hellip; <a href=\"https:\/\/sven-ove.nu\/?p=20784\" class=\"more-link\">Forts\u00e4tt l\u00e4sa <span class=\"screen-reader-text\">Tr\u00e4ff med min obesvarade k\u00e4rlek<\/span><\/a><\/p>\n","protected":false},"author":1,"featured_media":0,"comment_status":"closed","ping_status":"open","sticky":false,"template":"","format":"standard","meta":{"_crdt_document":"","_monsterinsights_skip_tracking":false,"_monsterinsights_sitenote_active":false,"_monsterinsights_sitenote_note":"","_monsterinsights_sitenote_category":0,"footnotes":""},"categories":[5,6],"tags":[24,25,21,12,13],"class_list":["post-20784","post","type-post","status-publish","format-standard","hentry","category-lopning","category-natur","tag-karlek","tag-kartan","tag-ord","tag-orientering","tag-utrustning"],"_links":{"self":[{"href":"https:\/\/sven-ove.nu\/index.php?rest_route=\/wp\/v2\/posts\/20784","targetHints":{"allow":["GET"]}}],"collection":[{"href":"https:\/\/sven-ove.nu\/index.php?rest_route=\/wp\/v2\/posts"}],"about":[{"href":"https:\/\/sven-ove.nu\/index.php?rest_route=\/wp\/v2\/types\/post"}],"author":[{"embeddable":true,"href":"https:\/\/sven-ove.nu\/index.php?rest_route=\/wp\/v2\/users\/1"}],"replies":[{"embeddable":true,"href":"https:\/\/sven-ove.nu\/index.php?rest_route=%2Fwp%2Fv2%2Fcomments&post=20784"}],"version-history":[{"count":7,"href":"https:\/\/sven-ove.nu\/index.php?rest_route=\/wp\/v2\/posts\/20784\/revisions"}],"predecessor-version":[{"id":20803,"href":"https:\/\/sven-ove.nu\/index.php?rest_route=\/wp\/v2\/posts\/20784\/revisions\/20803"}],"wp:attachment":[{"href":"https:\/\/sven-ove.nu\/index.php?rest_route=%2Fwp%2Fv2%2Fmedia&parent=20784"}],"wp:term":[{"taxonomy":"category","embeddable":true,"href":"https:\/\/sven-ove.nu\/index.php?rest_route=%2Fwp%2Fv2%2Fcategories&post=20784"},{"taxonomy":"post_tag","embeddable":true,"href":"https:\/\/sven-ove.nu\/index.php?rest_route=%2Fwp%2Fv2%2Ftags&post=20784"}],"curies":[{"name":"wp","href":"https:\/\/api.w.org\/{rel}","templated":true}]}}