{"id":20804,"date":"2019-04-23T04:52:44","date_gmt":"2019-04-23T03:52:44","guid":{"rendered":"http:\/\/sven-ove.nu\/?p=20804"},"modified":"2019-04-20T08:09:12","modified_gmt":"2019-04-20T07:09:12","slug":"20804","status":"publish","type":"post","link":"https:\/\/sven-ove.nu\/?p=20804","title":{"rendered":"F\u00f6rsta g\u00e5ngen inom plast och ram"},"content":{"rendered":"<p><a href=\"https:\/\/sven-ove.nu\/wp-content\/uploads\/2019\/04\/Ljus-i-m\u00f6rkret.jpg\"><img loading=\"lazy\" decoding=\"async\" class=\"size-full wp-image-20808 alignnone\" src=\"https:\/\/sven-ove.nu\/wp-content\/uploads\/2019\/04\/Ljus-i-m\u00f6rkret.jpg\" alt=\"\" width=\"640\" height=\"427\" srcset=\"https:\/\/sven-ove.nu\/wp-content\/uploads\/2019\/04\/Ljus-i-m\u00f6rkret.jpg 640w, https:\/\/sven-ove.nu\/wp-content\/uploads\/2019\/04\/Ljus-i-m\u00f6rkret-300x200.jpg 300w\" sizes=\"auto, (max-width: 640px) 100vw, 640px\" \/><\/a><\/p>\n<blockquote><p>P\u00e5 l\u00f6rdag den 4 maj ska jag l\u00e4sa en tavla. Det har jag aldrig gjort f\u00f6rut.\u00a0Platsen \u00e4r Gamla Kraftstationen i Deje, de \u00f6ppnar f\u00f6r s\u00e4songen d\u00e5.<\/p><\/blockquote>\n<p>Upptr\u00e4tt har jag gjort m\u00e5nga g\u00e5nger men aldrig h\u00e4ngt p\u00e5 galleri med en ramad sak. Nu ska det ske.<\/p>\n<p>Allt b\u00f6rjade med att Kraftis med Linn S\u00f6nsteb\u00f6-Mossberg i spetsen bj\u00f6d in kulturarbetare till ett tema:\u00a0<strong>Konstn\u00e4rernas frihet.<\/strong><\/p>\n<p>Nu kanske du t\u00e4nker att den saken r\u00f6r inte dig. Du jobbar vid din maskin eller dator om dagarna, kollar lite p\u00e5 Facebook om kv\u00e4llarna och ser en och annan nyhetss\u00e4ndning. Du \u00e4r redan s\u00e5 fri du beh\u00f6ver och t\u00e4nker aldrig m\u00e5la tavla eller skriva bok.<\/p>\n<p>D\u00e5 har du fel, min v\u00e4n.<br \/>\nDu ber\u00f6rs i h\u00f6gsta grad.<\/p>\n<p><span style=\"color: #0000ff;\"><a style=\"color: #0000ff;\" href=\"https:\/\/sven-ove.nu\/?p=20605\">H\u00e4r kan du l\u00e4sa<\/a><\/span>\u00a0hur Kraftis t\u00e4nker och hur det gick till den natten och morgonen n\u00e4r jag hittade p\u00e5 mitt bidrag.<\/p>\n<p>Det \u00e4r inramat och klart nu. En s\u00e4rskild k\u00e4nsla, detta att folk ska st\u00e5 tre meter fr\u00e5n tavlan och begrunda vad jag gjort.<\/p>\n<p>Om inte kulturen \u00e4r fri \u00e4r ingen fri.<\/p>\n<p><strong><em><span style=\"color: #ff6600;\">###<\/span>\u00a0<\/em><\/strong><em>L\u00e4nk till <span style=\"color: #0000ff;\"><a style=\"color: #0000ff;\" href=\"http:\/\/www.gamlakraftstationen.se\/\">Gamla Kraftstationens webbplats<\/a><\/span>.<br \/>\n<strong><span style=\"color: #ff6600;\">###<\/span>\u00a0<\/strong>L\u00e4nk till <span style=\"color: #0000ff;\"><a style=\"color: #0000ff;\" href=\"https:\/\/www.facebook.com\/GamlaKraftstationen\/\">deras Facebook-sida<\/a><\/span>.<br \/>\n<strong><span style=\"color: #ff6600;\">###<\/span>\u00a0<\/strong>Mitt bidrag handlar om att befria blicken.<\/em><\/p>\n<p>G\u00f6r det.<br \/>\nDet b\u00f6rjar inte med \u00f6gat.<\/p>\n<p><span style=\"color: #0000ff;\"><a style=\"color: #0000ff;\" href=\"https:\/\/sven-ove.nu\/?page_id=170\">Om mig<\/a><\/span>\u00a0|\u00a0<span style=\"color: #0000ff;\"><a style=\"color: #0000ff;\" href=\"https:\/\/sven-ove.nu\/?p=20642\">Flickan med fl\u00e4torna och f\u00f6rnekarnas flyktingstr\u00f6mmar<\/a><\/span><br \/>\n<em>Inl\u00e4gg nr 1\u00a0946. (c) Sven-Ove Svensson (men dela g\u00e4rna)<\/em><\/p>\n","protected":false},"excerpt":{"rendered":"<p>P\u00e5 l\u00f6rdag den 4 maj ska jag l\u00e4sa en tavla. Det har jag aldrig gjort f\u00f6rut.\u00a0Platsen \u00e4r Gamla Kraftstationen i Deje, de \u00f6ppnar f\u00f6r s\u00e4songen d\u00e5. Upptr\u00e4tt har jag gjort m\u00e5nga g\u00e5nger men aldrig h\u00e4ngt p\u00e5 galleri med en ramad sak. Nu ska det ske. Allt b\u00f6rjade med att Kraftis med Linn S\u00f6nsteb\u00f6-Mossberg i spetsen &hellip; <a href=\"https:\/\/sven-ove.nu\/?p=20804\" class=\"more-link\">Forts\u00e4tt l\u00e4sa <span class=\"screen-reader-text\">F\u00f6rsta g\u00e5ngen inom plast och ram<\/span><\/a><\/p>\n","protected":false},"author":1,"featured_media":0,"comment_status":"closed","ping_status":"open","sticky":false,"template":"","format":"standard","meta":{"_crdt_document":"","_monsterinsights_skip_tracking":false,"_monsterinsights_sitenote_active":false,"_monsterinsights_sitenote_note":"","_monsterinsights_sitenote_category":0,"footnotes":""},"categories":[28,9,4],"tags":[8,18,14,21,20,17],"class_list":["post-20804","post","type-post","status-publish","format-standard","hentry","category-kreativt-folk","category-politik","category-skrivande","tag-historia","tag-lardomar","tag-lasning","tag-ord","tag-rad","tag-solidaritet"],"_links":{"self":[{"href":"https:\/\/sven-ove.nu\/index.php?rest_route=\/wp\/v2\/posts\/20804","targetHints":{"allow":["GET"]}}],"collection":[{"href":"https:\/\/sven-ove.nu\/index.php?rest_route=\/wp\/v2\/posts"}],"about":[{"href":"https:\/\/sven-ove.nu\/index.php?rest_route=\/wp\/v2\/types\/post"}],"author":[{"embeddable":true,"href":"https:\/\/sven-ove.nu\/index.php?rest_route=\/wp\/v2\/users\/1"}],"replies":[{"embeddable":true,"href":"https:\/\/sven-ove.nu\/index.php?rest_route=%2Fwp%2Fv2%2Fcomments&post=20804"}],"version-history":[{"count":7,"href":"https:\/\/sven-ove.nu\/index.php?rest_route=\/wp\/v2\/posts\/20804\/revisions"}],"predecessor-version":[{"id":20812,"href":"https:\/\/sven-ove.nu\/index.php?rest_route=\/wp\/v2\/posts\/20804\/revisions\/20812"}],"wp:attachment":[{"href":"https:\/\/sven-ove.nu\/index.php?rest_route=%2Fwp%2Fv2%2Fmedia&parent=20804"}],"wp:term":[{"taxonomy":"category","embeddable":true,"href":"https:\/\/sven-ove.nu\/index.php?rest_route=%2Fwp%2Fv2%2Fcategories&post=20804"},{"taxonomy":"post_tag","embeddable":true,"href":"https:\/\/sven-ove.nu\/index.php?rest_route=%2Fwp%2Fv2%2Ftags&post=20804"}],"curies":[{"name":"wp","href":"https:\/\/api.w.org\/{rel}","templated":true}]}}