{"id":20814,"date":"2019-04-28T04:46:22","date_gmt":"2019-04-28T03:46:22","guid":{"rendered":"http:\/\/sven-ove.nu\/?p=20814"},"modified":"2019-04-27T16:51:29","modified_gmt":"2019-04-27T15:51:29","slug":"min-van-den-gammelgrone","status":"publish","type":"post","link":"https:\/\/sven-ove.nu\/?p=20814","title":{"rendered":"Min v\u00e4n, den gammelgr\u00f6ne"},"content":{"rendered":"<p><a href=\"https:\/\/sven-ove.nu\/wp-content\/uploads\/2019\/04\/Gr\u00f6n-april.jpg\"><img loading=\"lazy\" decoding=\"async\" class=\"size-large wp-image-20816 alignnone\" src=\"https:\/\/sven-ove.nu\/wp-content\/uploads\/2019\/04\/Gr\u00f6n-april-1024x1024.jpg\" alt=\"\" width=\"660\" height=\"660\" srcset=\"https:\/\/sven-ove.nu\/wp-content\/uploads\/2019\/04\/Gr\u00f6n-april-1024x1024.jpg 1024w, https:\/\/sven-ove.nu\/wp-content\/uploads\/2019\/04\/Gr\u00f6n-april-150x150.jpg 150w, https:\/\/sven-ove.nu\/wp-content\/uploads\/2019\/04\/Gr\u00f6n-april-300x300.jpg 300w, https:\/\/sven-ove.nu\/wp-content\/uploads\/2019\/04\/Gr\u00f6n-april-768x768.jpg 768w, https:\/\/sven-ove.nu\/wp-content\/uploads\/2019\/04\/Gr\u00f6n-april.jpg 1280w\" sizes=\"auto, (max-width: 660px) 100vw, 660px\" \/><\/a><\/p>\n<p>Det \u00e4r en intensiv tid i min v\u00e4rld. Varje morgon sjunger det om tr\u00e4den vi bor ihop med. En del r\u00f6ster kan vi tyda, andra tycker vi om \u00e4nd\u00e5, namnl\u00f6st. Ettriga v\u00e4ckor, spatserande finkar, stj\u00e4rtguppande \u00e4rlor. Minsta buske och n\u00e4rmsta skogskant \u00e4r full av individer som lockar ena stunden och f\u00f6rs\u00f6ker skr\u00e4mma rivaler n\u00e4sta:<\/p>\n<p>&#8211; Ja ja ja ja ja ja kommer fr\u00e5n J\u00f6nk\u00f6ping, ja <em>(bofink).<\/em><br \/>\n&#8211; Salt sill, sill salt, salt sill <em>(grans\u00e5ngare).<\/em><br \/>\n&#8211; F\u00f6rlovning? Hurra! <em>(ringduva). <\/em><\/p>\n<p>Varje stund blir gr\u00f6nheten gr\u00f6nare i sydv\u00e4stra Svealand, en ny nyans i varje h\u00f6rn. Citronfj\u00e4rilar far f\u00f6rbi, myggor tackar f\u00f6r vattentunnan (j\u00e4spalt, vi m\u00e5ste t\u00f6mma den), bl\u00e5sippor h\u00e4lsar fr\u00e5n myrorna n\u00e4r jag undrar hur de kommit hit, p\u00e5skliljor h\u00e4lsar till hon, m\u00e4nniskan som \u201dplanter sk\u00f4t i b\u00f4rker\u201d.<\/p>\n<p>Jag kan h\u00e5lla p\u00e5 l\u00e4ngre. Hela \u00e5rstiden \u00e4r en enda hoppfull uppr\u00e4kning. V\u00e5ren \u00e4r en fin tid, jag blir nyk\u00e4r i b\u00e5de fru och f\u00f4ggler och dessemellan st\u00e5r jag &#8211; avbruten i mina sysslor i tv\u00e5 styrelser och ett stolpjaktsprojekt &#8211; och bara r\u00e4knar gr\u00f6na f\u00e4rger igen.<\/p>\n<p>F\u00f6rstadagarnasnyutslagenbj\u00f6rk-gr\u00f6nt, mossap\u00e5stenmedsoliapril-gr\u00f6nt, m\u00f6rkgr\u00f6nt, v\u00e4xgr\u00f6nt, sprutgr\u00f6nt, nygr\u00f6nt och n\u00f6\u2019gr\u00f6nt. Plus alla de andra livliga nyanserna.<\/p>\n<p>Min lilla v\u00e4rld gr\u00f6nar till sig, millimeter f\u00f6r millimeter, kvadratmeter f\u00f6r kvadratmeter, socken f\u00f6r socken. \u00c4r det OK om jag rymmer fr\u00e5n den stora v\u00e4rlden ett tag? Jag har en skog att g\u00e5 studiecirkel tillsammans med.<\/p>\n<p>Han \u00e4r f\u00e4rskt gammelgr\u00f6n.<br \/>\nNy vartenda \u00e5r.<\/p>\n<p>N\u00e4mnde jag tr\u00e4dpipl\u00e4rkan?<\/p>\n<p><span style=\"color: #0000ff;\"><a style=\"color: #0000ff;\" href=\"https:\/\/sven-ove.nu\/\">Hem<\/a><\/span>\u00a0|\u00a0<span style=\"color: #0000ff;\"><a style=\"color: #0000ff;\" href=\"https:\/\/sven-ove.nu\/?page_id=170\">Om mig<\/a><\/span>\u00a0|\u00a0<span style=\"color: #0000ff;\"><a style=\"color: #0000ff;\" href=\"https:\/\/sven-ove.nu\/?page_id=1385\">Skriva &amp; prata<\/a><\/span>\u00a0|\u00a0<span style=\"color: #0000ff;\"><a style=\"color: #0000ff;\" href=\"https:\/\/sven-ove.nu\/?page_id=100\">Politik<\/a><\/span>\u00a0|\u00a0<span style=\"color: #0000ff;\"><a style=\"color: #0000ff;\" href=\"https:\/\/sven-ove.nu\/?page_id=102\">L\u00f6pa<\/a><\/span>\u00a0|\u00a0<span style=\"color: #0000ff;\"><a style=\"color: #0000ff;\" href=\"https:\/\/sven-ove.nu\/?page_id=108\">Viktor Root<\/a><\/span><br \/>\n<em>Inl\u00e4gg nr 1\u00a0947. (c) Sven-Ove Svensson (men dela g\u00e4rna) <\/em><\/p>\n","protected":false},"excerpt":{"rendered":"<p>Det \u00e4r en intensiv tid i min v\u00e4rld. Varje morgon sjunger det om tr\u00e4den vi bor ihop med. En del r\u00f6ster kan vi tyda, andra tycker vi om \u00e4nd\u00e5, namnl\u00f6st. Ettriga v\u00e4ckor, spatserande finkar, stj\u00e4rtguppande \u00e4rlor. Minsta buske och n\u00e4rmsta skogskant \u00e4r full av individer som lockar ena stunden och f\u00f6rs\u00f6ker skr\u00e4mma rivaler n\u00e4sta: &#8211; &hellip; <a href=\"https:\/\/sven-ove.nu\/?p=20814\" class=\"more-link\">Forts\u00e4tt l\u00e4sa <span class=\"screen-reader-text\">Min v\u00e4n, den gammelgr\u00f6ne<\/span><\/a><\/p>\n","protected":false},"author":1,"featured_media":0,"comment_status":"closed","ping_status":"open","sticky":false,"template":"","format":"standard","meta":{"_crdt_document":"","_monsterinsights_skip_tracking":false,"_monsterinsights_sitenote_active":false,"_monsterinsights_sitenote_note":"","_monsterinsights_sitenote_category":0,"footnotes":""},"categories":[6],"tags":[24],"class_list":["post-20814","post","type-post","status-publish","format-standard","hentry","category-natur","tag-karlek"],"_links":{"self":[{"href":"https:\/\/sven-ove.nu\/index.php?rest_route=\/wp\/v2\/posts\/20814","targetHints":{"allow":["GET"]}}],"collection":[{"href":"https:\/\/sven-ove.nu\/index.php?rest_route=\/wp\/v2\/posts"}],"about":[{"href":"https:\/\/sven-ove.nu\/index.php?rest_route=\/wp\/v2\/types\/post"}],"author":[{"embeddable":true,"href":"https:\/\/sven-ove.nu\/index.php?rest_route=\/wp\/v2\/users\/1"}],"replies":[{"embeddable":true,"href":"https:\/\/sven-ove.nu\/index.php?rest_route=%2Fwp%2Fv2%2Fcomments&post=20814"}],"version-history":[{"count":5,"href":"https:\/\/sven-ove.nu\/index.php?rest_route=\/wp\/v2\/posts\/20814\/revisions"}],"predecessor-version":[{"id":20820,"href":"https:\/\/sven-ove.nu\/index.php?rest_route=\/wp\/v2\/posts\/20814\/revisions\/20820"}],"wp:attachment":[{"href":"https:\/\/sven-ove.nu\/index.php?rest_route=%2Fwp%2Fv2%2Fmedia&parent=20814"}],"wp:term":[{"taxonomy":"category","embeddable":true,"href":"https:\/\/sven-ove.nu\/index.php?rest_route=%2Fwp%2Fv2%2Fcategories&post=20814"},{"taxonomy":"post_tag","embeddable":true,"href":"https:\/\/sven-ove.nu\/index.php?rest_route=%2Fwp%2Fv2%2Ftags&post=20814"}],"curies":[{"name":"wp","href":"https:\/\/api.w.org\/{rel}","templated":true}]}}