{"id":20909,"date":"2019-05-29T04:31:00","date_gmt":"2019-05-29T03:31:00","guid":{"rendered":"http:\/\/sven-ove.nu\/?p=20909"},"modified":"2019-05-28T10:37:49","modified_gmt":"2019-05-28T09:37:49","slug":"sorj-inte-argumentera","status":"publish","type":"post","link":"https:\/\/sven-ove.nu\/?p=20909","title":{"rendered":"S\u00f6rj inte. Argumentera."},"content":{"rendered":"<p><a href=\"https:\/\/sven-ove.nu\/wp-content\/uploads\/2019\/05\/Nej-till-EEC.jpg\"><img loading=\"lazy\" decoding=\"async\" class=\"size-large wp-image-20910 alignnone\" src=\"https:\/\/sven-ove.nu\/wp-content\/uploads\/2019\/05\/Nej-till-EEC-1024x1024.jpg\" alt=\"\" width=\"660\" height=\"660\" srcset=\"https:\/\/sven-ove.nu\/wp-content\/uploads\/2019\/05\/Nej-till-EEC-1024x1024.jpg 1024w, https:\/\/sven-ove.nu\/wp-content\/uploads\/2019\/05\/Nej-till-EEC-150x150.jpg 150w, https:\/\/sven-ove.nu\/wp-content\/uploads\/2019\/05\/Nej-till-EEC-300x300.jpg 300w, https:\/\/sven-ove.nu\/wp-content\/uploads\/2019\/05\/Nej-till-EEC-768x768.jpg 768w, https:\/\/sven-ove.nu\/wp-content\/uploads\/2019\/05\/Nej-till-EEC.jpg 1218w\" sizes=\"auto, (max-width: 660px) 100vw, 660px\" \/><\/a><\/p>\n<blockquote><p>EU-valet klart. Unionen \u00e4r en \u00f6verstatlig och odemokratisk koloss, dessutom en F\u00e4stning Europa. Jag vet.<\/p>\n<p>Och dock jublar de fr\u00e4mlingsfientliga.<\/p><\/blockquote>\n<p>Jublar. Fundera p\u00e5 varf\u00f6r. \u00c4r det f\u00f6r att de \u00e4r kloka nog att f\u00f6rst\u00e5 att ocks\u00e5 en plats i det demokratiska underskottets parlament har betydelse? \u00c4r det f\u00f6r att de gillar pengarna ledam\u00f6terna f\u00e5r? \u00c4r det f\u00f6r att en framg\u00e5ng i \u00e4ven detta val st\u00e4rker dem i opinion, medierapportering och sj\u00e4lvk\u00e4nsla?<\/p>\n<p>Jag vet vad jag tror. De kan ocks\u00e5 stava till \u00a0 K-a-m-p\u00a0\u00a0 l-\u00f6-n-a-r\u00a0\u00a0 s-i-g.<\/p>\n<p><strong>Anv\u00e4nd talarstolen<br \/>\n<\/strong>Man ska inte ha n\u00e5gra illusioner, definitivt inte om EU. D\u00e4remot ska man anv\u00e4nda de talarstolar tillvaron ger.<\/p>\n<p>Jag gick med Nej till EEC-m\u00e4rke p\u00e5 mitt jobb p\u00e5 s\u00e5gen redan 1972 och har inte \u00e4ndrat mig. Jag har inte \u00e4ndrat mig om den svenska demokratin heller. Den g\u00f6r halt vid fabriksgrindarna, firmaportkoderna och jobbdatorinloggningarna.<\/p>\n<p>Likafullt tycker jag det \u00e4r i b\u00e4sta fall okunnigt, i n\u00e4st s\u00e4msta fall frasradikalt, att som vissa inom v\u00e4nstern l\u00e5ta bli att r\u00f6sta. Eller s\u00e5 struntar de &#8211; i v\u00e4rsta fall &#8211; i hur folk har det.<\/p>\n<p><strong>Penningen styr<br \/>\n<\/strong>Det har betydelse f\u00f6r Europas folk vilka som sitter i parlamentet, trots den besynnerliga maktf\u00f6rdelningen i EU:s politiska system. Det har betydelse f\u00f6r svenska folket hur stort inflytande SD f\u00e5r i Sveriges riksdag. Trots att penningen styr s\u00e5 mycket som den g\u00f6r.<\/p>\n<p>N\u00e5, en f\u00e5r inte ge tappt. S\u00f6rj inte. Argumentera.<\/p>\n<p style=\"padding-left: 40px;\"><em><span style=\"color: #ff6600;\"><strong>###<\/strong><\/span> G\u00e5rdagens inl\u00e4gg: <span style=\"color: #0000ff;\"><a style=\"color: #0000ff;\" href=\"https:\/\/sven-ove.nu\/?p=20900\">Grejl\u00f6paren<\/a><\/span><\/em><\/p>\n<p><span style=\"color: #0000ff;\"><a style=\"color: #0000ff;\" href=\"https:\/\/sven-ove.nu\/\">Hem<\/a><\/span>\u00a0|\u00a0<span style=\"color: #0000ff;\"><a style=\"color: #0000ff;\" href=\"https:\/\/sven-ove.nu\/?page_id=170\">Om mig<\/a><\/span>\u00a0|\u00a0<span style=\"color: #0000ff;\"><a style=\"color: #0000ff;\" href=\"https:\/\/sven-ove.nu\/?page_id=1385\">Skriva &amp; prata<\/a><\/span>\u00a0|\u00a0<span style=\"color: #0000ff;\"><a style=\"color: #0000ff;\" href=\"https:\/\/sven-ove.nu\/?page_id=100\">Politik<\/a><\/span>\u00a0|\u00a0<span style=\"color: #0000ff;\"><a style=\"color: #0000ff;\" href=\"https:\/\/sven-ove.nu\/?page_id=102\">L\u00f6pa<\/a><\/span>\u00a0|\u00a0<span style=\"color: #0000ff;\"><a style=\"color: #0000ff;\" href=\"https:\/\/sven-ove.nu\/?page_id=108\">Viktor Root<\/a><\/span><br \/>\n<em>Inl\u00e4gg nr 1\u00a0955. (c) Sven-Ove Svensson (men dela g\u00e4rna) <\/em><\/p>\n","protected":false},"excerpt":{"rendered":"<p>EU-valet klart. Unionen \u00e4r en \u00f6verstatlig och odemokratisk koloss, dessutom en F\u00e4stning Europa. Jag vet. Och dock jublar de fr\u00e4mlingsfientliga. Jublar. Fundera p\u00e5 varf\u00f6r. \u00c4r det f\u00f6r att de \u00e4r kloka nog att f\u00f6rst\u00e5 att ocks\u00e5 en plats i det demokratiska underskottets parlament har betydelse? \u00c4r det f\u00f6r att de gillar pengarna ledam\u00f6terna f\u00e5r? \u00c4r &hellip; <a href=\"https:\/\/sven-ove.nu\/?p=20909\" class=\"more-link\">Forts\u00e4tt l\u00e4sa <span class=\"screen-reader-text\">S\u00f6rj inte. Argumentera.<\/span><\/a><\/p>\n","protected":false},"author":1,"featured_media":0,"comment_status":"closed","ping_status":"open","sticky":false,"template":"","format":"standard","meta":{"_crdt_document":"","_monsterinsights_skip_tracking":false,"_monsterinsights_sitenote_active":false,"_monsterinsights_sitenote_note":"","_monsterinsights_sitenote_category":0,"footnotes":""},"categories":[9],"tags":[20,17],"class_list":["post-20909","post","type-post","status-publish","format-standard","hentry","category-politik","tag-rad","tag-solidaritet"],"_links":{"self":[{"href":"https:\/\/sven-ove.nu\/index.php?rest_route=\/wp\/v2\/posts\/20909","targetHints":{"allow":["GET"]}}],"collection":[{"href":"https:\/\/sven-ove.nu\/index.php?rest_route=\/wp\/v2\/posts"}],"about":[{"href":"https:\/\/sven-ove.nu\/index.php?rest_route=\/wp\/v2\/types\/post"}],"author":[{"embeddable":true,"href":"https:\/\/sven-ove.nu\/index.php?rest_route=\/wp\/v2\/users\/1"}],"replies":[{"embeddable":true,"href":"https:\/\/sven-ove.nu\/index.php?rest_route=%2Fwp%2Fv2%2Fcomments&post=20909"}],"version-history":[{"count":3,"href":"https:\/\/sven-ove.nu\/index.php?rest_route=\/wp\/v2\/posts\/20909\/revisions"}],"predecessor-version":[{"id":20914,"href":"https:\/\/sven-ove.nu\/index.php?rest_route=\/wp\/v2\/posts\/20909\/revisions\/20914"}],"wp:attachment":[{"href":"https:\/\/sven-ove.nu\/index.php?rest_route=%2Fwp%2Fv2%2Fmedia&parent=20909"}],"wp:term":[{"taxonomy":"category","embeddable":true,"href":"https:\/\/sven-ove.nu\/index.php?rest_route=%2Fwp%2Fv2%2Fcategories&post=20909"},{"taxonomy":"post_tag","embeddable":true,"href":"https:\/\/sven-ove.nu\/index.php?rest_route=%2Fwp%2Fv2%2Ftags&post=20909"}],"curies":[{"name":"wp","href":"https:\/\/api.w.org\/{rel}","templated":true}]}}