{"id":20916,"date":"2019-06-07T04:07:26","date_gmt":"2019-06-07T03:07:26","guid":{"rendered":"http:\/\/sven-ove.nu\/?p=20916"},"modified":"2019-06-07T06:03:25","modified_gmt":"2019-06-07T05:03:25","slug":"kort-sagt-dott-fult","status":"publish","type":"post","link":"https:\/\/sven-ove.nu\/?p=20916","title":{"rendered":"Kort sagt d\u00f6tt och fult"},"content":{"rendered":"<p><a href=\"https:\/\/sven-ove.nu\/wp-content\/uploads\/2019\/06\/Jakt-p\u00e5g\u00e5r.jpg\"><img loading=\"lazy\" decoding=\"async\" class=\"size-large wp-image-20917 alignnone\" src=\"https:\/\/sven-ove.nu\/wp-content\/uploads\/2019\/06\/Jakt-p\u00e5g\u00e5r-1010x1024.jpg\" alt=\"\" width=\"660\" height=\"669\" srcset=\"https:\/\/sven-ove.nu\/wp-content\/uploads\/2019\/06\/Jakt-p\u00e5g\u00e5r-1010x1024.jpg 1010w, https:\/\/sven-ove.nu\/wp-content\/uploads\/2019\/06\/Jakt-p\u00e5g\u00e5r-296x300.jpg 296w, https:\/\/sven-ove.nu\/wp-content\/uploads\/2019\/06\/Jakt-p\u00e5g\u00e5r-768x779.jpg 768w, https:\/\/sven-ove.nu\/wp-content\/uploads\/2019\/06\/Jakt-p\u00e5g\u00e5r.jpg 1262w\" sizes=\"auto, (max-width: 660px) 100vw, 660px\" \/><\/a><\/p>\n<blockquote><p>Hur har det g\u00e5tt med journalistikens utveckling?<br \/>\nJo tack:<\/p><\/blockquote>\n<p>D\u00e5liga foton i media av skrivande reportrar, n\u00e4r pressfotografer f\u00e5tt sluta.<br \/>\nB\u00e4ttre och b\u00e4ttre foton av amat\u00f6rer i sociala medier, dock icke journalistiska bilder.<br \/>\nKort.<\/p>\n<p>Kn\u00f6kfullt med genrebilder p\u00e5 lagb\u00f6cker och bl\u00e5ljuslampor.<br \/>\nD\u00f6tt.<\/p>\n<p>D\u00e5lig tv p\u00e5 dagspresswebben, producerad av amat\u00f6rer f\u00f6rkl\u00e4dda till journalister.<br \/>\nD\u00e5lig tv av SVT som l\u00e5tsas ha gl\u00f6mt att det \u00e4r skillnad p\u00e5 nazister och vanligt folk.<br \/>\nFult.<\/p>\n<p>Jo tack.<br \/>\nDet rullar p\u00e5.<\/p>\n<p style=\"text-align: left;\"><em><span style=\"color: #ff6600;\"><strong>###<\/strong><\/span>\u00a0<span style=\"color: #0000ff;\"><a style=\"color: #0000ff;\" href=\"https:\/\/sven-ove.nu\/?p=20900\">Grejl\u00f6paren<\/a><br \/>\n<\/span><\/em><span style=\"color: #0000ff;\"><a style=\"color: #0000ff;\" href=\"https:\/\/sven-ove.nu\/?page_id=170\">Om mig<\/a><\/span>\u00a0|\u00a0<span style=\"color: #0000ff;\"><a style=\"color: #0000ff;\" href=\"https:\/\/sven-ove.nu\/?p=20642\">Flickan med fl\u00e4torna och f\u00f6rnekarnas flyktingstr\u00f6mmar<\/a><\/span><br \/>\n<em>Inl\u00e4gg nr 1\u00a0956. (c) Sven-Ove Svensson (men dela g\u00e4rna)<\/em><\/p>\n","protected":false},"excerpt":{"rendered":"<p>Hur har det g\u00e5tt med journalistikens utveckling? Jo tack: D\u00e5liga foton i media av skrivande reportrar, n\u00e4r pressfotografer f\u00e5tt sluta. B\u00e4ttre och b\u00e4ttre foton av amat\u00f6rer i sociala medier, dock icke journalistiska bilder. Kort. Kn\u00f6kfullt med genrebilder p\u00e5 lagb\u00f6cker och bl\u00e5ljuslampor. D\u00f6tt. D\u00e5lig tv p\u00e5 dagspresswebben, producerad av amat\u00f6rer f\u00f6rkl\u00e4dda till journalister. D\u00e5lig tv av &hellip; <a href=\"https:\/\/sven-ove.nu\/?p=20916\" class=\"more-link\">Forts\u00e4tt l\u00e4sa <span class=\"screen-reader-text\">Kort sagt d\u00f6tt och fult<\/span><\/a><\/p>\n","protected":false},"author":1,"featured_media":0,"comment_status":"closed","ping_status":"open","sticky":false,"template":"","format":"standard","meta":{"_crdt_document":"","_monsterinsights_skip_tracking":false,"_monsterinsights_sitenote_active":false,"_monsterinsights_sitenote_note":"","_monsterinsights_sitenote_category":0,"footnotes":""},"categories":[34,4],"tags":[16,15],"class_list":["post-20916","post","type-post","status-publish","format-standard","hentry","category-foto","category-skrivande","tag-dumheter","tag-mediedjungeln"],"_links":{"self":[{"href":"https:\/\/sven-ove.nu\/index.php?rest_route=\/wp\/v2\/posts\/20916","targetHints":{"allow":["GET"]}}],"collection":[{"href":"https:\/\/sven-ove.nu\/index.php?rest_route=\/wp\/v2\/posts"}],"about":[{"href":"https:\/\/sven-ove.nu\/index.php?rest_route=\/wp\/v2\/types\/post"}],"author":[{"embeddable":true,"href":"https:\/\/sven-ove.nu\/index.php?rest_route=\/wp\/v2\/users\/1"}],"replies":[{"embeddable":true,"href":"https:\/\/sven-ove.nu\/index.php?rest_route=%2Fwp%2Fv2%2Fcomments&post=20916"}],"version-history":[{"count":7,"href":"https:\/\/sven-ove.nu\/index.php?rest_route=\/wp\/v2\/posts\/20916\/revisions"}],"predecessor-version":[{"id":20924,"href":"https:\/\/sven-ove.nu\/index.php?rest_route=\/wp\/v2\/posts\/20916\/revisions\/20924"}],"wp:attachment":[{"href":"https:\/\/sven-ove.nu\/index.php?rest_route=%2Fwp%2Fv2%2Fmedia&parent=20916"}],"wp:term":[{"taxonomy":"category","embeddable":true,"href":"https:\/\/sven-ove.nu\/index.php?rest_route=%2Fwp%2Fv2%2Fcategories&post=20916"},{"taxonomy":"post_tag","embeddable":true,"href":"https:\/\/sven-ove.nu\/index.php?rest_route=%2Fwp%2Fv2%2Ftags&post=20916"}],"curies":[{"name":"wp","href":"https:\/\/api.w.org\/{rel}","templated":true}]}}