{"id":20925,"date":"2019-06-12T12:50:46","date_gmt":"2019-06-12T11:50:46","guid":{"rendered":"http:\/\/sven-ove.nu\/?p=20925"},"modified":"2019-06-12T12:54:48","modified_gmt":"2019-06-12T11:54:48","slug":"20925","status":"publish","type":"post","link":"https:\/\/sven-ove.nu\/?p=20925","title":{"rendered":"Nya ordlistan"},"content":{"rendered":"<p><a href=\"https:\/\/sven-ove.nu\/wp-content\/uploads\/2019\/06\/L\u00f6v.jpg\"><img loading=\"lazy\" decoding=\"async\" class=\"size-large wp-image-20927 alignnone\" src=\"https:\/\/sven-ove.nu\/wp-content\/uploads\/2019\/06\/L\u00f6v-1024x882.jpg\" alt=\"\" width=\"660\" height=\"568\" srcset=\"https:\/\/sven-ove.nu\/wp-content\/uploads\/2019\/06\/L\u00f6v-1024x882.jpg 1024w, https:\/\/sven-ove.nu\/wp-content\/uploads\/2019\/06\/L\u00f6v-300x258.jpg 300w, https:\/\/sven-ove.nu\/wp-content\/uploads\/2019\/06\/L\u00f6v-768x661.jpg 768w, https:\/\/sven-ove.nu\/wp-content\/uploads\/2019\/06\/L\u00f6v.jpg 1280w\" sizes=\"auto, (max-width: 660px) 100vw, 660px\" \/><\/a><\/p>\n<p><strong>Extremist<br \/>\n<\/strong>SVT-beteckning p\u00e5 m\u00e4nniska som inte \u00e4r folkpartist.<\/p>\n<p><strong>Nationaldag<br \/>\n<\/strong>Ledig dag d\u00e5 varje \u00e4kta fr\u00e4mlingsfientlig svensk b\u00f6r st\u00e5 och rycka i n\u00e4rmaste skolas helgdagsst\u00e4ngda d\u00f6rr, f\u00f6r att f\u00f6rs\u00f6ka komma in och sjunga nationals\u00e5ngen.<\/p>\n<p><strong>PK<br \/>\n<\/strong>N\u00e4r politiskt h\u00f6gerfolk innerst inne inser att motst\u00e5ndarna har r\u00e4tt men inte vill erk\u00e4nna det, utan i st\u00e4llet f\u00f6rs\u00f6ker byta betydelse p\u00e5 den v\u00e4nsterpolitik som inte \u00e4r politiskt inkorrekt utan just \u2013 korrekt.<\/p>\n<p>De vet ju det.<br \/>\nDen \u00e4r korrekt.<\/p>\n<p>Det \u00e4r d\u00e4rf\u00f6r de s\u00e4ger det hela tiden. Politiskt korrekt.<\/p>\n<p style=\"padding-left: 40px;\"><strong><em>### <\/em><\/strong><em>Det h\u00e4r f\u00f6rsenade inl\u00e4gget<\/em><em>\u00a0\u00e4r ett prov, f\u00f6r att se om webbhotellet fungerar igen. <\/em><\/p>\n<p><span style=\"color: #0000ff;\"><a style=\"color: #0000ff;\" href=\"https:\/\/sven-ove.nu\/\">Hem<\/a><\/span>\u00a0|\u00a0<span style=\"color: #0000ff;\"><a style=\"color: #0000ff;\" href=\"https:\/\/sven-ove.nu\/?page_id=170\">Om mig<\/a><\/span>\u00a0|\u00a0<span style=\"color: #0000ff;\"><a style=\"color: #0000ff;\" href=\"https:\/\/sven-ove.nu\/?page_id=1385\">Skriva &amp; prata<\/a><\/span>\u00a0|\u00a0<span style=\"color: #0000ff;\"><a style=\"color: #0000ff;\" href=\"https:\/\/sven-ove.nu\/?page_id=100\">Politik<\/a><\/span>\u00a0|\u00a0<span style=\"color: #0000ff;\"><a style=\"color: #0000ff;\" href=\"https:\/\/sven-ove.nu\/?page_id=102\">L\u00f6pa<\/a><\/span>\u00a0|\u00a0<span style=\"color: #0000ff;\"><a style=\"color: #0000ff;\" href=\"https:\/\/sven-ove.nu\/?page_id=108\">Viktor Root<\/a><\/span><br \/>\n<em>Inl\u00e4gg nr 1\u00a0957. (c) Sven-Ove Svensson (men dela g\u00e4rna) <\/em><\/p>\n","protected":false},"excerpt":{"rendered":"<p>Extremist SVT-beteckning p\u00e5 m\u00e4nniska som inte \u00e4r folkpartist. Nationaldag Ledig dag d\u00e5 varje \u00e4kta fr\u00e4mlingsfientlig svensk b\u00f6r st\u00e5 och rycka i n\u00e4rmaste skolas helgdagsst\u00e4ngda d\u00f6rr, f\u00f6r att f\u00f6rs\u00f6ka komma in och sjunga nationals\u00e5ngen. PK N\u00e4r politiskt h\u00f6gerfolk innerst inne inser att motst\u00e5ndarna har r\u00e4tt men inte vill erk\u00e4nna det, utan i st\u00e4llet f\u00f6rs\u00f6ker byta betydelse &hellip; <a href=\"https:\/\/sven-ove.nu\/?p=20925\" class=\"more-link\">Forts\u00e4tt l\u00e4sa <span class=\"screen-reader-text\">Nya ordlistan<\/span><\/a><\/p>\n","protected":false},"author":1,"featured_media":0,"comment_status":"closed","ping_status":"open","sticky":false,"template":"","format":"standard","meta":{"_crdt_document":"","_monsterinsights_skip_tracking":false,"_monsterinsights_sitenote_active":false,"_monsterinsights_sitenote_note":"","_monsterinsights_sitenote_category":0,"footnotes":""},"categories":[9,4],"tags":[15],"class_list":["post-20925","post","type-post","status-publish","format-standard","hentry","category-politik","category-skrivande","tag-mediedjungeln"],"_links":{"self":[{"href":"https:\/\/sven-ove.nu\/index.php?rest_route=\/wp\/v2\/posts\/20925","targetHints":{"allow":["GET"]}}],"collection":[{"href":"https:\/\/sven-ove.nu\/index.php?rest_route=\/wp\/v2\/posts"}],"about":[{"href":"https:\/\/sven-ove.nu\/index.php?rest_route=\/wp\/v2\/types\/post"}],"author":[{"embeddable":true,"href":"https:\/\/sven-ove.nu\/index.php?rest_route=\/wp\/v2\/users\/1"}],"replies":[{"embeddable":true,"href":"https:\/\/sven-ove.nu\/index.php?rest_route=%2Fwp%2Fv2%2Fcomments&post=20925"}],"version-history":[{"count":3,"href":"https:\/\/sven-ove.nu\/index.php?rest_route=\/wp\/v2\/posts\/20925\/revisions"}],"predecessor-version":[{"id":20929,"href":"https:\/\/sven-ove.nu\/index.php?rest_route=\/wp\/v2\/posts\/20925\/revisions\/20929"}],"wp:attachment":[{"href":"https:\/\/sven-ove.nu\/index.php?rest_route=%2Fwp%2Fv2%2Fmedia&parent=20925"}],"wp:term":[{"taxonomy":"category","embeddable":true,"href":"https:\/\/sven-ove.nu\/index.php?rest_route=%2Fwp%2Fv2%2Fcategories&post=20925"},{"taxonomy":"post_tag","embeddable":true,"href":"https:\/\/sven-ove.nu\/index.php?rest_route=%2Fwp%2Fv2%2Ftags&post=20925"}],"curies":[{"name":"wp","href":"https:\/\/api.w.org\/{rel}","templated":true}]}}