{"id":21051,"date":"2019-07-20T05:22:33","date_gmt":"2019-07-20T04:22:33","guid":{"rendered":"http:\/\/sven-ove.nu\/?p=21051"},"modified":"2019-07-20T11:52:42","modified_gmt":"2019-07-20T10:52:42","slug":"vi-raknar-inte-skratten","status":"publish","type":"post","link":"https:\/\/sven-ove.nu\/?p=21051","title":{"rendered":"Vi r\u00e4knar inte skratten"},"content":{"rendered":"<p><a href=\"https:\/\/sven-ove.nu\/wp-content\/uploads\/2019\/07\/Boende.jpg\"><img loading=\"lazy\" decoding=\"async\" class=\"size-large wp-image-21053 alignnone\" src=\"https:\/\/sven-ove.nu\/wp-content\/uploads\/2019\/07\/Boende-1024x950.jpg\" alt=\"\" width=\"660\" height=\"612\" srcset=\"https:\/\/sven-ove.nu\/wp-content\/uploads\/2019\/07\/Boende-1024x950.jpg 1024w, https:\/\/sven-ove.nu\/wp-content\/uploads\/2019\/07\/Boende-300x278.jpg 300w, https:\/\/sven-ove.nu\/wp-content\/uploads\/2019\/07\/Boende-768x713.jpg 768w, https:\/\/sven-ove.nu\/wp-content\/uploads\/2019\/07\/Boende.jpg 1280w\" sizes=\"auto, (max-width: 660px) 100vw, 660px\" \/><\/a><\/p>\n<blockquote><p><strong>\u00a0<\/strong>Vi ska skratta minst tre g\u00e5nger om dagen tillsammans, den k\u00e4ra v\u00e4nnen och jag. Det har vi best\u00e4mt.<\/p><\/blockquote>\n<p>Fast vi r\u00e4knar inte skratten. Det har s\u00e4llan beh\u00f6vts. Ocks\u00e5 i de svarta stunder (som \u00e4ven vi har v\u00e5r andel av) finns det \u00f6gonblick n\u00e4r vi t\u00e4nker p\u00e5 annat. D\u00e5, n\u00e4r humorn blir ett pl\u00e5ster.<\/p>\n<p>Gudskelov f\u00f6r det pl\u00e5stret.<\/p>\n<p>B\u00f6rjar du r\u00e4kna skratten s\u00e5 l\u00e5ser de sig snart och blir tilltvingade. Det m\u00e5r inget f\u00f6rh\u00e5llande bra av, k\u00e4rleken genomsk\u00e5dar s\u00e5nt.<\/p>\n<p><strong>B\u00e4sta t\u00e4ndv\u00e4tskan<br \/>\n<\/strong>R\u00e4tt sm\u00e5leende, fnitter eller skratt i r\u00e4tt stund \u00e4r den b\u00e4sta t\u00e4ndv\u00e4tskan jag vet i en relation. S\u00e5 fungerar i varje fall vi.<\/p>\n<p>Ibland \u00e4r humorn en sporre p\u00e5 arbetsplatsen. M\u00f6ten blir g\u00e4rna l\u00e4ngre p\u00e5 det viset. Men de blir varmare.<\/p>\n<p>Att sedan st\u00e5 inf\u00f6r en publik och lyckas f\u00e5 den att skratta n\u00e4r man sj\u00e4lv vill, och \u00e5t ett sk\u00e4mt med allvar i, \u00e4r en underbar bel\u00f6ning.<\/p>\n<p><em><strong><span style=\"color: #ff6600;\">###<\/span>\u00a0<\/strong>\u201dDen jag inte kan skratta med kan jag heller inte tala allvar med.\u201d (Mats Oscarsson, min forne chef p\u00e5 R\u00e4ddningsverket).<\/em><br \/>\n<em><strong><span style=\"color: #ff6600;\">###<\/span>\u00a0<\/strong>\u201dhumor, 1) som karakt\u00e4rsegenskap: sinne f\u00f6r det roliga, f\u00f6rm\u00e5ga att identifiera och med visst n\u00f6je acceptera tillvarons ofullkomligheter;\u201d (ne.se).<\/em><\/p>\n<p><span style=\"color: #0000ff;\"><a style=\"color: #0000ff;\" href=\"https:\/\/sven-ove.nu\/\">Hem<\/a><\/span>\u00a0|\u00a0<span style=\"color: #0000ff;\"><a style=\"color: #0000ff;\" href=\"https:\/\/sven-ove.nu\/?page_id=170\">Om mig<\/a><\/span>\u00a0|\u00a0<span style=\"color: #0000ff;\"><a style=\"color: #0000ff;\" href=\"https:\/\/sven-ove.nu\/?page_id=1385\">Skriva &amp; prata<\/a><\/span>\u00a0|\u00a0<span style=\"color: #0000ff;\"><a style=\"color: #0000ff;\" href=\"https:\/\/sven-ove.nu\/?page_id=100\">Politik<\/a><\/span>\u00a0|\u00a0<span style=\"color: #0000ff;\"><a style=\"color: #0000ff;\" href=\"https:\/\/sven-ove.nu\/?page_id=102\">L\u00f6pa<\/a><\/span>\u00a0|\u00a0<span style=\"color: #0000ff;\"><a style=\"color: #0000ff;\" href=\"https:\/\/sven-ove.nu\/?page_id=108\">Viktor Root<\/a><\/span><br \/>\n<em>Inl\u00e4gg nr 1\u00a0966. (c) Sven-Ove Svensson (men dela g\u00e4rna) <\/em><\/p>\n","protected":false},"excerpt":{"rendered":"<p>\u00a0Vi ska skratta minst tre g\u00e5nger om dagen tillsammans, den k\u00e4ra v\u00e4nnen och jag. Det har vi best\u00e4mt. Fast vi r\u00e4knar inte skratten. Det har s\u00e4llan beh\u00f6vts. Ocks\u00e5 i de svarta stunder (som \u00e4ven vi har v\u00e5r andel av) finns det \u00f6gonblick n\u00e4r vi t\u00e4nker p\u00e5 annat. D\u00e5, n\u00e4r humorn blir ett pl\u00e5ster. Gudskelov f\u00f6r &hellip; <a href=\"https:\/\/sven-ove.nu\/?p=21051\" class=\"more-link\">Forts\u00e4tt l\u00e4sa <span class=\"screen-reader-text\">Vi r\u00e4knar inte skratten<\/span><\/a><\/p>\n","protected":false},"author":1,"featured_media":0,"comment_status":"closed","ping_status":"open","sticky":false,"template":"","format":"standard","meta":{"_crdt_document":"","_monsterinsights_skip_tracking":false,"_monsterinsights_sitenote_active":false,"_monsterinsights_sitenote_note":"","_monsterinsights_sitenote_category":0,"footnotes":""},"categories":[10],"tags":[24],"class_list":["post-21051","post","type-post","status-publish","format-standard","hentry","category-familjen","tag-karlek"],"_links":{"self":[{"href":"https:\/\/sven-ove.nu\/index.php?rest_route=\/wp\/v2\/posts\/21051","targetHints":{"allow":["GET"]}}],"collection":[{"href":"https:\/\/sven-ove.nu\/index.php?rest_route=\/wp\/v2\/posts"}],"about":[{"href":"https:\/\/sven-ove.nu\/index.php?rest_route=\/wp\/v2\/types\/post"}],"author":[{"embeddable":true,"href":"https:\/\/sven-ove.nu\/index.php?rest_route=\/wp\/v2\/users\/1"}],"replies":[{"embeddable":true,"href":"https:\/\/sven-ove.nu\/index.php?rest_route=%2Fwp%2Fv2%2Fcomments&post=21051"}],"version-history":[{"count":4,"href":"https:\/\/sven-ove.nu\/index.php?rest_route=\/wp\/v2\/posts\/21051\/revisions"}],"predecessor-version":[{"id":21057,"href":"https:\/\/sven-ove.nu\/index.php?rest_route=\/wp\/v2\/posts\/21051\/revisions\/21057"}],"wp:attachment":[{"href":"https:\/\/sven-ove.nu\/index.php?rest_route=%2Fwp%2Fv2%2Fmedia&parent=21051"}],"wp:term":[{"taxonomy":"category","embeddable":true,"href":"https:\/\/sven-ove.nu\/index.php?rest_route=%2Fwp%2Fv2%2Fcategories&post=21051"},{"taxonomy":"post_tag","embeddable":true,"href":"https:\/\/sven-ove.nu\/index.php?rest_route=%2Fwp%2Fv2%2Ftags&post=21051"}],"curies":[{"name":"wp","href":"https:\/\/api.w.org\/{rel}","templated":true}]}}