{"id":21059,"date":"2019-07-29T05:01:50","date_gmt":"2019-07-29T04:01:50","guid":{"rendered":"http:\/\/sven-ove.nu\/?p=21059"},"modified":"2019-07-28T08:16:05","modified_gmt":"2019-07-28T07:16:05","slug":"vem-skapade-det-svenska-missnojet","status":"publish","type":"post","link":"https:\/\/sven-ove.nu\/?p=21059","title":{"rendered":"Vem skapade det svenska missn\u00f6jet?"},"content":{"rendered":"<p><a href=\"https:\/\/sven-ove.nu\/wp-content\/uploads\/2019\/07\/Missn\u00f6jet.jpg\"><img loading=\"lazy\" decoding=\"async\" class=\"size-large wp-image-21061 alignnone\" src=\"https:\/\/sven-ove.nu\/wp-content\/uploads\/2019\/07\/Missn\u00f6jet-1024x987.jpg\" alt=\"\" width=\"660\" height=\"636\" srcset=\"https:\/\/sven-ove.nu\/wp-content\/uploads\/2019\/07\/Missn\u00f6jet-1024x987.jpg 1024w, https:\/\/sven-ove.nu\/wp-content\/uploads\/2019\/07\/Missn\u00f6jet-300x289.jpg 300w, https:\/\/sven-ove.nu\/wp-content\/uploads\/2019\/07\/Missn\u00f6jet-768x740.jpg 768w, https:\/\/sven-ove.nu\/wp-content\/uploads\/2019\/07\/Missn\u00f6jet.jpg 1280w\" sizes=\"auto, (max-width: 660px) 100vw, 660px\" \/><\/a><\/p>\n<p>Hur t\u00e4nkte du nu, politiske f\u00f6rtroendeman?<\/p>\n<p>Du skulle s\u00e4lja v\u00e5r post och telefoni, v\u00e5ra skolor, apotek och v\u00e5rdcentraler, v\u00e5rt j\u00e4rnv\u00e4gsunderh\u00e5ll och v\u00e5r t\u00e5gtrafik och dessutom avreglera alla taxibilar och l\u00e4gga ner arbetsf\u00f6rmedlingen. Om du bara fick s\u00e4lja ut allt det, sa du, s\u00e5 skulle allt bli bra.<\/p>\n<p>Hur tycker du att det gick?<\/p>\n<p>H\u00e4r d\u00e4r jag bor har vi ingen bank, ingen taxi, och inget postkontor i hela kommunen. Polisen kommer p\u00e5 bes\u00f6k till sitt kontor helgfria tisdagar 10-12. Om inget h\u00e4nder. Just nu \u00e4r det helst\u00e4ngt, sommaren har h\u00e4nt.<\/p>\n<p>Var det s\u00e5 du hade t\u00e4nkt?<\/p>\n<p>Du vet vem som skapade det svenska missn\u00f6jet, va\u2019? Utan dig skulle inte n\u00e4ttrollen ha en chans.<\/p>\n<p>Folk vill inte k\u00e4nna sig s\u00e5lda.<\/p>\n<p><span style=\"color: #0000ff;\"><a style=\"color: #0000ff;\" href=\"https:\/\/sven-ove.nu\/\">Hem<\/a><\/span>\u00a0|\u00a0<span style=\"color: #0000ff;\"><a style=\"color: #0000ff;\" href=\"https:\/\/sven-ove.nu\/?page_id=170\">Om mig<\/a><\/span>\u00a0|\u00a0<span style=\"color: #0000ff;\"><a style=\"color: #0000ff;\" href=\"https:\/\/sven-ove.nu\/?page_id=1385\">Skriva &amp; prata<\/a><\/span>\u00a0|\u00a0<span style=\"color: #0000ff;\"><a style=\"color: #0000ff;\" href=\"https:\/\/sven-ove.nu\/?page_id=100\">Politik<\/a><\/span>\u00a0|\u00a0<span style=\"color: #0000ff;\"><a style=\"color: #0000ff;\" href=\"https:\/\/sven-ove.nu\/?page_id=102\">L\u00f6pa<\/a><\/span>\u00a0|\u00a0<span style=\"color: #0000ff;\"><a style=\"color: #0000ff;\" href=\"https:\/\/sven-ove.nu\/?page_id=108\">Viktor Root<\/a><\/span><br \/>\n<em>Inl\u00e4gg nr 1\u00a0967. (c) Sven-Ove Svensson (men dela g\u00e4rna) <\/em><\/p>\n","protected":false},"excerpt":{"rendered":"<p>Hur t\u00e4nkte du nu, politiske f\u00f6rtroendeman? Du skulle s\u00e4lja v\u00e5r post och telefoni, v\u00e5ra skolor, apotek och v\u00e5rdcentraler, v\u00e5rt j\u00e4rnv\u00e4gsunderh\u00e5ll och v\u00e5r t\u00e5gtrafik och dessutom avreglera alla taxibilar och l\u00e4gga ner arbetsf\u00f6rmedlingen. Om du bara fick s\u00e4lja ut allt det, sa du, s\u00e5 skulle allt bli bra. Hur tycker du att det gick? H\u00e4r d\u00e4r &hellip; <a href=\"https:\/\/sven-ove.nu\/?p=21059\" class=\"more-link\">Forts\u00e4tt l\u00e4sa <span class=\"screen-reader-text\">Vem skapade det svenska missn\u00f6jet?<\/span><\/a><\/p>\n","protected":false},"author":1,"featured_media":0,"comment_status":"closed","ping_status":"open","sticky":false,"template":"","format":"standard","meta":{"_crdt_document":"","_monsterinsights_skip_tracking":false,"_monsterinsights_sitenote_active":false,"_monsterinsights_sitenote_note":"","_monsterinsights_sitenote_category":0,"footnotes":""},"categories":[9],"tags":[16,18],"class_list":["post-21059","post","type-post","status-publish","format-standard","hentry","category-politik","tag-dumheter","tag-lardomar"],"_links":{"self":[{"href":"https:\/\/sven-ove.nu\/index.php?rest_route=\/wp\/v2\/posts\/21059","targetHints":{"allow":["GET"]}}],"collection":[{"href":"https:\/\/sven-ove.nu\/index.php?rest_route=\/wp\/v2\/posts"}],"about":[{"href":"https:\/\/sven-ove.nu\/index.php?rest_route=\/wp\/v2\/types\/post"}],"author":[{"embeddable":true,"href":"https:\/\/sven-ove.nu\/index.php?rest_route=\/wp\/v2\/users\/1"}],"replies":[{"embeddable":true,"href":"https:\/\/sven-ove.nu\/index.php?rest_route=%2Fwp%2Fv2%2Fcomments&post=21059"}],"version-history":[{"count":3,"href":"https:\/\/sven-ove.nu\/index.php?rest_route=\/wp\/v2\/posts\/21059\/revisions"}],"predecessor-version":[{"id":21063,"href":"https:\/\/sven-ove.nu\/index.php?rest_route=\/wp\/v2\/posts\/21059\/revisions\/21063"}],"wp:attachment":[{"href":"https:\/\/sven-ove.nu\/index.php?rest_route=%2Fwp%2Fv2%2Fmedia&parent=21059"}],"wp:term":[{"taxonomy":"category","embeddable":true,"href":"https:\/\/sven-ove.nu\/index.php?rest_route=%2Fwp%2Fv2%2Fcategories&post=21059"},{"taxonomy":"post_tag","embeddable":true,"href":"https:\/\/sven-ove.nu\/index.php?rest_route=%2Fwp%2Fv2%2Ftags&post=21059"}],"curies":[{"name":"wp","href":"https:\/\/api.w.org\/{rel}","templated":true}]}}