{"id":21064,"date":"2019-08-02T05:16:46","date_gmt":"2019-08-02T04:16:46","guid":{"rendered":"http:\/\/sven-ove.nu\/?p=21064"},"modified":"2019-08-01T10:22:20","modified_gmt":"2019-08-01T09:22:20","slug":"21064","status":"publish","type":"post","link":"https:\/\/sven-ove.nu\/?p=21064","title":{"rendered":"Gn\u00e4ll inte s\u00e5 f\u00f6rbaskat"},"content":{"rendered":"<p><a href=\"https:\/\/sven-ove.nu\/wp-content\/uploads\/2019\/08\/Sommarv\u00e4g-i-skogen.jpg\"><img loading=\"lazy\" decoding=\"async\" class=\"size-large wp-image-21066 alignnone\" src=\"https:\/\/sven-ove.nu\/wp-content\/uploads\/2019\/08\/Sommarv\u00e4g-i-skogen-1024x1024.jpg\" alt=\"\" width=\"660\" height=\"660\" srcset=\"https:\/\/sven-ove.nu\/wp-content\/uploads\/2019\/08\/Sommarv\u00e4g-i-skogen-1024x1024.jpg 1024w, https:\/\/sven-ove.nu\/wp-content\/uploads\/2019\/08\/Sommarv\u00e4g-i-skogen-150x150.jpg 150w, https:\/\/sven-ove.nu\/wp-content\/uploads\/2019\/08\/Sommarv\u00e4g-i-skogen-300x300.jpg 300w, https:\/\/sven-ove.nu\/wp-content\/uploads\/2019\/08\/Sommarv\u00e4g-i-skogen-768x768.jpg 768w, https:\/\/sven-ove.nu\/wp-content\/uploads\/2019\/08\/Sommarv\u00e4g-i-skogen.jpg 1280w\" sizes=\"auto, (max-width: 660px) 100vw, 660px\" \/><\/a><\/p>\n<blockquote><p>\u00c4n en g\u00e5ng h\u00f6r jag p\u00e5st\u00e5endet: Att det \u00e4r ett problem att antalet journalister minskar medan kommunikat\u00f6rerna blir fler och fler.<\/p><\/blockquote>\n<p><strong>Ja<\/strong>, det \u00e4r ett problem att journalistk\u00e5ren krymper. Det g\u00f6r media s\u00e4mre, granskningen mer slumpartad och demokratin sk\u00f6rare.<\/p>\n<p><strong>Nej<\/strong>, det \u00e4r inget problem att vi f\u00e5r fler kommunikat\u00f6rer. Den mots\u00e4ttningen \u00e4r konstlad och bevisar bara att ni som oroar er \u00e4r d\u00e5ligt insatta.<\/p>\n<p><strong>Vi hotade ingen<br \/>\n<\/strong>P\u00e5 mitt forna jobb, offentlig\u00e4gda V\u00e4rmlandstrafik, hade vi en kommunikat\u00f6r som for l\u00e4net runt och organiserade biljettf\u00f6rs\u00e4ljningsst\u00e4llen. Inte hotade hon n\u00e5gon journalistik. Vi hade en som ansvarade f\u00f6r biljettinformation. Hon hotade heller ingen. Tre av oss andra sysslade med webb, tidtabeller och diverse tryckt information, plus att den sj\u00e4tte var chef. Ingen av oss var det minsta hotfull.<\/p>\n<p>Sj\u00e4lv sysslade jag med presstj\u00e4nst ocks\u00e5, det \u00e4r sant. Kanske 5-10 procent av min tj\u00e4nst. Den gick ut p\u00e5 att skriva pressmeddelanden, hj\u00e4lpa journalister med fakta om kollektivtrafiken och leta reda p\u00e5 v\u00e5r vd om han var upptagen. Det sista beh\u00f6vdes n\u00e4stan aldrig, han var alltid kontaktbar f\u00f6r media.<\/p>\n<p>Vi kommunikat\u00f6rer propagerade f\u00f6r \u00f6ppenhet inf\u00f6r samma media. Det beh\u00f6vdes egentligen inte heller de sista tio \u00e5ren. Folk f\u00f6rstod.<\/p>\n<p><strong>D\u00e5ligt p\u00e5l\u00e4sta<br \/>\n<\/strong>\u00d6kat informationsarbete \u00e4r inget problem.\u00a0Anorektiska redaktioner och illa p\u00e5l\u00e4sta redakt\u00f6rer \u00e4r det. L\u00e4s p\u00e5. Men beklaga er inte f\u00f6r att andra skaffar egna informationskanaler.<\/p>\n<p>Sj\u00e4lva hade vi g\u00e4rna blivit mer grundligt granskade, fast s\u00e5 blev det inte. Tyv\u00e4rr.<\/p>\n<p>L\u00e4s p\u00e5. Granska. Men gn\u00e4ll inte s\u00e5 f\u00f6rbaskat. Vi kan v\u00e4l inte hj\u00e4lpa att ni gett bort era artiklar gratis sedan strax f\u00f6re millennieskiftet.<\/p>\n<p>Den aff\u00e4rsid\u00e9n borde n\u00e5gon ha granskat.<\/p>\n<p><span style=\"color: #0000ff;\"><a style=\"color: #0000ff;\" href=\"https:\/\/sven-ove.nu\/\">Hem<\/a><\/span>\u00a0|\u00a0<a href=\"https:\/\/sven-ove.nu\/?page_id=170\"><span style=\"color: #0000ff;\">Om mig<\/span><\/a>\u00a0|\u00a0<span style=\"color: #0000ff;\"><a style=\"color: #0000ff;\" href=\"https:\/\/sven-ove.nu\/?page_id=1385\">Skriva &amp; prata<\/a><\/span>\u00a0|\u00a0<span style=\"color: #0000ff;\"><a style=\"color: #0000ff;\" href=\"https:\/\/sven-ove.nu\/?page_id=100\">Politik<\/a><\/span>\u00a0|\u00a0<span style=\"color: #0000ff;\"><a style=\"color: #0000ff;\" href=\"https:\/\/sven-ove.nu\/?page_id=102\">L\u00f6pa<\/a><\/span>\u00a0|\u00a0<span style=\"color: #0000ff;\"><a style=\"color: #0000ff;\" href=\"https:\/\/sven-ove.nu\/?page_id=108\">Viktor Root<\/a><\/span><br \/>\n<em>Inl\u00e4gg nr 1\u00a0968. (c) Sven-Ove Svensson (men dela g\u00e4rna) <\/em><\/p>\n","protected":false},"excerpt":{"rendered":"<p>\u00c4n en g\u00e5ng h\u00f6r jag p\u00e5st\u00e5endet: Att det \u00e4r ett problem att antalet journalister minskar medan kommunikat\u00f6rerna blir fler och fler. Ja, det \u00e4r ett problem att journalistk\u00e5ren krymper. Det g\u00f6r media s\u00e4mre, granskningen mer slumpartad och demokratin sk\u00f6rare. Nej, det \u00e4r inget problem att vi f\u00e5r fler kommunikat\u00f6rer. Den mots\u00e4ttningen \u00e4r konstlad och bevisar &hellip; <a href=\"https:\/\/sven-ove.nu\/?p=21064\" class=\"more-link\">Forts\u00e4tt l\u00e4sa <span class=\"screen-reader-text\">Gn\u00e4ll inte s\u00e5 f\u00f6rbaskat<\/span><\/a><\/p>\n","protected":false},"author":1,"featured_media":0,"comment_status":"closed","ping_status":"open","sticky":false,"template":"","format":"standard","meta":{"_crdt_document":"","_monsterinsights_skip_tracking":false,"_monsterinsights_sitenote_active":false,"_monsterinsights_sitenote_note":"","_monsterinsights_sitenote_category":0,"footnotes":""},"categories":[4],"tags":[16,15],"class_list":["post-21064","post","type-post","status-publish","format-standard","hentry","category-skrivande","tag-dumheter","tag-mediedjungeln"],"_links":{"self":[{"href":"https:\/\/sven-ove.nu\/index.php?rest_route=\/wp\/v2\/posts\/21064","targetHints":{"allow":["GET"]}}],"collection":[{"href":"https:\/\/sven-ove.nu\/index.php?rest_route=\/wp\/v2\/posts"}],"about":[{"href":"https:\/\/sven-ove.nu\/index.php?rest_route=\/wp\/v2\/types\/post"}],"author":[{"embeddable":true,"href":"https:\/\/sven-ove.nu\/index.php?rest_route=\/wp\/v2\/users\/1"}],"replies":[{"embeddable":true,"href":"https:\/\/sven-ove.nu\/index.php?rest_route=%2Fwp%2Fv2%2Fcomments&post=21064"}],"version-history":[{"count":5,"href":"https:\/\/sven-ove.nu\/index.php?rest_route=\/wp\/v2\/posts\/21064\/revisions"}],"predecessor-version":[{"id":21070,"href":"https:\/\/sven-ove.nu\/index.php?rest_route=\/wp\/v2\/posts\/21064\/revisions\/21070"}],"wp:attachment":[{"href":"https:\/\/sven-ove.nu\/index.php?rest_route=%2Fwp%2Fv2%2Fmedia&parent=21064"}],"wp:term":[{"taxonomy":"category","embeddable":true,"href":"https:\/\/sven-ove.nu\/index.php?rest_route=%2Fwp%2Fv2%2Fcategories&post=21064"},{"taxonomy":"post_tag","embeddable":true,"href":"https:\/\/sven-ove.nu\/index.php?rest_route=%2Fwp%2Fv2%2Ftags&post=21064"}],"curies":[{"name":"wp","href":"https:\/\/api.w.org\/{rel}","templated":true}]}}