{"id":21071,"date":"2019-08-03T05:23:41","date_gmt":"2019-08-03T04:23:41","guid":{"rendered":"http:\/\/sven-ove.nu\/?p=21071"},"modified":"2019-08-02T17:34:04","modified_gmt":"2019-08-02T16:34:04","slug":"trangseln-i-mitten-gynnar-yttrarna","status":"publish","type":"post","link":"https:\/\/sven-ove.nu\/?p=21071","title":{"rendered":"Tr\u00e4ngseln i mitten gynnar yttrarna"},"content":{"rendered":"<p><a href=\"https:\/\/sven-ove.nu\/wp-content\/uploads\/2019\/08\/Jan-Sch.jpg\"><img loading=\"lazy\" decoding=\"async\" class=\"size-large wp-image-21073 alignnone\" src=\"https:\/\/sven-ove.nu\/wp-content\/uploads\/2019\/08\/Jan-Sch-1024x1024.jpg\" alt=\"\" width=\"660\" height=\"660\" srcset=\"https:\/\/sven-ove.nu\/wp-content\/uploads\/2019\/08\/Jan-Sch-1024x1024.jpg 1024w, https:\/\/sven-ove.nu\/wp-content\/uploads\/2019\/08\/Jan-Sch-150x150.jpg 150w, https:\/\/sven-ove.nu\/wp-content\/uploads\/2019\/08\/Jan-Sch-300x300.jpg 300w, https:\/\/sven-ove.nu\/wp-content\/uploads\/2019\/08\/Jan-Sch-768x768.jpg 768w, https:\/\/sven-ove.nu\/wp-content\/uploads\/2019\/08\/Jan-Sch.jpg 1280w\" sizes=\"auto, (max-width: 660px) 100vw, 660px\" \/><\/a><\/p>\n<blockquote><p>N\u00e4r de flesta partier f\u00f6rs\u00f6ker samla sig i mitten och h\u00e4rma varandra, d\u00e5 trycker det mot kanterna.<\/p><\/blockquote>\n<p>Budskapet \u00e4r Jan Schermans. Han h\u00f6ll ett utm\u00e4rkt tal vid senaste torsdagstr\u00e4ffen i Rans\u00e4ter. Hundra personer kom f\u00f6r att lyssna under bar himmel i sommarkv\u00e4llen. Tornseglarna ilade, vinden var stilla och jag tror att den gamle journalistr\u00e4ven har r\u00e4tt. De enda som gynnas n\u00e4r s-ledaren kallar sig mitten och t\u00e4vlar i triangulering med sina motst\u00e5ndare \u00e4r ytterligheterna.<\/p>\n<p>Nu n\u00e4mnde inte Scherman Stefan L\u00f6fven speciellt. Det finns ju fler h\u00e4rmapor och \u00e4ngsliga sneglare.<\/p>\n<p><strong>Samtal med respekt<br \/>\n<\/strong>R\u00e4tt har han ocks\u00e5 i att vi m\u00e5ste f\u00f6rs\u00f6ka vinna tillbaka en respektfull ton i det demokratiska samtalet. Demokratin \u00e4r b\u00e5de m\u00e5l och medel. Har du den m\u00e4nniskosynen kan du inte g\u00e5 omkring och kalla motst\u00e5ndaren f\u00f6r svin. D\u00e5 \u00e4r du inte b\u00e4ttre sj\u00e4lv.<\/p>\n<p>Dock f\u00e5r man s\u00e4ga h\u00e4rmapor, har jag best\u00e4mt.<br \/>\nH\u00e4rmapor och \u00e4ngsliga sneglare.<\/p>\n<p>Med all respekt.<\/p>\n<p style=\"padding-left: 40px;\"><strong>L\u00e4nk till tidigare inl\u00e4gg:<\/strong><br \/>\n<span style=\"color: #0000ff;\"><strong><a style=\"color: #0000ff;\" href=\"https:\/\/sven-ove.nu\/?p=19786\">Kallar du folk \u201dcp\u201d och \u201didiot\u201d \u00e4r du ocks\u00e5 fr\u00e4mlingsfientlig<\/a><\/strong><\/span><\/p>\n<p><em><strong><span style=\"color: #ff6600;\">###<\/span> <\/strong>Min b\u00e4nkgranne i publiken vid Erlanderg\u00e5rden har l\u00e4nge efterlyst ett starkt grundlagsskydd f\u00f6r demokratin, s\u00e5 den inte kan avskaffas p\u00e5 18 m\u00e5nader med ett val emellan.<br \/>\n<\/em><em><span style=\"color: #ff6600;\"><strong>###<\/strong><\/span> Scherman var inne p\u00e5 samma linje. Tills\u00e4tt en grundlagsberedning, skriv om grundlagen.<br \/>\n<\/em><em><span style=\"color: #ff6600;\"><strong>###<\/strong><\/span> Jag tror numera att b\u00e5da har r\u00e4tt. Annars kan det g\u00e5 fort.<\/em><\/p>\n<p><span style=\"color: #0000ff;\"><a style=\"color: #0000ff;\" href=\"https:\/\/sven-ove.nu\/\">Hem<\/a><\/span>\u00a0|\u00a0<span style=\"color: #0000ff;\"><a style=\"color: #0000ff;\" href=\"https:\/\/sven-ove.nu\/?page_id=170\">Om mig<\/a><\/span>\u00a0|\u00a0<span style=\"color: #0000ff;\"><a style=\"color: #0000ff;\" href=\"https:\/\/sven-ove.nu\/?page_id=1385\">Skriva &amp; prata<\/a><\/span>\u00a0|\u00a0<span style=\"color: #0000ff;\"><a style=\"color: #0000ff;\" href=\"https:\/\/sven-ove.nu\/?page_id=100\">Politik<\/a><\/span>\u00a0|\u00a0<span style=\"color: #0000ff;\"><a style=\"color: #0000ff;\" href=\"https:\/\/sven-ove.nu\/?page_id=102\">L\u00f6pa<\/a><\/span>\u00a0|\u00a0<span style=\"color: #0000ff;\"><a style=\"color: #0000ff;\" href=\"https:\/\/sven-ove.nu\/?page_id=108\">Viktor Root<\/a>\u00a0<\/span><br \/>\n<em>Inl\u00e4gg nr 1\u00a0969. (c) Sven-Ove Svensson (men dela g\u00e4rna)<\/em><\/p>\n","protected":false},"excerpt":{"rendered":"<p>N\u00e4r de flesta partier f\u00f6rs\u00f6ker samla sig i mitten och h\u00e4rma varandra, d\u00e5 trycker det mot kanterna. Budskapet \u00e4r Jan Schermans. Han h\u00f6ll ett utm\u00e4rkt tal vid senaste torsdagstr\u00e4ffen i Rans\u00e4ter. Hundra personer kom f\u00f6r att lyssna under bar himmel i sommarkv\u00e4llen. Tornseglarna ilade, vinden var stilla och jag tror att den gamle journalistr\u00e4ven har &hellip; <a href=\"https:\/\/sven-ove.nu\/?p=21071\" class=\"more-link\">Forts\u00e4tt l\u00e4sa <span class=\"screen-reader-text\">Tr\u00e4ngseln i mitten gynnar yttrarna<\/span><\/a><\/p>\n","protected":false},"author":1,"featured_media":0,"comment_status":"closed","ping_status":"open","sticky":false,"template":"","format":"standard","meta":{"_crdt_document":"","_monsterinsights_skip_tracking":false,"_monsterinsights_sitenote_active":false,"_monsterinsights_sitenote_note":"","_monsterinsights_sitenote_category":0,"footnotes":""},"categories":[9],"tags":[18,20],"class_list":["post-21071","post","type-post","status-publish","format-standard","hentry","category-politik","tag-lardomar","tag-rad"],"_links":{"self":[{"href":"https:\/\/sven-ove.nu\/index.php?rest_route=\/wp\/v2\/posts\/21071","targetHints":{"allow":["GET"]}}],"collection":[{"href":"https:\/\/sven-ove.nu\/index.php?rest_route=\/wp\/v2\/posts"}],"about":[{"href":"https:\/\/sven-ove.nu\/index.php?rest_route=\/wp\/v2\/types\/post"}],"author":[{"embeddable":true,"href":"https:\/\/sven-ove.nu\/index.php?rest_route=\/wp\/v2\/users\/1"}],"replies":[{"embeddable":true,"href":"https:\/\/sven-ove.nu\/index.php?rest_route=%2Fwp%2Fv2%2Fcomments&post=21071"}],"version-history":[{"count":5,"href":"https:\/\/sven-ove.nu\/index.php?rest_route=\/wp\/v2\/posts\/21071\/revisions"}],"predecessor-version":[{"id":21077,"href":"https:\/\/sven-ove.nu\/index.php?rest_route=\/wp\/v2\/posts\/21071\/revisions\/21077"}],"wp:attachment":[{"href":"https:\/\/sven-ove.nu\/index.php?rest_route=%2Fwp%2Fv2%2Fmedia&parent=21071"}],"wp:term":[{"taxonomy":"category","embeddable":true,"href":"https:\/\/sven-ove.nu\/index.php?rest_route=%2Fwp%2Fv2%2Fcategories&post=21071"},{"taxonomy":"post_tag","embeddable":true,"href":"https:\/\/sven-ove.nu\/index.php?rest_route=%2Fwp%2Fv2%2Ftags&post=21071"}],"curies":[{"name":"wp","href":"https:\/\/api.w.org\/{rel}","templated":true}]}}