{"id":21078,"date":"2019-08-05T05:08:18","date_gmt":"2019-08-05T04:08:18","guid":{"rendered":"http:\/\/sven-ove.nu\/?p=21078"},"modified":"2019-08-03T10:16:26","modified_gmt":"2019-08-03T09:16:26","slug":"21078","status":"publish","type":"post","link":"https:\/\/sven-ove.nu\/?p=21078","title":{"rendered":"&#8211; G\u00f6r ni inte s\u00e5 i Sverige?"},"content":{"rendered":"<p><a href=\"https:\/\/sven-ove.nu\/wp-content\/uploads\/2019\/08\/Utsikt.jpg\"><img loading=\"lazy\" decoding=\"async\" class=\"size-large wp-image-21080 alignnone\" src=\"https:\/\/sven-ove.nu\/wp-content\/uploads\/2019\/08\/Utsikt-1024x650.jpg\" alt=\"\" width=\"660\" height=\"419\" srcset=\"https:\/\/sven-ove.nu\/wp-content\/uploads\/2019\/08\/Utsikt-1024x650.jpg 1024w, https:\/\/sven-ove.nu\/wp-content\/uploads\/2019\/08\/Utsikt-300x190.jpg 300w, https:\/\/sven-ove.nu\/wp-content\/uploads\/2019\/08\/Utsikt-768x487.jpg 768w, https:\/\/sven-ove.nu\/wp-content\/uploads\/2019\/08\/Utsikt.jpg 1280w\" sizes=\"auto, (max-width: 660px) 100vw, 660px\" \/><\/a><\/p>\n<p>Jan Scherman talade vid Erlanderg\u00e5rden i Rans\u00e4ter. D\u00e4r ber\u00e4ttade han vad han gjort med sin bonus som vd f\u00f6r TV4. Sk\u00e4nkt den till en spr\u00e5kskola f\u00f6r Lakotaindianerna i Nordamerika. De vill r\u00e4dda sitt spr\u00e5k.<\/p>\n<p>Han bes\u00f6kte skolan. D\u00e5 uppt\u00e4ckte han att d\u00e4r satt folk i alla \u00e5ldrar, fr\u00e5n mycket gamla till sm\u00e5 barn.<br \/>\n&#8211; Hur kommer det sig? undrade Scherman. Varf\u00f6r g\u00f6r ni s\u00e5?<br \/>\nIngen svarade.<\/p>\n<p>Vid middagen efter\u00e5t upprepade han sin fr\u00e5ga. Varf\u00f6r?<br \/>\nD\u00e5 tittade lakotaindianerna konstigt p\u00e5 honom, innan de svarade.<br \/>\n&#8211; G\u00f6r ni inte s\u00e5 i Sverige?<\/p>\n<p>F\u00f6rst\u00e5r du inte att vi gamla beh\u00f6vs f\u00f6r att l\u00e4ra v\u00e5ra unga orden f\u00f6r de gamla tingen? Precis som de unga beh\u00f6vs f\u00f6r att l\u00e4ra oss orden f\u00f6r allt som \u00e4r nytt? G\u00f6r ni inte s\u00e5 i &#8230;Sverige?<\/p>\n<p>Nej.<\/p>\n<p>Stackars er.<\/p>\n<p style=\"padding-left: 40px;\"><em><span style=\"color: #ff9900;\"><strong>###<\/strong><\/span> Mer fr\u00e5n Jan Schermans tal:<\/em><br \/>\n<strong><em><span style=\"color: #0000ff;\"><a style=\"color: #0000ff;\" href=\"https:\/\/sven-ove.nu\/?p=21071\">Tr\u00e4ngseln i mitten gynnar yttrarna<\/a><\/span><\/em><\/strong><\/p>\n<p><span style=\"color: #0000ff;\"><a style=\"color: #0000ff;\" href=\"https:\/\/sven-ove.nu\/\">Hem<\/a><\/span>\u00a0|<span style=\"color: #0000ff;\">\u00a0<a style=\"color: #0000ff;\" href=\"https:\/\/sven-ove.nu\/?page_id=170\">Om mig<\/a><\/span>\u00a0|\u00a0<span style=\"color: #0000ff;\"><a style=\"color: #0000ff;\" href=\"https:\/\/sven-ove.nu\/?page_id=1385\">Skriva &amp; prata<\/a><\/span>\u00a0|\u00a0<span style=\"color: #0000ff;\"><a style=\"color: #0000ff;\" href=\"https:\/\/sven-ove.nu\/?page_id=100\">Politik<\/a><\/span>\u00a0|\u00a0<span style=\"color: #0000ff;\"><a style=\"color: #0000ff;\" href=\"https:\/\/sven-ove.nu\/?page_id=102\">L\u00f6pa<\/a><\/span>\u00a0|\u00a0<span style=\"color: #0000ff;\"><a style=\"color: #0000ff;\" href=\"https:\/\/sven-ove.nu\/?page_id=108\">Viktor Root<\/a><\/span><br \/>\n<em>Inl\u00e4gg nr 1\u00a0970. (c) Sven-Ove Svensson (men dela g\u00e4rna)<\/em><\/p>\n","protected":false},"excerpt":{"rendered":"<p>Jan Scherman talade vid Erlanderg\u00e5rden i Rans\u00e4ter. D\u00e4r ber\u00e4ttade han vad han gjort med sin bonus som vd f\u00f6r TV4. Sk\u00e4nkt den till en spr\u00e5kskola f\u00f6r Lakotaindianerna i Nordamerika. De vill r\u00e4dda sitt spr\u00e5k. Han bes\u00f6kte skolan. D\u00e5 uppt\u00e4ckte han att d\u00e4r satt folk i alla \u00e5ldrar, fr\u00e5n mycket gamla till sm\u00e5 barn. &#8211; Hur &hellip; <a href=\"https:\/\/sven-ove.nu\/?p=21078\" class=\"more-link\">Forts\u00e4tt l\u00e4sa <span class=\"screen-reader-text\">&#8211; G\u00f6r ni inte s\u00e5 i Sverige?<\/span><\/a><\/p>\n","protected":false},"author":1,"featured_media":0,"comment_status":"closed","ping_status":"open","sticky":false,"template":"","format":"standard","meta":{"_crdt_document":"","_monsterinsights_skip_tracking":false,"_monsterinsights_sitenote_active":false,"_monsterinsights_sitenote_note":"","_monsterinsights_sitenote_category":0,"footnotes":""},"categories":[28],"tags":[8,24,18,21,17],"class_list":["post-21078","post","type-post","status-publish","format-standard","hentry","category-kreativt-folk","tag-historia","tag-karlek","tag-lardomar","tag-ord","tag-solidaritet"],"_links":{"self":[{"href":"https:\/\/sven-ove.nu\/index.php?rest_route=\/wp\/v2\/posts\/21078","targetHints":{"allow":["GET"]}}],"collection":[{"href":"https:\/\/sven-ove.nu\/index.php?rest_route=\/wp\/v2\/posts"}],"about":[{"href":"https:\/\/sven-ove.nu\/index.php?rest_route=\/wp\/v2\/types\/post"}],"author":[{"embeddable":true,"href":"https:\/\/sven-ove.nu\/index.php?rest_route=\/wp\/v2\/users\/1"}],"replies":[{"embeddable":true,"href":"https:\/\/sven-ove.nu\/index.php?rest_route=%2Fwp%2Fv2%2Fcomments&post=21078"}],"version-history":[{"count":9,"href":"https:\/\/sven-ove.nu\/index.php?rest_route=\/wp\/v2\/posts\/21078\/revisions"}],"predecessor-version":[{"id":21088,"href":"https:\/\/sven-ove.nu\/index.php?rest_route=\/wp\/v2\/posts\/21078\/revisions\/21088"}],"wp:attachment":[{"href":"https:\/\/sven-ove.nu\/index.php?rest_route=%2Fwp%2Fv2%2Fmedia&parent=21078"}],"wp:term":[{"taxonomy":"category","embeddable":true,"href":"https:\/\/sven-ove.nu\/index.php?rest_route=%2Fwp%2Fv2%2Fcategories&post=21078"},{"taxonomy":"post_tag","embeddable":true,"href":"https:\/\/sven-ove.nu\/index.php?rest_route=%2Fwp%2Fv2%2Ftags&post=21078"}],"curies":[{"name":"wp","href":"https:\/\/api.w.org\/{rel}","templated":true}]}}