{"id":21090,"date":"2019-08-06T05:15:01","date_gmt":"2019-08-06T04:15:01","guid":{"rendered":"http:\/\/sven-ove.nu\/?p=21090"},"modified":"2019-08-05T14:22:21","modified_gmt":"2019-08-05T13:22:21","slug":"appen-som-far-unga-att-uppleva-vardagsrasismen","status":"publish","type":"post","link":"https:\/\/sven-ove.nu\/?p=21090","title":{"rendered":"Appen som f\u00e5r unga att uppleva vardagsrasismen"},"content":{"rendered":"<p><a href=\"https:\/\/sven-ove.nu\/wp-content\/uploads\/2019\/08\/App-mot-rasism.jpg\"><img loading=\"lazy\" decoding=\"async\" class=\"size-large wp-image-21092 alignnone\" src=\"https:\/\/sven-ove.nu\/wp-content\/uploads\/2019\/08\/App-mot-rasism-928x1024.jpg\" alt=\"\" width=\"660\" height=\"728\" srcset=\"https:\/\/sven-ove.nu\/wp-content\/uploads\/2019\/08\/App-mot-rasism-928x1024.jpg 928w, https:\/\/sven-ove.nu\/wp-content\/uploads\/2019\/08\/App-mot-rasism-272x300.jpg 272w, https:\/\/sven-ove.nu\/wp-content\/uploads\/2019\/08\/App-mot-rasism-768x847.jpg 768w, https:\/\/sven-ove.nu\/wp-content\/uploads\/2019\/08\/App-mot-rasism.jpg 1160w\" sizes=\"auto, (max-width: 660px) 100vw, 660px\" \/><\/a><\/p>\n<p>Senaste numret av tidningen Vi ber\u00e4ttar om Teskedsordens prisbel\u00f6nta Reality Check. Sveriges f\u00f6rsta app mot rasism \u00e4r utformad f\u00f6r 13-19-\u00e5ringar och just nu nedladdad av \u00f6ver 17 000 personer.<\/p>\n<p><em>\u201dI appen f\u00e5r man under flera dagar f\u00f6lja en karakt\u00e4r &#8211; till exempel judiske Levi eller romska Rosa &#8211; som uts\u00e4tts f\u00f6r rasism och f\u00f6rdomar, och agera i dennes st\u00e4lle.\u201d<\/em><\/p>\n<p style=\"padding-left: 40px;\"><strong><em><span style=\"color: #ff6600;\">L\u00e4nk<\/span>:\u00a0<span style=\"color: #0000ff;\"><a style=\"color: #0000ff;\" href=\"https:\/\/www.svt.se\/nyheter\/lokalt\/blekinge\/har-ar-appen-som-ska-stoppa-rasismen\">Inslag i SVT Blekinge med gymnasieungdomar som provar appen<\/a><\/span><\/em><\/strong><\/p>\n<p>Appen \u00e4r gratis i Appstore och Google play. H\u00e4r nedan ber\u00e4ttar Teskedsorden mer:<\/p>\n<p><em>\u201dMed bas i ungas egna ber\u00e4ttelser om rasism har vi skapat ett spel som portr\u00e4tterar vardagsrasismen m\u00e5nga unga idag uts\u00e4tts f\u00f6r.\u201d<\/em><\/p>\n<p style=\"padding-left: 40px;\"><strong><em><span style=\"color: #ff6600;\">L\u00e4nk<\/span>:\u00a0<\/em><em><span style=\"color: #0000ff;\"><a style=\"color: #0000ff;\" href=\"https:\/\/teskedsorden.se\/reality-check\/?fbclid=IwAR1YxWugjU2vGX8zVu3KD2Rz7WSg2B71iVWAVgCuLNe8Es2TCEaJ91jlB28\">Teskedsorden ber\u00e4ttar om appen Reality Check<\/a><\/span><\/em><\/strong><\/p>\n<p><span style=\"color: #0000ff;\"><a style=\"color: #0000ff;\" href=\"https:\/\/sven-ove.nu\/\">Hem<\/a><\/span>\u00a0|\u00a0<span style=\"color: #0000ff;\"><a style=\"color: #0000ff;\" href=\"https:\/\/sven-ove.nu\/?page_id=170\">Om mig<\/a><\/span>\u00a0|\u00a0<span style=\"color: #0000ff;\"><a style=\"color: #0000ff;\" href=\"https:\/\/sven-ove.nu\/?page_id=1385\">Skriva &amp; prata<\/a><\/span>\u00a0|\u00a0<span style=\"color: #0000ff;\"><a style=\"color: #0000ff;\" href=\"https:\/\/sven-ove.nu\/?page_id=100\">Politik<\/a><\/span>\u00a0|\u00a0<span style=\"color: #0000ff;\"><a style=\"color: #0000ff;\" href=\"https:\/\/sven-ove.nu\/?page_id=102\">L\u00f6pa<\/a><\/span>\u00a0|\u00a0<span style=\"color: #0000ff;\"><a style=\"color: #0000ff;\" href=\"https:\/\/sven-ove.nu\/?page_id=108\">Viktor Root<\/a><\/span><br \/>\n<em>Inl\u00e4gg nr 1\u00a0971. (c) Sven-Ove Svensson (men dela g\u00e4rna) <\/em><\/p>\n","protected":false},"excerpt":{"rendered":"<p>Senaste numret av tidningen Vi ber\u00e4ttar om Teskedsordens prisbel\u00f6nta Reality Check. Sveriges f\u00f6rsta app mot rasism \u00e4r utformad f\u00f6r 13-19-\u00e5ringar och just nu nedladdad av \u00f6ver 17 000 personer. \u201dI appen f\u00e5r man under flera dagar f\u00f6lja en karakt\u00e4r &#8211; till exempel judiske Levi eller romska Rosa &#8211; som uts\u00e4tts f\u00f6r rasism och f\u00f6rdomar, och &hellip; <a href=\"https:\/\/sven-ove.nu\/?p=21090\" class=\"more-link\">Forts\u00e4tt l\u00e4sa <span class=\"screen-reader-text\">Appen som f\u00e5r unga att uppleva vardagsrasismen<\/span><\/a><\/p>\n","protected":false},"author":1,"featured_media":0,"comment_status":"closed","ping_status":"open","sticky":false,"template":"","format":"standard","meta":{"_crdt_document":"","_monsterinsights_skip_tracking":false,"_monsterinsights_sitenote_active":false,"_monsterinsights_sitenote_note":"","_monsterinsights_sitenote_category":0,"footnotes":""},"categories":[28,9],"tags":[18,14,15,17,13],"class_list":["post-21090","post","type-post","status-publish","format-standard","hentry","category-kreativt-folk","category-politik","tag-lardomar","tag-lasning","tag-mediedjungeln","tag-solidaritet","tag-utrustning"],"_links":{"self":[{"href":"https:\/\/sven-ove.nu\/index.php?rest_route=\/wp\/v2\/posts\/21090","targetHints":{"allow":["GET"]}}],"collection":[{"href":"https:\/\/sven-ove.nu\/index.php?rest_route=\/wp\/v2\/posts"}],"about":[{"href":"https:\/\/sven-ove.nu\/index.php?rest_route=\/wp\/v2\/types\/post"}],"author":[{"embeddable":true,"href":"https:\/\/sven-ove.nu\/index.php?rest_route=\/wp\/v2\/users\/1"}],"replies":[{"embeddable":true,"href":"https:\/\/sven-ove.nu\/index.php?rest_route=%2Fwp%2Fv2%2Fcomments&post=21090"}],"version-history":[{"count":6,"href":"https:\/\/sven-ove.nu\/index.php?rest_route=\/wp\/v2\/posts\/21090\/revisions"}],"predecessor-version":[{"id":21097,"href":"https:\/\/sven-ove.nu\/index.php?rest_route=\/wp\/v2\/posts\/21090\/revisions\/21097"}],"wp:attachment":[{"href":"https:\/\/sven-ove.nu\/index.php?rest_route=%2Fwp%2Fv2%2Fmedia&parent=21090"}],"wp:term":[{"taxonomy":"category","embeddable":true,"href":"https:\/\/sven-ove.nu\/index.php?rest_route=%2Fwp%2Fv2%2Fcategories&post=21090"},{"taxonomy":"post_tag","embeddable":true,"href":"https:\/\/sven-ove.nu\/index.php?rest_route=%2Fwp%2Fv2%2Ftags&post=21090"}],"curies":[{"name":"wp","href":"https:\/\/api.w.org\/{rel}","templated":true}]}}