{"id":21270,"date":"2019-10-16T04:03:07","date_gmt":"2019-10-16T03:03:07","guid":{"rendered":"http:\/\/sven-ove.nu\/?p=21270"},"modified":"2019-10-16T20:48:39","modified_gmt":"2019-10-16T19:48:39","slug":"nar-jobbet-ar-farligare-an-gangen","status":"publish","type":"post","link":"https:\/\/sven-ove.nu\/?p=21270","title":{"rendered":"N\u00e4r jobbet \u00e4r farligare \u00e4n g\u00e4ngen"},"content":{"rendered":"<p><a href=\"https:\/\/sven-ove.nu\/wp-content\/uploads\/2019\/10\/Klyftan.jpg\"><img loading=\"lazy\" decoding=\"async\" class=\"size-large wp-image-21271 alignnone\" src=\"https:\/\/sven-ove.nu\/wp-content\/uploads\/2019\/10\/Klyftan-768x1024.jpg\" alt=\"\" width=\"660\" height=\"880\" srcset=\"https:\/\/sven-ove.nu\/wp-content\/uploads\/2019\/10\/Klyftan-768x1024.jpg 768w, https:\/\/sven-ove.nu\/wp-content\/uploads\/2019\/10\/Klyftan-225x300.jpg 225w, https:\/\/sven-ove.nu\/wp-content\/uploads\/2019\/10\/Klyftan.jpg 960w\" sizes=\"auto, (max-width: 660px) 100vw, 660px\" \/><\/a><\/p>\n<blockquote><p>Ska du d\u00f6 v\u00e5ldsamt, s\u00e5 d\u00f6 i en skjutning. Den d\u00f6den har h\u00f6gre status, d\u00e5 blir det debatt om din h\u00e4danf\u00e4rd.<\/p>\n<p>Det blir det inte om du d\u00f6r i jobbet.<\/p><\/blockquote>\n<p>Jag t\u00e4nker sannerligen inte f\u00f6rringa de d\u00f6dsfall som sker vid skjutningar. De \u00e4r f\u00f6rf\u00e4rliga. \u00c4nd\u00e5 st\u00f6r det mig att folk f\u00e5r olika v\u00e4rde i debatten, ocks\u00e5 n\u00e4r de d\u00f6r. Blir du skjuten s\u00e5 kommer du p\u00e5 politikens dagordning. D\u00f6das du p\u00e5 jobbet blir det tyst om saken.<\/p>\n<p>\u00c5r 2017 dog 55 personer p\u00e5 arbetet i Sverige, i fjol 58 personer. Hittills i \u00e5r har 39 d\u00f6tt p\u00e5 jobbet. Varje \u00e5r d\u00f6r 2,3 miljoner m\u00e4nniskor i arbetet, skriver FN:s organ f\u00f6r arbetslivsfr\u00e5gor, ILO.<\/p>\n<p>Detta h\u00f6r du s\u00e4llan Ulf Kristersson eller SD-ledaren tala sig andf\u00e5dda om i riksdagens talarstol och inf\u00f6r medias mikrofoner. De f\u00f6redrar skjutningarna, trots att dessa faktiskt d\u00f6dar f\u00e4rre. 45 personer 2017, 43 personer 2018 och 25 personer under tiden januari &#8211; juli i \u00e5r.<\/p>\n<p><strong>\u00c4nnu farligare<br \/>\n<\/strong>\u00c4n en g\u00e5ng: skjutningarna m\u00e5ste stoppas, fr\u00e5gan \u00e4r verkligen v\u00e4rd en diskussion. Men det \u00e4r alla de som d\u00f6das p\u00e5 sina arbetsplatser med.<\/p>\n<p>D\u00e5 har vi \u00e4nd\u00e5 inte talat om v\u00e5r farligaste milj\u00f6 i landet. G\u00e4ngen eller jobbet \u00e4r inte allra farligast, inte trafiken heller. Det \u00e4r v\u00e5ra hem. Drygt 1\u00a0000 svenskar d\u00f6r i sina hem varje \u00e5r \u2013 bara i fallskador.<\/p>\n<p>Vilken politiker tar upp den debatten?<\/p>\n<p><span style=\"color: #ff9900;\"><strong>L\u00c4NKAR:<br \/>\n<\/strong><\/span>Tjugofyra7: <span style=\"color: #0000ff;\"><a style=\"color: #0000ff;\" href=\"http:\/\/www.tjugofyra7.se\/artiklar\/Nyhet\/fallskador-dodar-flest\/\">Fallskador d\u00f6dar flest<\/a><\/span><br \/>\nArbetsmilj\u00f6verket: <span style=\"color: #0000ff;\"><a style=\"color: #0000ff;\" href=\"https:\/\/www.av.se\/arbetsmiljoarbete-och-inspektioner\/arbetsmiljostatistik-officiell-arbetsskadestatstik\/statistik-om-dodsolyckor-i-arbetet\/\">Statistik om d\u00f6dsolyckor i arbetet<\/a><\/span><\/p>\n<p><a href=\"https:\/\/sven-ove.nu\/wp-content\/uploads\/2019\/10\/Sk\u00e4rmavbild-2019-10-14-kl.-16.15.14.png\"><img loading=\"lazy\" decoding=\"async\" class=\"alignleft size-full wp-image-21275\" src=\"https:\/\/sven-ove.nu\/wp-content\/uploads\/2019\/10\/Sk\u00e4rmavbild-2019-10-14-kl.-16.15.14.png\" alt=\"\" width=\"566\" height=\"573\" srcset=\"https:\/\/sven-ove.nu\/wp-content\/uploads\/2019\/10\/Sk\u00e4rmavbild-2019-10-14-kl.-16.15.14.png 566w, https:\/\/sven-ove.nu\/wp-content\/uploads\/2019\/10\/Sk\u00e4rmavbild-2019-10-14-kl.-16.15.14-296x300.png 296w\" sizes=\"auto, (max-width: 566px) 100vw, 566px\" \/><\/a><\/p>\n<p style=\"padding-left: 40px;\"><em>(Tabell fr\u00e5n Arbetsmilj\u00f6verket)<\/em><\/p>\n<p style=\"padding-left: 40px;\"><em><strong>* \u00d6vriga<\/strong> = d\u00f6dsolyckor i arbetet d\u00e4r de f\u00f6rolyckade inte \u00e4r f\u00f6rv\u00e4rvsarbetande. Till exempel v\u00e4rnpliktiga, intagna f\u00f6r v\u00e5rd i kriminalv\u00e5rdsanstalt m.fl. och anst\u00e4llda i utl\u00e4ndska f\u00f6retag som \u00e4r verksamma i Sverige men registrerade i andra l\u00e4nder samt vissa elever.<\/em><\/p>\n<p><span style=\"color: #0000ff;\"><a style=\"color: #0000ff;\" href=\"https:\/\/sven-ove.nu\/\">Hem<\/a><\/span>\u00a0|\u00a0<span style=\"color: #0000ff;\"><a style=\"color: #0000ff;\" href=\"https:\/\/sven-ove.nu\/?page_id=170\">Om mig<\/a><\/span>\u00a0|\u00a0<span style=\"color: #0000ff;\"><a style=\"color: #0000ff;\" href=\"https:\/\/sven-ove.nu\/?page_id=1385\">Skriva &amp; prata<\/a><\/span>\u00a0|\u00a0<span style=\"color: #0000ff;\"><a style=\"color: #0000ff;\" href=\"https:\/\/sven-ove.nu\/?page_id=100\">Politik<\/a><\/span>\u00a0|\u00a0<span style=\"color: #0000ff;\"><a style=\"color: #0000ff;\" href=\"https:\/\/sven-ove.nu\/?page_id=102\">L\u00f6pa<\/a><\/span>\u00a0|\u00a0<span style=\"color: #0000ff;\"><a style=\"color: #0000ff;\" href=\"https:\/\/sven-ove.nu\/?page_id=108\">Viktor Root<\/a><\/span><br \/>\n<em>Inl\u00e4gg nr 1\u00a0989. (c) Sven-Ove Svensson (men dela g\u00e4rna) <\/em><\/p>\n","protected":false},"excerpt":{"rendered":"<p>Ska du d\u00f6 v\u00e5ldsamt, s\u00e5 d\u00f6 i en skjutning. Den d\u00f6den har h\u00f6gre status, d\u00e5 blir det debatt om din h\u00e4danf\u00e4rd. Det blir det inte om du d\u00f6r i jobbet. Jag t\u00e4nker sannerligen inte f\u00f6rringa de d\u00f6dsfall som sker vid skjutningar. De \u00e4r f\u00f6rf\u00e4rliga. \u00c4nd\u00e5 st\u00f6r det mig att folk f\u00e5r olika v\u00e4rde i debatten, &hellip; <a href=\"https:\/\/sven-ove.nu\/?p=21270\" class=\"more-link\">Forts\u00e4tt l\u00e4sa <span class=\"screen-reader-text\">N\u00e4r jobbet \u00e4r farligare \u00e4n g\u00e4ngen<\/span><\/a><\/p>\n","protected":false},"author":1,"featured_media":0,"comment_status":"closed","ping_status":"open","sticky":false,"template":"","format":"standard","meta":{"_crdt_document":"","_monsterinsights_skip_tracking":false,"_monsterinsights_sitenote_active":false,"_monsterinsights_sitenote_note":"","_monsterinsights_sitenote_category":0,"footnotes":""},"categories":[9],"tags":[3,18],"class_list":["post-21270","post","type-post","status-publish","format-standard","hentry","category-politik","tag-arbete","tag-lardomar"],"_links":{"self":[{"href":"https:\/\/sven-ove.nu\/index.php?rest_route=\/wp\/v2\/posts\/21270","targetHints":{"allow":["GET"]}}],"collection":[{"href":"https:\/\/sven-ove.nu\/index.php?rest_route=\/wp\/v2\/posts"}],"about":[{"href":"https:\/\/sven-ove.nu\/index.php?rest_route=\/wp\/v2\/types\/post"}],"author":[{"embeddable":true,"href":"https:\/\/sven-ove.nu\/index.php?rest_route=\/wp\/v2\/users\/1"}],"replies":[{"embeddable":true,"href":"https:\/\/sven-ove.nu\/index.php?rest_route=%2Fwp%2Fv2%2Fcomments&post=21270"}],"version-history":[{"count":11,"href":"https:\/\/sven-ove.nu\/index.php?rest_route=\/wp\/v2\/posts\/21270\/revisions"}],"predecessor-version":[{"id":21312,"href":"https:\/\/sven-ove.nu\/index.php?rest_route=\/wp\/v2\/posts\/21270\/revisions\/21312"}],"wp:attachment":[{"href":"https:\/\/sven-ove.nu\/index.php?rest_route=%2Fwp%2Fv2%2Fmedia&parent=21270"}],"wp:term":[{"taxonomy":"category","embeddable":true,"href":"https:\/\/sven-ove.nu\/index.php?rest_route=%2Fwp%2Fv2%2Fcategories&post=21270"},{"taxonomy":"post_tag","embeddable":true,"href":"https:\/\/sven-ove.nu\/index.php?rest_route=%2Fwp%2Fv2%2Ftags&post=21270"}],"curies":[{"name":"wp","href":"https:\/\/api.w.org\/{rel}","templated":true}]}}