{"id":21283,"date":"2019-10-17T04:09:58","date_gmt":"2019-10-17T03:09:58","guid":{"rendered":"http:\/\/sven-ove.nu\/?p=21283"},"modified":"2019-10-16T22:03:50","modified_gmt":"2019-10-16T21:03:50","slug":"21283","status":"publish","type":"post","link":"https:\/\/sven-ove.nu\/?p=21283","title":{"rendered":"65 ord som s\u00e4ger allt"},"content":{"rendered":"<p><a href=\"https:\/\/sven-ove.nu\/wp-content\/uploads\/2019\/10\/Finner-ord.jpg\"><img loading=\"lazy\" decoding=\"async\" class=\"size-large wp-image-21285 alignnone\" src=\"https:\/\/sven-ove.nu\/wp-content\/uploads\/2019\/10\/Finner-ord-1024x962.jpg\" alt=\"\" width=\"660\" height=\"620\" srcset=\"https:\/\/sven-ove.nu\/wp-content\/uploads\/2019\/10\/Finner-ord-1024x962.jpg 1024w, https:\/\/sven-ove.nu\/wp-content\/uploads\/2019\/10\/Finner-ord-300x282.jpg 300w, https:\/\/sven-ove.nu\/wp-content\/uploads\/2019\/10\/Finner-ord-768x721.jpg 768w, https:\/\/sven-ove.nu\/wp-content\/uploads\/2019\/10\/Finner-ord.jpg 1280w\" sizes=\"auto, (max-width: 660px) 100vw, 660px\" \/><\/a><\/p>\n<p>Inom matematiken har de sina <strong><em>primtal<\/em><\/strong>. De g\u00e5r bara att dela med 1 och sig sj\u00e4lva. Jag t\u00e4nker p\u00e5 tal som 2, 3, 5, 7, 11, 13, 17, 19, 23 och n\u00e5gra till. R\u00e4tt m\u00e5nga till. Den grekiske matematikern Euklides r\u00e4knade redan p\u00e5 300-talet f\u00f6re Kristus ut att antalet primtal \u00e4r o\u00e4ndligt.<\/p>\n<p>Bra gjort, som vi s\u00e4ger p\u00e5 Grossbolstorp.<\/p>\n<p>H\u00e4r kommer nu n\u00e5got \u00e4nnu mer sp\u00e4nnande, som vi inte fick l\u00e4ra oss p\u00e5 gamla F\u00e4rjestadsskolan eller skolorna i B\u00e4ckelid, Fasterud och Fager\u00e5sen eller Graningeskolan, \u00c5svallaskolan, Journalisth\u00f6gskolan och J\u00e4ra folkh\u00f6gskola. Inte ens p\u00e5 s\u00e5gen i Molkom, mitt b\u00e4sta universitet.<\/p>\n<p>Det finns <em><strong>primord<\/strong>\u00a0<\/em>med.<br \/>\nDe orden \u00e4r riktigt anv\u00e4ndbara.<\/p>\n<p><strong>Kan f\u00f6rklara allt<br \/>\n<\/strong>S\u00e5h\u00e4r \u00e4r det. Spr\u00e5kvetarna har letat fram 65 ord som de anser att det g\u00e5r att s\u00e4ga allt med. Primorden g\u00e5r inte att f\u00f6rklara med andra ord, men med dessa 65 kan du f\u00f6rklara alla andra ord.\u00a0Dessutom kan primorden \u00f6vers\u00e4ttas. De fungerar p\u00e5 hela jordklotet och det finns ett uttryck f\u00f6r dem p\u00e5 alla v\u00e4rldens spr\u00e5k.<\/p>\n<p>Bra gjort.<\/p>\n<p>Jag har inte kommit s\u00e5 l\u00e5ngt i mitt primordsspr\u00e5kande \u00e4n men hittills fungerar de. I dag har jag ber\u00e4ttat f\u00f6r hela v\u00e5rt tv\u00e5personers hush\u00e5ll b\u00e5de att solen g\u00e5r upp och att vi ska \u00e4ta frukost.\u00a0Det gick s\u00e5d\u00e4r. Primordsspr\u00e5ket tassar runt sanningen en del, men jag f\u00e5r v\u00e4l tr\u00e4na.<\/p>\n<p>Prova g\u00e4rna sj\u00e4lv. Lycka till!<\/p>\n<ol>\n<li style=\"list-style-type: none;\">\n<ol>\n<li style=\"list-style-type: none;\">\n<ol>\n<li>jag<\/li>\n<li>du<\/li>\n<li>n\u00e5gon<\/li>\n<li>n\u00e5gonting\/ting\/sak<\/li>\n<li>folk<\/li>\n<li>kropp<\/li>\n<li>sort\/en sorts<\/li>\n<li>del av<\/li>\n<li>den h\u00e4r\/denna\/det h\u00e4r\/detta<\/li>\n<li>samma<\/li>\n<li>annan<\/li>\n<li>en\/ett<\/li>\n<li>tv\u00e5<\/li>\n<li>mycket\/m\u00e5nga<\/li>\n<li>lite\/f\u00e5<\/li>\n<li>n\u00e5gra<\/li>\n<li>alla<\/li>\n<li>bra<\/li>\n<li>d\u00e5lig<\/li>\n<li>stor<\/li>\n<li>liten<\/li>\n<li>t\u00e4nka<\/li>\n<li>veta<\/li>\n<li>vilja<\/li>\n<li>vill inte\/vill inte ha<\/li>\n<li>k\u00e4nna<\/li>\n<li>se<\/li>\n<li>h\u00f6ra<\/li>\n<li>s\u00e4ga<\/li>\n<li>ord<\/li>\n<li>sann<\/li>\n<li>g\u00f6ra<\/li>\n<li>h\u00e4nda\/ske<\/li>\n<li>r\u00f6ra sig<\/li>\n<li>vidr\u00f6ra<\/li>\n<li>vara (n\u00e5gonstans)<\/li>\n<li>vara (n\u00e5gon\/n\u00e5gonting)<\/li>\n<li>det finns<\/li>\n<li>(\u00e4r) min<\/li>\n<li>leva<\/li>\n<li>d\u00f6<\/li>\n<li>d\u00e5\/n\u00e4r\/tid<\/li>\n<li>nu<\/li>\n<li>innan<\/li>\n<li>efter<\/li>\n<li>l\u00e4nge<\/li>\n<li>en kort stund<\/li>\n<li>en stund<\/li>\n<li>\u00f6gonblick\/om ett \u00f6gonblick<\/li>\n<li>d\u00e4r\/var\/plats<\/li>\n<li>h\u00e4r<\/li>\n<li>\u00f6ver<\/li>\n<li>under<\/li>\n<li>n\u00e4ra<\/li>\n<li>avl\u00e4gsen<\/li>\n<li>sida<\/li>\n<li>inne (i)<\/li>\n<li>inte<\/li>\n<li>kanske<\/li>\n<li>kan<\/li>\n<li>eftersom<\/li>\n<li>om<\/li>\n<li>mycket<\/li>\n<li>mer<\/li>\n<li>som<\/li>\n<\/ol>\n<\/li>\n<\/ol>\n<\/li>\n<\/ol>\n<p><strong><span style=\"color: #ff9900;\">###<\/span> L\u00e4s mer om primorden<\/strong>:<br \/>\nSpr\u00e5ktidningen: <strong><span style=\"color: #0000ff;\"><a style=\"color: #0000ff;\" href=\"https:\/\/spraktidningen.se\/artiklar\/2019\/06\/sag-allt-med-65-ord\">S\u00e4g allt med 65 ord<\/a><\/span><\/strong><\/p>\n<p><span style=\"color: #0000ff;\"><a style=\"color: #0000ff;\" href=\"https:\/\/sven-ove.nu\/\">Hem<\/a><\/span>\u00a0|\u00a0<span style=\"color: #0000ff;\"><a style=\"color: #0000ff;\" href=\"https:\/\/sven-ove.nu\/?page_id=170\">Om mig<\/a><\/span>\u00a0|\u00a0<span style=\"color: #0000ff;\"><a style=\"color: #0000ff;\" href=\"https:\/\/sven-ove.nu\/?page_id=1385\">Skriva &amp; prata<\/a><\/span>\u00a0|\u00a0<span style=\"color: #0000ff;\"><a style=\"color: #0000ff;\" href=\"https:\/\/sven-ove.nu\/?page_id=100\">Politik<\/a><\/span>\u00a0|\u00a0<span style=\"color: #0000ff;\"><a style=\"color: #0000ff;\" href=\"https:\/\/sven-ove.nu\/?page_id=102\">L\u00f6pa<\/a><\/span>\u00a0|\u00a0<span style=\"color: #0000ff;\"><a style=\"color: #0000ff;\" href=\"https:\/\/sven-ove.nu\/?page_id=108\">Viktor Root<\/a><\/span><br \/>\n<em>Inl\u00e4gg nr 1\u00a0990. (c) Sven-Ove Svensson (men dela g\u00e4rna)<\/em><\/p>\n","protected":false},"excerpt":{"rendered":"<p>Inom matematiken har de sina primtal. De g\u00e5r bara att dela med 1 och sig sj\u00e4lva. Jag t\u00e4nker p\u00e5 tal som 2, 3, 5, 7, 11, 13, 17, 19, 23 och n\u00e5gra till. R\u00e4tt m\u00e5nga till. Den grekiske matematikern Euklides r\u00e4knade redan p\u00e5 300-talet f\u00f6re Kristus ut att antalet primtal \u00e4r o\u00e4ndligt. Bra gjort, som &hellip; <a href=\"https:\/\/sven-ove.nu\/?p=21283\" class=\"more-link\">Forts\u00e4tt l\u00e4sa <span class=\"screen-reader-text\">65 ord som s\u00e4ger allt<\/span><\/a><\/p>\n","protected":false},"author":1,"featured_media":0,"comment_status":"closed","ping_status":"open","sticky":false,"template":"","format":"standard","meta":{"_crdt_document":"","_monsterinsights_skip_tracking":false,"_monsterinsights_sitenote_active":false,"_monsterinsights_sitenote_note":"","_monsterinsights_sitenote_category":0,"footnotes":""},"categories":[28,4],"tags":[14,21],"class_list":["post-21283","post","type-post","status-publish","format-standard","hentry","category-kreativt-folk","category-skrivande","tag-lasning","tag-ord"],"_links":{"self":[{"href":"https:\/\/sven-ove.nu\/index.php?rest_route=\/wp\/v2\/posts\/21283","targetHints":{"allow":["GET"]}}],"collection":[{"href":"https:\/\/sven-ove.nu\/index.php?rest_route=\/wp\/v2\/posts"}],"about":[{"href":"https:\/\/sven-ove.nu\/index.php?rest_route=\/wp\/v2\/types\/post"}],"author":[{"embeddable":true,"href":"https:\/\/sven-ove.nu\/index.php?rest_route=\/wp\/v2\/users\/1"}],"replies":[{"embeddable":true,"href":"https:\/\/sven-ove.nu\/index.php?rest_route=%2Fwp%2Fv2%2Fcomments&post=21283"}],"version-history":[{"count":20,"href":"https:\/\/sven-ove.nu\/index.php?rest_route=\/wp\/v2\/posts\/21283\/revisions"}],"predecessor-version":[{"id":21313,"href":"https:\/\/sven-ove.nu\/index.php?rest_route=\/wp\/v2\/posts\/21283\/revisions\/21313"}],"wp:attachment":[{"href":"https:\/\/sven-ove.nu\/index.php?rest_route=%2Fwp%2Fv2%2Fmedia&parent=21283"}],"wp:term":[{"taxonomy":"category","embeddable":true,"href":"https:\/\/sven-ove.nu\/index.php?rest_route=%2Fwp%2Fv2%2Fcategories&post=21283"},{"taxonomy":"post_tag","embeddable":true,"href":"https:\/\/sven-ove.nu\/index.php?rest_route=%2Fwp%2Fv2%2Ftags&post=21283"}],"curies":[{"name":"wp","href":"https:\/\/api.w.org\/{rel}","templated":true}]}}