{"id":21305,"date":"2019-10-18T04:38:12","date_gmt":"2019-10-18T03:38:12","guid":{"rendered":"http:\/\/sven-ove.nu\/?p=21305"},"modified":"2019-10-16T08:42:17","modified_gmt":"2019-10-16T07:42:17","slug":"sanningen-om-de-fattigas-forbannelse","status":"publish","type":"post","link":"https:\/\/sven-ove.nu\/?p=21305","title":{"rendered":"Sanningen om de fattigas f\u00f6rbannelse"},"content":{"rendered":"<p>Det \u00e4r m\u00e5nga sm\u00e5folksr\u00f6relsers f\u00f6rbannelse<br \/>\natt n\u00e4r de lyft de fattiga ur fattigdomen<br \/>\nblir de fattiga medelklass,<br \/>\nr\u00f6star p\u00e5 h\u00f6gern och ber s\u00e5 bevekande<br \/>\natt f\u00e5 bli \u00f6verklass<\/p>\n<p>Det f\u00e5r de inte<br \/>\nD\u00e4r \u00e4r det redan uts\u00e5lt<\/p>\n<p>Under tiden har nya fattiga anl\u00e4nt.<\/p>\n<p><em><strong>Viktor Root<\/strong><\/em><\/p>\n<p><strong>\u00a0<\/strong><\/p>\n<p><span style=\"color: #0000ff;\"><a style=\"color: #0000ff;\" href=\"https:\/\/sven-ove.nu\/\">Hem<\/a><\/span>\u00a0|\u00a0<span style=\"color: #0000ff;\"><a style=\"color: #0000ff;\" href=\"https:\/\/sven-ove.nu\/?page_id=170\">Om mig<\/a><\/span>\u00a0|<span style=\"color: #0000ff;\"><a style=\"color: #0000ff;\" href=\"https:\/\/sven-ove.nu\/?page_id=108\">Viktor Root<\/a><\/span><br \/>\n<em>Inl\u00e4gg nr 1\u00a0991. (c) Sven-Ove Svensson (men dela g\u00e4rna) <\/em><\/p>\n","protected":false},"excerpt":{"rendered":"<p>Det \u00e4r m\u00e5nga sm\u00e5folksr\u00f6relsers f\u00f6rbannelse att n\u00e4r de lyft de fattiga ur fattigdomen blir de fattiga medelklass, r\u00f6star p\u00e5 h\u00f6gern och ber s\u00e5 bevekande att f\u00e5 bli \u00f6verklass Det f\u00e5r de inte D\u00e4r \u00e4r det redan uts\u00e5lt Under tiden har nya fattiga anl\u00e4nt. Viktor Root \u00a0 Hem\u00a0|\u00a0Om mig\u00a0|Viktor Root Inl\u00e4gg nr 1\u00a0991. (c) Sven-Ove Svensson &hellip; <a href=\"https:\/\/sven-ove.nu\/?p=21305\" class=\"more-link\">Forts\u00e4tt l\u00e4sa <span class=\"screen-reader-text\">Sanningen om de fattigas f\u00f6rbannelse<\/span><\/a><\/p>\n","protected":false},"author":1,"featured_media":21307,"comment_status":"closed","ping_status":"open","sticky":false,"template":"","format":"standard","meta":{"_crdt_document":"","_monsterinsights_skip_tracking":false,"_monsterinsights_sitenote_active":false,"_monsterinsights_sitenote_note":"","_monsterinsights_sitenote_category":0,"footnotes":""},"categories":[9,11],"tags":[8,18],"class_list":["post-21305","post","type-post","status-publish","format-standard","has-post-thumbnail","hentry","category-politik","category-viktor-root","tag-historia","tag-lardomar"],"_links":{"self":[{"href":"https:\/\/sven-ove.nu\/index.php?rest_route=\/wp\/v2\/posts\/21305","targetHints":{"allow":["GET"]}}],"collection":[{"href":"https:\/\/sven-ove.nu\/index.php?rest_route=\/wp\/v2\/posts"}],"about":[{"href":"https:\/\/sven-ove.nu\/index.php?rest_route=\/wp\/v2\/types\/post"}],"author":[{"embeddable":true,"href":"https:\/\/sven-ove.nu\/index.php?rest_route=\/wp\/v2\/users\/1"}],"replies":[{"embeddable":true,"href":"https:\/\/sven-ove.nu\/index.php?rest_route=%2Fwp%2Fv2%2Fcomments&post=21305"}],"version-history":[{"count":2,"href":"https:\/\/sven-ove.nu\/index.php?rest_route=\/wp\/v2\/posts\/21305\/revisions"}],"predecessor-version":[{"id":21309,"href":"https:\/\/sven-ove.nu\/index.php?rest_route=\/wp\/v2\/posts\/21305\/revisions\/21309"}],"wp:featuredmedia":[{"embeddable":true,"href":"https:\/\/sven-ove.nu\/index.php?rest_route=\/wp\/v2\/media\/21307"}],"wp:attachment":[{"href":"https:\/\/sven-ove.nu\/index.php?rest_route=%2Fwp%2Fv2%2Fmedia&parent=21305"}],"wp:term":[{"taxonomy":"category","embeddable":true,"href":"https:\/\/sven-ove.nu\/index.php?rest_route=%2Fwp%2Fv2%2Fcategories&post=21305"},{"taxonomy":"post_tag","embeddable":true,"href":"https:\/\/sven-ove.nu\/index.php?rest_route=%2Fwp%2Fv2%2Ftags&post=21305"}],"curies":[{"name":"wp","href":"https:\/\/api.w.org\/{rel}","templated":true}]}}