{"id":21349,"date":"2019-10-22T04:34:07","date_gmt":"2019-10-22T03:34:07","guid":{"rendered":"http:\/\/sven-ove.nu\/?p=21349"},"modified":"2019-10-21T14:44:03","modified_gmt":"2019-10-21T13:44:03","slug":"en-schyst-befrielse-fran-dumheten","status":"publish","type":"post","link":"https:\/\/sven-ove.nu\/?p=21349","title":{"rendered":"En schyst befrielse fr\u00e5n dumheten"},"content":{"rendered":"<p><a href=\"https:\/\/sven-ove.nu\/wp-content\/uploads\/2019\/10\/Vilka-normer.jpg\"><img loading=\"lazy\" decoding=\"async\" class=\"size-large wp-image-21351 alignnone\" src=\"https:\/\/sven-ove.nu\/wp-content\/uploads\/2019\/10\/Vilka-normer-1024x1024.jpg\" alt=\"\" width=\"660\" height=\"660\" srcset=\"https:\/\/sven-ove.nu\/wp-content\/uploads\/2019\/10\/Vilka-normer-1024x1024.jpg 1024w, https:\/\/sven-ove.nu\/wp-content\/uploads\/2019\/10\/Vilka-normer-150x150.jpg 150w, https:\/\/sven-ove.nu\/wp-content\/uploads\/2019\/10\/Vilka-normer-300x300.jpg 300w, https:\/\/sven-ove.nu\/wp-content\/uploads\/2019\/10\/Vilka-normer-768x768.jpg 768w, https:\/\/sven-ove.nu\/wp-content\/uploads\/2019\/10\/Vilka-normer.jpg 1280w\" sizes=\"auto, (max-width: 660px) 100vw, 660px\" \/><\/a><\/p>\n<blockquote><p>Bulgarien-England: hemmafans sk\u00e4mmer ut sig med hitlerh\u00e4lsningar och rasistiska rop mot svarta motst\u00e5ndare. Frankrike-Turkiet: turkiska spelare sk\u00e4mmer ut sig genom att st\u00e4lla upp sig i bredd och g\u00f6ra honn\u00f6r. En hyllning till angreppskriget mot kurderna. FA-cupkvalmatch i England: avbru \u2026<\/p>\n<p>\u2026 just d\u00e5 \u00f6ppnar jag en skrift fr\u00e5n Region V\u00e4rmland som jag inte sett tidigare. Schyst idrott. Den k\u00e4nns som en befrielse fr\u00e5n dumheten.<\/p><\/blockquote>\n<p>Det kan vara en lycka att tillh\u00f6ra en grupp idrottsm\u00e4n med sammanh\u00e5llning eller en folkmassa som hejar p\u00e5 samma lag. Men det kan sannerligen sp\u00e5ra ur ocks\u00e5, det beh\u00f6ver en inte minnas Heyselstadion 1985 f\u00f6r att inse.<\/p>\n<p>Vi ser intoleransen stup i kvarten p\u00e5 svenska l\u00e4ktare med. Sk\u00f6nt d\u00e5 att k\u00e4nna till en idrott d\u00e4r jag aldrig sett det h\u00e4nda.<\/p>\n<p><strong>Alla har r\u00e4tt att vara med<br \/>\n<\/strong>Det var p\u00e5 bokm\u00e4ssan i G\u00f6teborg som Region V\u00e4rmland delade ut sin skrift i Schyst-serien. <strong>Schyst idrott<\/strong>. \u00c4r det n\u00e5got jag k\u00e4nner f\u00f6r, s\u00e5 \u00e4r det den sortens gemenskap. Ren dopingfri idrott utan fusk \u00e4r f\u00f6r bra f\u00f6r att f\u00f6rst\u00f6ras av patriarkala normer, homofoba dumheter, rasism, mobbing och tankl\u00f6shet.<\/p>\n<p><strong>Schyst idrott<\/strong> \u00e4r p\u00e5 44 sidor och handlar om allas r\u00e4tt att vara med, om att ord och bilder spelar roll, om ledarnas viktiga roll som f\u00f6rebilder, om den sv\u00e5ra domarrollen, om schyst milj\u00f6 i ett omkl\u00e4dningsrum d\u00e4r du inte ska beh\u00f6va k\u00e4nna dig utsatt och om idrotten i sociala medier. Inte minst handlar den om att f\u00f6r\u00e4ndra verkligheten.<\/p>\n<p>Alla som vill f\u00e5r och ska kunna vara med i idrotten skriver man p\u00e5 sidan 31. Precis s\u00e5. Alla som vill \u00e4r v\u00e4lkomna. En ordlista som g\u00f6r debatten begriplig ing\u00e5r (med ord som genus, k\u00f6n, genusperspektiv, normer, hbtq, j\u00e4mst\u00e4lldhet och m\u00e5ngfald). P\u00e5 slutet finns n\u00e5gra \u00f6vningar och diskussionsf\u00f6rslag bland annat kring v\u00e4rdeladdade uttryck och om hur du blir en medveten ledare.<\/p>\n<p><strong>Allt vi g\u00f6r kommunicerar<br \/>\n<\/strong>F\u00f6r, som sista \u00f6vningen s\u00e4ger: Allt vi g\u00f6r kommunicerar. Hur \u00e4r det med k\u00f6nsf\u00f6rdelningen i styrelsen, bland ledarna och de aktiva? \u00a0Hur f\u00f6rdelas resurserna mellan tjejer och killar, damer och herrar? Vem f\u00e5r de b\u00e4sta tr\u00e4ningstiderna? Fungerar omkl\u00e4dningsrummen f\u00f6r alla? I vilken ordning presenteras pristagarna i resultatlistorna och vid prisutdelningarna?<\/p>\n<p>Allt vi g\u00f6r kommunicerar.<\/p>\n<p>Jag tycker mycket om skriften och serien den ing\u00e5r i. <strong>Schyst idrott<\/strong> har producerats av Region V\u00e4rmlands kommunikationschef Odd R\u00e5berg, genusutvecklaren Marianne Nilsson, grafiske formgivaren Lars Falkman, fotografen \u00d8yvind Lund och frilansskribenten Katarina Aver\u00e5s. I arbetet har man samarbetat med en referensgrupp fr\u00e5n V\u00e4rmlandsidrotten och Riksidrottsf\u00f6rbundet. Dessutom har ungef\u00e4r 80 ledare och aktiva i 33 f\u00f6reningar bidragit till inneh\u00e5llet genom att delta i workshopar och intervjuer. Trycksaken \u00e4r inte helt ny men f\u00f6r mig \u00e4r den det.<strong>\u00a0<\/strong><\/p>\n<p><strong>Fint namn p\u00e5 v\u00e5r tillf\u00e4lliga arena<br \/>\n<\/strong>N\u00e4r jag l\u00e4gger ifr\u00e5n mig gratisskriften fr\u00e5n Region V\u00e4rmland hamnar blicken p\u00e5 min senaste nummerlapp p\u00e5 v\u00e4ggen i arbetsrummet. 318. Det numret hade vi p\u00e5 25-mannastafetten vid Nytorps \u00e4ngar utanf\u00f6r Jordbro f\u00f6rrf\u00f6rra helgen.<\/p>\n<p style=\"padding-left: 40px;\"><a href=\"https:\/\/sven-ove.nu\/wp-content\/uploads\/2019\/10\/318.jpg\"><img loading=\"lazy\" decoding=\"async\" class=\"size-thumbnail wp-image-21354 alignnone\" src=\"https:\/\/sven-ove.nu\/wp-content\/uploads\/2019\/10\/318-150x150.jpg\" alt=\"\" width=\"150\" height=\"150\" srcset=\"https:\/\/sven-ove.nu\/wp-content\/uploads\/2019\/10\/318-150x150.jpg 150w, https:\/\/sven-ove.nu\/wp-content\/uploads\/2019\/10\/318-300x300.jpg 300w, https:\/\/sven-ove.nu\/wp-content\/uploads\/2019\/10\/318-768x768.jpg 768w, https:\/\/sven-ove.nu\/wp-content\/uploads\/2019\/10\/318-1024x1024.jpg 1024w, https:\/\/sven-ove.nu\/wp-content\/uploads\/2019\/10\/318.jpg 1280w\" sizes=\"auto, (max-width: 150px) 100vw, 150px\" \/><\/a><\/p>\n<p>Nytorps \u00e4ngar \u00e4r ett s\u00e5 vackert namn. Skogen runt \u00e4ngarna \u00e4r <em>\u201dsm\u00e5skuren S\u00f6dert\u00f6rnsterr\u00e4ng med varierad kupering, mestadels svag till m\u00e5ttlig\u201d<\/em> skrev inbjudan. En skog d\u00e4r du kan hitta sm\u00e5 tv\u00e5strecksmossar uppe p\u00e5 sm\u00e5h\u00f6jderna, inte n\u00f6dv\u00e4ndigtvis nere i dalarna. Det \u00e4r vi inte vana vid p\u00e5 Grossbolstorp. H\u00e4r rinner vattnet ner\u00e5t.<\/p>\n<p>Inbjudan fortsatte:<\/p>\n<p style=\"padding-left: 40px;\"><em>\u201dTerr\u00e4ngen \u00e4r mestadels framkomlig, framf\u00f6rallt uppe p\u00e5 h\u00f6jderna. Omr\u00e5den med t\u00e4tare vegetation, gallringar eller uppvuxna hyggen f\u00f6rekommer. Genom omr\u00e5det slingrar ett antal st\u00f6rre motionssp\u00e5r och \u00e4ven m\u00e5nga mindre stigar. Banorna kommer bjuda p\u00e5 varierande orientering och snabba skiftningar i olika tekniska utmaningar.\u201d<\/em><\/p>\n<p>Jag gillar den terr\u00e4ngen och \u00e4nnu mer gillar jag 25-mannaorienteringen. Var annars kan du se en uschlig, l\u00e5ngsam 68-\u00e5ring som jag t\u00e4vla i samma stafett som nordisk elit? N\u00e4stan 400 lag var anm\u00e4lda, vi var 25 i varje lag och v\u00e5r klubb Lustens OK hade knappast sam\u00e5kt till Stockholm f\u00f6r att t\u00e4vla om segern med elitfinnarna, bestenorskarna och IFK G\u00f6teborg.<\/p>\n<p>Vi var d\u00e4r f\u00f6r att ha kul och hitta runt. Tre var debutanter p\u00e5 25-manna och vi var n\u00e4stan lika m\u00e5nga damer som herrar (n\u00e5ja) och \u00e5ldersskillnaden i laget var 57 \u00e5r. N\u00e4r lagledningen pusslat f\u00e4rdigt kv\u00e4llen innan blev jag en av fyra som fick springa fj\u00e4rdestr\u00e4ckan. Det blev \u00e4rligt talat mest stigl\u00f6pning, sv\u00e5rare var inte fyran, men lika glad f\u00f6r det var jag.<\/p>\n<p>Det r\u00e4cker att vara uschlig p\u00e5 sj\u00e4lva l\u00f6pningen n\u00e4r bestenorsk efter elitfinne svischar f\u00f6rbi.<\/p>\n<p><strong>Tack f\u00f6r p\u00e5minnelsen<br \/>\n<\/strong>N\u00e4r jag satt i Lustens t\u00e4lt och k\u00e4ftade med de andra slog det mig igen vilken speciell gemenskap orienteringen \u00e4r. H\u00e4r kan du se klubbens b\u00e4sta diskutera dagens lopp med lagets yngste nyb\u00f6rjare utan att n\u00e5gon tycker det \u00e4r det minsta konstigt. B\u00e5da ser varandra, b\u00e5da lyssnar.<\/p>\n<p>H\u00e4r pirrar det lika mycket i magen p\u00e5 pension\u00e4ren som p\u00e5 elva\u00e5ringen, n\u00e4r vi sitter intill varandra p\u00e5 v\u00e5ra ryggs\u00e4ckar och v\u00e4ntar p\u00e5 att de tidigare str\u00e4ckl\u00f6parna ska hinna runt, s\u00e5 vi f\u00e5r ge oss ut.<\/p>\n<p>Om inte vi representerar idrottens id\u00e9, d\u00e5 vet jag ingen som g\u00f6r det.\u00a0Tack f\u00f6r att ni p\u00e5minner oss om det, Region V\u00e4rmland och Katarina Aver\u00e5s.<\/p>\n<p>Schyst!<\/p>\n<p><a href=\"https:\/\/sven-ove.nu\/wp-content\/uploads\/2019\/10\/Schyst-idrott.jpg\"><img loading=\"lazy\" decoding=\"async\" class=\"size-medium wp-image-21353 alignnone\" src=\"https:\/\/sven-ove.nu\/wp-content\/uploads\/2019\/10\/Schyst-idrott-300x300.jpg\" alt=\"\" width=\"300\" height=\"300\" srcset=\"https:\/\/sven-ove.nu\/wp-content\/uploads\/2019\/10\/Schyst-idrott-300x300.jpg 300w, https:\/\/sven-ove.nu\/wp-content\/uploads\/2019\/10\/Schyst-idrott-150x150.jpg 150w, https:\/\/sven-ove.nu\/wp-content\/uploads\/2019\/10\/Schyst-idrott-768x768.jpg 768w, https:\/\/sven-ove.nu\/wp-content\/uploads\/2019\/10\/Schyst-idrott-1024x1024.jpg 1024w, https:\/\/sven-ove.nu\/wp-content\/uploads\/2019\/10\/Schyst-idrott.jpg 1280w\" sizes=\"auto, (max-width: 300px) 100vw, 300px\" \/><\/a><\/p>\n<p><span style=\"color: #ff9900;\"><strong><em>###<\/em><\/strong><\/span><em> H\u00e4r kan du l\u00e4sa mer om projektet <\/em><a href=\"http:\/\/schyst.se\/schyst-idrott\/\"><em><span style=\"color: #0000ff;\">Schyst idrott<\/span>.<\/em><\/a><br \/>\n<span style=\"color: #ff9900;\"><strong><em>###<\/em><\/strong><\/span> <span style=\"color: #0000ff;\"><a style=\"color: #0000ff;\" href=\"http:\/\/schyst.se\/schyst-idrott\/bestall-schyst-idrott\/\"><em>Best\u00e4ll skriften<\/em><\/a><\/span><em>.<br \/>\n<\/em><span style=\"color: #ff9900;\"><strong><em>###<\/em><\/strong><\/span> <span style=\"color: #0000ff;\"><a style=\"color: #0000ff;\" href=\"http:\/\/schyst.se\/wp-content\/uploads\/2018\/01\/Schyst-Idrott_web.pdf\"><em>Ladda ner den<\/em><\/a><\/span><em> (pdf).<\/em><em>\u00a0<\/em><\/p>\n<p><span style=\"color: #0000ff;\"><a style=\"color: #0000ff;\" href=\"https:\/\/sven-ove.nu\/\">Hem<\/a><\/span>\u00a0|\u00a0<span style=\"color: #0000ff;\"><a style=\"color: #0000ff;\" href=\"https:\/\/sven-ove.nu\/?page_id=170\">Om mig<\/a><\/span>\u00a0|\u00a0<span style=\"color: #0000ff;\"><a style=\"color: #0000ff;\" href=\"https:\/\/sven-ove.nu\/?page_id=1385\">Skriva &amp; prata<\/a><\/span>\u00a0|\u00a0<span style=\"color: #0000ff;\"><a style=\"color: #0000ff;\" href=\"https:\/\/sven-ove.nu\/?page_id=100\">Politik<\/a><\/span>\u00a0|\u00a0<span style=\"color: #0000ff;\"><a style=\"color: #0000ff;\" href=\"https:\/\/sven-ove.nu\/?page_id=102\">L\u00f6pa<\/a><\/span>\u00a0|\u00a0<span style=\"color: #0000ff;\"><a style=\"color: #0000ff;\" href=\"https:\/\/sven-ove.nu\/?page_id=108\">Viktor Root<\/a><\/span><br \/>\n<em>Inl\u00e4gg nr 1\u00a0994. (c) Sven-Ove Svensson (men dela g\u00e4rna) <\/em><\/p>\n","protected":false},"excerpt":{"rendered":"<p>Bulgarien-England: hemmafans sk\u00e4mmer ut sig med hitlerh\u00e4lsningar och rasistiska rop mot svarta motst\u00e5ndare. Frankrike-Turkiet: turkiska spelare sk\u00e4mmer ut sig genom att st\u00e4lla upp sig i bredd och g\u00f6ra honn\u00f6r. En hyllning till angreppskriget mot kurderna. FA-cupkvalmatch i England: avbru \u2026 \u2026 just d\u00e5 \u00f6ppnar jag en skrift fr\u00e5n Region V\u00e4rmland som jag inte sett tidigare. &hellip; <a href=\"https:\/\/sven-ove.nu\/?p=21349\" class=\"more-link\">Forts\u00e4tt l\u00e4sa <span class=\"screen-reader-text\">En schyst befrielse fr\u00e5n dumheten<\/span><\/a><\/p>\n","protected":false},"author":1,"featured_media":0,"comment_status":"closed","ping_status":"open","sticky":false,"template":"","format":"standard","meta":{"_crdt_document":"","_monsterinsights_skip_tracking":false,"_monsterinsights_sitenote_active":false,"_monsterinsights_sitenote_note":"","_monsterinsights_sitenote_category":0,"footnotes":""},"categories":[28,6,9],"tags":[24,25,18,14,12],"class_list":["post-21349","post","type-post","status-publish","format-standard","hentry","category-kreativt-folk","category-natur","category-politik","tag-karlek","tag-kartan","tag-lardomar","tag-lasning","tag-orientering"],"_links":{"self":[{"href":"https:\/\/sven-ove.nu\/index.php?rest_route=\/wp\/v2\/posts\/21349","targetHints":{"allow":["GET"]}}],"collection":[{"href":"https:\/\/sven-ove.nu\/index.php?rest_route=\/wp\/v2\/posts"}],"about":[{"href":"https:\/\/sven-ove.nu\/index.php?rest_route=\/wp\/v2\/types\/post"}],"author":[{"embeddable":true,"href":"https:\/\/sven-ove.nu\/index.php?rest_route=\/wp\/v2\/users\/1"}],"replies":[{"embeddable":true,"href":"https:\/\/sven-ove.nu\/index.php?rest_route=%2Fwp%2Fv2%2Fcomments&post=21349"}],"version-history":[{"count":4,"href":"https:\/\/sven-ove.nu\/index.php?rest_route=\/wp\/v2\/posts\/21349\/revisions"}],"predecessor-version":[{"id":21356,"href":"https:\/\/sven-ove.nu\/index.php?rest_route=\/wp\/v2\/posts\/21349\/revisions\/21356"}],"wp:attachment":[{"href":"https:\/\/sven-ove.nu\/index.php?rest_route=%2Fwp%2Fv2%2Fmedia&parent=21349"}],"wp:term":[{"taxonomy":"category","embeddable":true,"href":"https:\/\/sven-ove.nu\/index.php?rest_route=%2Fwp%2Fv2%2Fcategories&post=21349"},{"taxonomy":"post_tag","embeddable":true,"href":"https:\/\/sven-ove.nu\/index.php?rest_route=%2Fwp%2Fv2%2Ftags&post=21349"}],"curies":[{"name":"wp","href":"https:\/\/api.w.org\/{rel}","templated":true}]}}