{"id":21422,"date":"2019-11-04T04:21:10","date_gmt":"2019-11-04T03:21:10","guid":{"rendered":"http:\/\/sven-ove.nu\/?p=21422"},"modified":"2019-11-03T11:52:26","modified_gmt":"2019-11-03T10:52:26","slug":"21422","status":"publish","type":"post","link":"https:\/\/sven-ove.nu\/?p=21422","title":{"rendered":"Folkr\u00f6relse f\u00f6r kullhalkade"},"content":{"rendered":"<p><a href=\"https:\/\/sven-ove.nu\/wp-content\/uploads\/2019\/11\/Stollebr\u00e5ten.jpg\"><img loading=\"lazy\" decoding=\"async\" class=\"size-full wp-image-21424 alignnone\" src=\"https:\/\/sven-ove.nu\/wp-content\/uploads\/2019\/11\/Stollebr\u00e5ten.jpg\" alt=\"\" width=\"671\" height=\"478\" srcset=\"https:\/\/sven-ove.nu\/wp-content\/uploads\/2019\/11\/Stollebr\u00e5ten.jpg 671w, https:\/\/sven-ove.nu\/wp-content\/uploads\/2019\/11\/Stollebr\u00e5ten-300x214.jpg 300w\" sizes=\"auto, (max-width: 671px) 100vw, 671px\" \/><\/a><\/p>\n<blockquote><p>En sp\u00e4nnande del av spr\u00e5ket \u00e4r v\u00e5ra ortnamn. Detta att platser faktiskt kan heta Leverh\u00f6gen, Spraxkya, Br\u00e4nnvins\u00f6n, V\u00e4tskavattnet eller Sm\u00f6rh\u00e5lan.<\/p><\/blockquote>\n<p>Ibland har jag \u00e4gnat halva n\u00e4tter \u00e5t att leta efter s\u00e5nt. Fattigskogen, Ensamheten, Br\u00f6dl\u00f6sera, Br\u00f6dburken, El\u00e4ndet, Rika fruns k\u00e4llare, V\u00e4nstern, Mitti-Mellansj\u00f6n, Skratthagen, Tillf\u00e4llet, Typen, Stollebr\u00e5ten och Tillflykten.<\/p>\n<p>Sist jag letade hittade jag 13 platser som heter just Tillflykten. Fundera \u00f6ver hur folk hamnade d\u00e4r, du. \u201dHur hava de det i Tillflykten, hava de piano?\u201d.<\/p>\n<p><strong>Rappare i truten<br \/>\n<\/strong>Folks s\u00e4tt att uttala sina ortnamn rationellt \u00e4r ocks\u00e5 kul. Varf\u00f6r s\u00e4ga \u201dKarlanda\u201d n\u00e4r \u201dKalan\u201d g\u00e5r fortare? Varf\u00f6r \u201d\u00c5kers Styckebruk\u201d n\u00e4r \u201d\u00c5ker\u201d ligger rappare i truten? \u00c5motforsborna, s\u00e4ger inte de \u201d\u00c5mot\u201d av samma sk\u00e4l?<\/p>\n<p>Varf\u00f6r v\u00e4lja allvarsamma \u201dKristinehamn\u201d n\u00e4r sj\u00e4lvironiska \u201dKrilleh\u00f4la\u201d studsar s\u00e5 g\u00f4tt ur mun? Vem anv\u00e4nder det rikssvenska \u201dLyckan\u201d fr\u00e5n kartan n\u00e4r alla som bor d\u00e4r vet att det heter \u201dL\u00f6cka\u201d? (\u00c5tminstone det i V\u00e4se).<\/p>\n<p>Vem s\u00e4ger \u201dSundhultmon\u201d mitt emot Syssleb\u00e4ck? Det heter ju \u201dKuba\u201d.<\/p>\n<p><strong>Blir till beteenden<br \/>\n<\/strong>Orter \u00e4r mer \u00e4n sina namn. Ibland blir de till beteenden ocks\u00e5. Var det inte i Halland alla l\u00e5ngtradare tutade p\u00e5 ett visst st\u00e4lle, f\u00f6r att det bodde en nazist i huset? P\u00e5 andra h\u00e5ll finns det offerkast. Folk kastar kvistar d\u00e4r n\u00e5gon d\u00f6tt en v\u00e5ldsam eller tragisk d\u00f6d. Ibland p\u00e5g\u00e5r seden i hundratals \u00e5r.<\/p>\n<p>Seden i Lyckan, s\u00f6der om oss, \u00e4r \u00e4nnu mer speciell. Hur uppstod den? H\u00e4r ska du h\u00e5lla andan. Du b\u00f6rjar vid ortskylten Lyckan och sedan f\u00e5r du inte andas igen f\u00f6rr\u00e4n du passerar n\u00e4sta Lyckan-skylt, p\u00e5 andra sidan byn. Klarar du det f\u00e5r du \u00f6nska vad du vill, men du f\u00e5r inte ber\u00e4tta f\u00f6r n\u00e5gon vad du \u00f6nskat.<\/p>\n<p>V\u00e5r kommun har sin egen andh\u00e5llplats. S\u00e5nt fick vi aldrig l\u00e4ra oss i k\u00f6rskolan.<\/p>\n<p><strong>Vill d\u00f6pa om rondellen<br \/>\n<\/strong>I Ny\u00e4ngsrondellen utanf\u00f6r Grums k\u00f6r folk omkull med motorcykel. Det \u00e4r inget att skoja om, men det h\u00e4nder. N\u00e4r det h\u00e4nde fler \u00e4n en, uppstod en folkr\u00f6relse. N\u00e4mligen bland halkare som vill byta namn p\u00e5 rondellen. S\u00e5 h\u00e4r skrev signaturen Lappen i motorcykelforumet Harleyforum.se klockan 01:11 den 27 augusti 2011:<\/p>\n<p style=\"padding-left: 40px;\"><em>\u201dO&#8217;hoj!<\/em><\/p>\n<p style=\"padding-left: 40px;\"><em>Jag \u00e4r ny h\u00e4r p\u00e5 forumet, och \u00e4ven ny Harley\u00e5kare. Jag har \u00e5kt mc sedan 18\u00e5rs \u00e5ldern (1994) men det var f\u00f6rst sommaren 2010 som jag uppfyllde min pojkdr\u00f6m, en FatBoy -99 som g\u00e5r under namnet Bobbo.<\/em><\/p>\n<p style=\"padding-left: 40px;\"><em>Jag tror tyv\u00e4rr inte att jag kommer att kunna vara till s\u00e5 stor hj\u00e4lp f\u00f6r er andra, men hoppas kunna utbyta lite erfarenheter och ev h\u00e4mta tips fr\u00e5n er.<\/em><\/p>\n<p style=\"padding-left: 40px;\"><em>Nu p\u00e5 f\u00f6rsommaren kraschade tyv\u00e4rr jag och Bobbo i Ny\u00e4ngsrondellen i Grums (som numera heter wounded knee) och Bobbo har inte \u00e5terh\u00e4mtat sig \u00e4n. Men i b\u00f6rjan av n\u00e4sta vecka ska han vara tillbaka!!!<\/em><\/p>\n<p style=\"padding-left: 40px;\"><em>En mycket tr\u00e5kig historia men absolut en av minna starkaste MC minnen. Helgen det h\u00e4nde var det fest hos en n\u00e4rliggande klubb och samtliga Harley\u00e5kare stannade och erbj\u00f6d sin hj\u00e4lp!!! Faktiskt en m\u00e4ktig k\u00e4nsla.<\/em><\/p>\n<p style=\"padding-left: 40px;\"><em>Om du \u00e4r en av dem som stannade 1000 tack!<\/em><\/p>\n<p style=\"padding-left: 40px;\"><em>\/ Lappen<\/em><\/p>\n<p>L\u00e4ste du parentesen? Wounded Knee. Jo, s\u00e5 \u00e4r det. En annan motorcyklist halkade ocks\u00e5 i rondellen d\u00e4r E18 och E45 m\u00f6ts. Min lokalradio ber\u00e4ttar om honom p\u00e5 Facebook:<\/p>\n<p style=\"padding-left: 40px;\"><em>\u201dKenneth Bornstedt fr\u00e5n Sunne gick omkull med motorcykel i Ny\u00e4ngsrondellen i Grums och skadade kn\u00e4t, och efter lite efterforskningar hittade han fler motorcyklister som halkat till i samma rondell. D\u00e5 best\u00e4mde han sig f\u00f6r att f\u00f6rs\u00f6ka d\u00f6pa om rondellen till Wounded Knee i flera kartappar. Om han f\u00e5r best\u00e4mma ska det bli trafikplats Wounded Knee, om det blir verklighet \u00e5terst\u00e5r att se.\u201d<\/em><\/p>\n<p>Lobbyarbetet p\u00e5g\u00e5r f\u00f6r fullt men \u00e4n har Trafikverket varit kallsinnigt. Det har inte kartapparna. D\u00e4r hittar du Wounded Knee lite \u00f6verallt.<\/p>\n<p><a href=\"https:\/\/sven-ove.nu\/wp-content\/uploads\/2019\/11\/Sk\u00e4rmavbild-2019-11-03-kl.-07.55.23.png\"><img loading=\"lazy\" decoding=\"async\" class=\"size-medium wp-image-21427 alignnone\" src=\"https:\/\/sven-ove.nu\/wp-content\/uploads\/2019\/11\/Sk\u00e4rmavbild-2019-11-03-kl.-07.55.23-300x217.png\" alt=\"\" width=\"300\" height=\"217\" srcset=\"https:\/\/sven-ove.nu\/wp-content\/uploads\/2019\/11\/Sk\u00e4rmavbild-2019-11-03-kl.-07.55.23-300x217.png 300w, https:\/\/sven-ove.nu\/wp-content\/uploads\/2019\/11\/Sk\u00e4rmavbild-2019-11-03-kl.-07.55.23.png 363w\" sizes=\"auto, (max-width: 300px) 100vw, 300px\" \/><\/a><\/p>\n<p><a href=\"https:\/\/sven-ove.nu\/wp-content\/uploads\/2019\/11\/Sk\u00e4rmavbild-2019-11-03-kl.-07.54.37.png\"><img loading=\"lazy\" decoding=\"async\" class=\"size-medium wp-image-21428 alignnone\" src=\"https:\/\/sven-ove.nu\/wp-content\/uploads\/2019\/11\/Sk\u00e4rmavbild-2019-11-03-kl.-07.54.37-300x210.png\" alt=\"\" width=\"300\" height=\"210\" srcset=\"https:\/\/sven-ove.nu\/wp-content\/uploads\/2019\/11\/Sk\u00e4rmavbild-2019-11-03-kl.-07.54.37-300x210.png 300w, https:\/\/sven-ove.nu\/wp-content\/uploads\/2019\/11\/Sk\u00e4rmavbild-2019-11-03-kl.-07.54.37.png 358w\" sizes=\"auto, (max-width: 300px) 100vw, 300px\" \/><\/a><\/p>\n<p>Busigt.<br \/>\nFast allra mest gillar jag att alla stannade.<\/p>\n<p><span style=\"color: #0000ff;\"><a style=\"color: #0000ff;\" href=\"https:\/\/sven-ove.nu\/\">Hem<\/a><\/span>\u00a0|\u00a0<a href=\"https:\/\/sven-ove.nu\/?page_id=170\"><span style=\"color: #0000ff;\">Om mig<\/span><\/a>\u00a0|\u00a0<span style=\"color: #0000ff;\"><a style=\"color: #0000ff;\" href=\"https:\/\/sven-ove.nu\/?page_id=1385\">Skriva &amp; prata<\/a><\/span>\u00a0|\u00a0<span style=\"color: #0000ff;\"><a style=\"color: #0000ff;\" href=\"https:\/\/sven-ove.nu\/?page_id=100\">Politik<\/a><\/span>\u00a0|\u00a0<span style=\"color: #0000ff;\"><a style=\"color: #0000ff;\" href=\"https:\/\/sven-ove.nu\/?page_id=102\">L\u00f6pa<\/a><\/span>\u00a0|\u00a0<span style=\"color: #0000ff;\"><a style=\"color: #0000ff;\" href=\"https:\/\/sven-ove.nu\/?page_id=108\">Viktor Root<\/a><\/span><br \/>\n<em>Inl\u00e4gg nr 2 003. (c) Sven-Ove Svensson (men dela g\u00e4rna) <\/em><\/p>\n","protected":false},"excerpt":{"rendered":"<p>En sp\u00e4nnande del av spr\u00e5ket \u00e4r v\u00e5ra ortnamn. Detta att platser faktiskt kan heta Leverh\u00f6gen, Spraxkya, Br\u00e4nnvins\u00f6n, V\u00e4tskavattnet eller Sm\u00f6rh\u00e5lan. Ibland har jag \u00e4gnat halva n\u00e4tter \u00e5t att leta efter s\u00e5nt. Fattigskogen, Ensamheten, Br\u00f6dl\u00f6sera, Br\u00f6dburken, El\u00e4ndet, Rika fruns k\u00e4llare, V\u00e4nstern, Mitti-Mellansj\u00f6n, Skratthagen, Tillf\u00e4llet, Typen, Stollebr\u00e5ten och Tillflykten. Sist jag letade hittade jag 13 platser som &hellip; <a href=\"https:\/\/sven-ove.nu\/?p=21422\" class=\"more-link\">Forts\u00e4tt l\u00e4sa <span class=\"screen-reader-text\">Folkr\u00f6relse f\u00f6r kullhalkade<\/span><\/a><\/p>\n","protected":false},"author":1,"featured_media":0,"comment_status":"closed","ping_status":"open","sticky":false,"template":"","format":"standard","meta":{"_crdt_document":"","_monsterinsights_skip_tracking":false,"_monsterinsights_sitenote_active":false,"_monsterinsights_sitenote_note":"","_monsterinsights_sitenote_category":0,"footnotes":""},"categories":[28,4],"tags":[25,21],"class_list":["post-21422","post","type-post","status-publish","format-standard","hentry","category-kreativt-folk","category-skrivande","tag-kartan","tag-ord"],"_links":{"self":[{"href":"https:\/\/sven-ove.nu\/index.php?rest_route=\/wp\/v2\/posts\/21422","targetHints":{"allow":["GET"]}}],"collection":[{"href":"https:\/\/sven-ove.nu\/index.php?rest_route=\/wp\/v2\/posts"}],"about":[{"href":"https:\/\/sven-ove.nu\/index.php?rest_route=\/wp\/v2\/types\/post"}],"author":[{"embeddable":true,"href":"https:\/\/sven-ove.nu\/index.php?rest_route=\/wp\/v2\/users\/1"}],"replies":[{"embeddable":true,"href":"https:\/\/sven-ove.nu\/index.php?rest_route=%2Fwp%2Fv2%2Fcomments&post=21422"}],"version-history":[{"count":7,"href":"https:\/\/sven-ove.nu\/index.php?rest_route=\/wp\/v2\/posts\/21422\/revisions"}],"predecessor-version":[{"id":21432,"href":"https:\/\/sven-ove.nu\/index.php?rest_route=\/wp\/v2\/posts\/21422\/revisions\/21432"}],"wp:attachment":[{"href":"https:\/\/sven-ove.nu\/index.php?rest_route=%2Fwp%2Fv2%2Fmedia&parent=21422"}],"wp:term":[{"taxonomy":"category","embeddable":true,"href":"https:\/\/sven-ove.nu\/index.php?rest_route=%2Fwp%2Fv2%2Fcategories&post=21422"},{"taxonomy":"post_tag","embeddable":true,"href":"https:\/\/sven-ove.nu\/index.php?rest_route=%2Fwp%2Fv2%2Ftags&post=21422"}],"curies":[{"name":"wp","href":"https:\/\/api.w.org\/{rel}","templated":true}]}}