{"id":21433,"date":"2019-11-05T04:22:31","date_gmt":"2019-11-05T03:22:31","guid":{"rendered":"http:\/\/sven-ove.nu\/?p=21433"},"modified":"2019-11-05T07:17:27","modified_gmt":"2019-11-05T06:17:27","slug":"21433","status":"publish","type":"post","link":"https:\/\/sven-ove.nu\/?p=21433","title":{"rendered":"Dyrare \u00e4n en Malte-l\u00f6n"},"content":{"rendered":"<p><a href=\"https:\/\/sven-ove.nu\/wp-content\/uploads\/2019\/11\/P\u00e5-pallen.jpg\"><img loading=\"lazy\" decoding=\"async\" class=\"size-large wp-image-21434 alignnone\" src=\"https:\/\/sven-ove.nu\/wp-content\/uploads\/2019\/11\/P\u00e5-pallen-1024x1024.jpg\" alt=\"\" width=\"660\" height=\"660\" srcset=\"https:\/\/sven-ove.nu\/wp-content\/uploads\/2019\/11\/P\u00e5-pallen-1024x1024.jpg 1024w, https:\/\/sven-ove.nu\/wp-content\/uploads\/2019\/11\/P\u00e5-pallen-150x150.jpg 150w, https:\/\/sven-ove.nu\/wp-content\/uploads\/2019\/11\/P\u00e5-pallen-300x300.jpg 300w, https:\/\/sven-ove.nu\/wp-content\/uploads\/2019\/11\/P\u00e5-pallen-768x768.jpg 768w, https:\/\/sven-ove.nu\/wp-content\/uploads\/2019\/11\/P\u00e5-pallen.jpg 1280w\" sizes=\"auto, (max-width: 660px) 100vw, 660px\" \/><\/a><\/p>\n<blockquote><p>Fixar-Malte hette den f\u00f6rste. Det var H\u00f6gan\u00e4s kommun som kommit p\u00e5 den kloka id\u00e9n att anst\u00e4lla en fixare som for omkring och hj\u00e4lpte gammalt folk med diverse installationer och reparationer.<\/p><\/blockquote>\n<p>Fortfarande d\u00f6r \u00f6ver tusen personer i fallolyckor i hemmen varje \u00e5r. Den g\u00e5ngen dog det \u00e4nnu fler. F\u00f6r att inte tala om hur m\u00e5nga som ramlar och skadar sig.<\/p>\n<p>Fallen i hemmen \u00e4r en sm\u00e4rtsam historia f\u00f6r alla inblandade och en stor kostnad f\u00f6r samh\u00e4llet. Dyrare \u00e4n en Malte-l\u00f6n.<\/p>\n<p>Tack f\u00f6r en bra id\u00e9, H\u00f6gan\u00e4s.<\/p>\n<p><strong>Inte samma statusd\u00f6d<br \/>\n<\/strong>Jag minns fortfarande hur min arbetskamrat Jan \u00f6ppnade \u00f6gonen p\u00e5 m\u00e5nga av oss, p\u00e5 R\u00e4ddningsverket. Han hade b\u00f6rjat jobba med statistiken \u00f6ver fallolyckorna och det var viktiga fakta han gav oss. Den g\u00e5ngen var det inte d\u00f6dsskjutningarna som hade h\u00f6gst status i det offentliga samtalet. Det var trafikd\u00f6den och hos oss p\u00e5 verket i viss m\u00e5n d\u00f6dsbr\u00e4nderna.<\/p>\n<p>Jan kom med h\u00f6gre siffror, fler d\u00f6da. Hemmet \u00e4r en farlig plats, s\u00e4rskilt n\u00e4r du blir \u00e4ldre. Fallen d\u00f6dar fler \u00e4n b\u00e5de trafiken och br\u00e4nderna, m\u00e5nga fler. Det \u00e4r bara det att ingen talade om saken, den g\u00e5ngen.<\/p>\n<p><strong>270\u00a0000 till akuten<br \/>\n<\/strong>L\u00e5ngt senare, n\u00e4r jag f\u00f6r l\u00e4nge sedan slutat p\u00e5 verket, kom unders\u00f6kningen\u00a0<span style=\"color: #0000ff;\"><a style=\"color: #0000ff;\" href=\"https:\/\/www.msb.se\/RibData\/Filer\/pdf\/27442.pdf\">Fallolyckor \u2013 statistik och analys<\/a>.\u00a0<\/span>D\u00e4r kunde Jan Schyllander ber\u00e4tta att:<\/p>\n<p style=\"padding-left: 40px;\"><em>\u201dFallolyckor \u00e4r den olyckstyp som leder till flest d\u00f6dsfall, flest antal inl\u00e4ggningar p\u00e5 sjukhus och flest antal bes\u00f6k p\u00e5 akutmottagningar. Under 2013 omkom 1\u00a0662 personer i fallolyckor, \u00f6ver 70\u00a0000 blev inlagda i sluten sjukhusv\u00e5rd och \u00f6ver 270\u00a0000 upps\u00f6kte ett akutsjukhus efter att ha skadats i fallolyckor. Fallolyckor \u00e4r ocks\u00e5, tillsammans med f\u00f6rgiftningsolyckor, den olyckstyp som \u00f6kar snabbast av alla olyckstyper.\u201d<\/em><\/p>\n<p><strong>Fler borde skaffa fixartj\u00e4nst<br \/>\n<\/strong>\u00d6ver tusen personer. Vem t\u00e4nker p\u00e5 dem n\u00e4r tidningarna skriver om 45 d\u00f6da i skjutningar och 58 d\u00f6da i arbetsplatsolyckor? Jag menar inte att st\u00e4lla de olika d\u00f6da emot varandra, alla de d\u00f6dsfallen \u00e4r f\u00f6rf\u00e4rliga. Men nog borde vi sk\u00e4nka \u00e4ven de gamla som sl\u00e5r ihj\u00e4l sig hemma en tanke ibland.<\/p>\n<p>M\u00e5nga kommuner har skaffat sig en fixartj\u00e4nst, som bland annat \u00e4r till f\u00f6r att f\u00e4rre ska falla d\u00e4rhemma. \u00c4nnu fler kommuner borde g\u00f6ra det.<\/p>\n<p>Min egen till exempel.<\/p>\n<p><em><span style=\"color: #ff6600;\">###<\/span> I fjol dog 42 personer som var \u00f6ver 65 \u00e5r i fallolyckor i mitt l\u00e4n.<br \/>\n<\/em><em><span style=\"color: #ff6600;\">###<\/span> Det \u00e4r bara en f\u00e4rre \u00e4n de som dog i skjutningar 2018 \u2013 i hela landet.<br \/>\n<\/em><em><span style=\"color: #ff6600;\">###<\/span> Skjutningarna beh\u00f6ver stoppas. Sj\u00e4lvklart. Men gammalt folk med d\u00e5lig balans beh\u00f6ver ocks\u00e5 hj\u00e4lp.<\/em><\/p>\n<p><span style=\"color: #0000ff;\"><a style=\"color: #0000ff;\" href=\"https:\/\/sven-ove.nu\/\">Hem<\/a><\/span>\u00a0|\u00a0<span style=\"color: #0000ff;\"><a style=\"color: #0000ff;\" href=\"https:\/\/sven-ove.nu\/?page_id=170\">Om mig<\/a><\/span>\u00a0|\u00a0<span style=\"color: #0000ff;\"><a style=\"color: #0000ff;\" href=\"https:\/\/sven-ove.nu\/?page_id=1385\">Skriva &amp; prata<\/a><\/span>\u00a0|\u00a0<span style=\"color: #0000ff;\"><a style=\"color: #0000ff;\" href=\"https:\/\/sven-ove.nu\/?page_id=100\">Politik<\/a><\/span>\u00a0|\u00a0<span style=\"color: #0000ff;\"><a style=\"color: #0000ff;\" href=\"https:\/\/sven-ove.nu\/?page_id=102\">L\u00f6pa<\/a><\/span>\u00a0|\u00a0<span style=\"color: #0000ff;\"><a style=\"color: #0000ff;\" href=\"https:\/\/sven-ove.nu\/?page_id=108\">Viktor Root<\/a><\/span><br \/>\n<em>Inl\u00e4gg nr 2 004. (c) Sven-Ove Svensson (men dela g\u00e4rna)<\/em><\/p>\n","protected":false},"excerpt":{"rendered":"<p>Fixar-Malte hette den f\u00f6rste. Det var H\u00f6gan\u00e4s kommun som kommit p\u00e5 den kloka id\u00e9n att anst\u00e4lla en fixare som for omkring och hj\u00e4lpte gammalt folk med diverse installationer och reparationer. Fortfarande d\u00f6r \u00f6ver tusen personer i fallolyckor i hemmen varje \u00e5r. Den g\u00e5ngen dog det \u00e4nnu fler. F\u00f6r att inte tala om hur m\u00e5nga som &hellip; <a href=\"https:\/\/sven-ove.nu\/?p=21433\" class=\"more-link\">Forts\u00e4tt l\u00e4sa <span class=\"screen-reader-text\">Dyrare \u00e4n en Malte-l\u00f6n<\/span><\/a><\/p>\n","protected":false},"author":1,"featured_media":0,"comment_status":"closed","ping_status":"open","sticky":false,"template":"","format":"standard","meta":{"_crdt_document":"","_monsterinsights_skip_tracking":false,"_monsterinsights_sitenote_active":false,"_monsterinsights_sitenote_note":"","_monsterinsights_sitenote_category":0,"footnotes":""},"categories":[28,9],"tags":[18,17],"class_list":["post-21433","post","type-post","status-publish","format-standard","hentry","category-kreativt-folk","category-politik","tag-lardomar","tag-solidaritet"],"_links":{"self":[{"href":"https:\/\/sven-ove.nu\/index.php?rest_route=\/wp\/v2\/posts\/21433","targetHints":{"allow":["GET"]}}],"collection":[{"href":"https:\/\/sven-ove.nu\/index.php?rest_route=\/wp\/v2\/posts"}],"about":[{"href":"https:\/\/sven-ove.nu\/index.php?rest_route=\/wp\/v2\/types\/post"}],"author":[{"embeddable":true,"href":"https:\/\/sven-ove.nu\/index.php?rest_route=\/wp\/v2\/users\/1"}],"replies":[{"embeddable":true,"href":"https:\/\/sven-ove.nu\/index.php?rest_route=%2Fwp%2Fv2%2Fcomments&post=21433"}],"version-history":[{"count":6,"href":"https:\/\/sven-ove.nu\/index.php?rest_route=\/wp\/v2\/posts\/21433\/revisions"}],"predecessor-version":[{"id":21440,"href":"https:\/\/sven-ove.nu\/index.php?rest_route=\/wp\/v2\/posts\/21433\/revisions\/21440"}],"wp:attachment":[{"href":"https:\/\/sven-ove.nu\/index.php?rest_route=%2Fwp%2Fv2%2Fmedia&parent=21433"}],"wp:term":[{"taxonomy":"category","embeddable":true,"href":"https:\/\/sven-ove.nu\/index.php?rest_route=%2Fwp%2Fv2%2Fcategories&post=21433"},{"taxonomy":"post_tag","embeddable":true,"href":"https:\/\/sven-ove.nu\/index.php?rest_route=%2Fwp%2Fv2%2Ftags&post=21433"}],"curies":[{"name":"wp","href":"https:\/\/api.w.org\/{rel}","templated":true}]}}