{"id":2144,"date":"2012-05-08T04:50:13","date_gmt":"2012-05-08T03:50:13","guid":{"rendered":"http:\/\/sven-ove.nu\/?p=2144"},"modified":"2012-05-08T04:52:28","modified_gmt":"2012-05-08T03:52:28","slug":"gorstorkommuner","status":"publish","type":"post","link":"https:\/\/sven-ove.nu\/?p=2144","title":{"rendered":"G\u00f4rstorkommuner"},"content":{"rendered":"<p>F\u00f6rsta maj \u00f6ppnade socialdemokraterna i V\u00e4rmland f\u00f6r en ny, stor reform med kommunsammanslagningar i l\u00e4net. Nu ber\u00e4ttar moderaterna att de h\u00e5ller med. \u00c5 vad de h\u00e5ller med.<\/p>\n<p>Min v\u00e4n <strong>Viktor Root<\/strong> h\u00e4lsar att varje s\u00e5dan sammanslagning \u00e4r \u00e5t skogen. Nu k\u00e4nner han i alla fall dom han ska sk\u00e4lla p\u00e5, det \u00e4r mycket roligare d\u00e5.<\/p>\n<p style=\"padding-left: 30px;\">Tre g\u00f4rstorkommuner \u00e4r f\u00f6reslagna hittills:<br \/>\nEn ska heta R\u00f6de Fors.<br \/>\nEn ska heta Gr\u00f6nk\u00f6pingjala.<br \/>\nEn ska heta Hela Yttersta V\u00e4stern Eda S\u00e4rskilt N\u00e4mnt.<\/p>\n<p>Karlstad? D\u00e4r r\u00e4ckte det bara till en folkomr\u00f6stning. Den ska handla om hur synd det \u00e4r att Hammar\u00f6 fortfarande inte vill g\u00e5 med i Karlstad, f\u00f6r om Hammar\u00f6 hade velat g\u00e5 med i Karlstad skulle det nog ha blivit 100 000 karlstadbor i V\u00e4rmlands ryggslut &#8211; och det hade ju verkligen suttit fint.<\/p>\n<p>P\u00e5 n\u00e5t vis.<\/p>\n","protected":false},"excerpt":{"rendered":"<p>F\u00f6rsta maj \u00f6ppnade socialdemokraterna i V\u00e4rmland f\u00f6r en ny, stor reform med kommunsammanslagningar i l\u00e4net. Nu ber\u00e4ttar moderaterna att de h\u00e5ller med. \u00c5 vad de h\u00e5ller med. Min v\u00e4n Viktor Root h\u00e4lsar att varje s\u00e5dan sammanslagning \u00e4r \u00e5t skogen. Nu k\u00e4nner han i alla fall dom han ska sk\u00e4lla p\u00e5, det \u00e4r mycket roligare d\u00e5. &hellip; <a href=\"https:\/\/sven-ove.nu\/?p=2144\" class=\"more-link\">Forts\u00e4tt l\u00e4sa <span class=\"screen-reader-text\">G\u00f4rstorkommuner<\/span><\/a><\/p>\n","protected":false},"author":1,"featured_media":0,"comment_status":"open","ping_status":"open","sticky":false,"template":"","format":"standard","meta":{"_crdt_document":"","_monsterinsights_skip_tracking":false,"_monsterinsights_sitenote_active":false,"_monsterinsights_sitenote_note":"","_monsterinsights_sitenote_category":0,"footnotes":""},"categories":[9,11],"tags":[25],"class_list":["post-2144","post","type-post","status-publish","format-standard","hentry","category-politik","category-viktor-root","tag-kartan"],"_links":{"self":[{"href":"https:\/\/sven-ove.nu\/index.php?rest_route=\/wp\/v2\/posts\/2144","targetHints":{"allow":["GET"]}}],"collection":[{"href":"https:\/\/sven-ove.nu\/index.php?rest_route=\/wp\/v2\/posts"}],"about":[{"href":"https:\/\/sven-ove.nu\/index.php?rest_route=\/wp\/v2\/types\/post"}],"author":[{"embeddable":true,"href":"https:\/\/sven-ove.nu\/index.php?rest_route=\/wp\/v2\/users\/1"}],"replies":[{"embeddable":true,"href":"https:\/\/sven-ove.nu\/index.php?rest_route=%2Fwp%2Fv2%2Fcomments&post=2144"}],"version-history":[{"count":8,"href":"https:\/\/sven-ove.nu\/index.php?rest_route=\/wp\/v2\/posts\/2144\/revisions"}],"predecessor-version":[{"id":2153,"href":"https:\/\/sven-ove.nu\/index.php?rest_route=\/wp\/v2\/posts\/2144\/revisions\/2153"}],"wp:attachment":[{"href":"https:\/\/sven-ove.nu\/index.php?rest_route=%2Fwp%2Fv2%2Fmedia&parent=2144"}],"wp:term":[{"taxonomy":"category","embeddable":true,"href":"https:\/\/sven-ove.nu\/index.php?rest_route=%2Fwp%2Fv2%2Fcategories&post=2144"},{"taxonomy":"post_tag","embeddable":true,"href":"https:\/\/sven-ove.nu\/index.php?rest_route=%2Fwp%2Fv2%2Ftags&post=2144"}],"curies":[{"name":"wp","href":"https:\/\/api.w.org\/{rel}","templated":true}]}}