{"id":21441,"date":"2019-11-06T04:41:46","date_gmt":"2019-11-06T03:41:46","guid":{"rendered":"http:\/\/sven-ove.nu\/?p=21441"},"modified":"2019-11-06T08:19:29","modified_gmt":"2019-11-06T07:19:29","slug":"21441","status":"publish","type":"post","link":"https:\/\/sven-ove.nu\/?p=21441","title":{"rendered":"Slipper n\u00e5gra f\u00e5 falla har fixartj\u00e4nsten betalat sig"},"content":{"rendered":"<p><a href=\"https:\/\/sven-ove.nu\/wp-content\/uploads\/2019\/01\/J\u00e4spalt-tavlan.jpg\"><img loading=\"lazy\" decoding=\"async\" class=\"size-large wp-image-20533 alignnone\" src=\"https:\/\/sven-ove.nu\/wp-content\/uploads\/2019\/01\/J\u00e4spalt-tavlan-1024x664.jpg\" alt=\"\" width=\"660\" height=\"428\" srcset=\"https:\/\/sven-ove.nu\/wp-content\/uploads\/2019\/01\/J\u00e4spalt-tavlan-1024x664.jpg 1024w, https:\/\/sven-ove.nu\/wp-content\/uploads\/2019\/01\/J\u00e4spalt-tavlan-300x195.jpg 300w, https:\/\/sven-ove.nu\/wp-content\/uploads\/2019\/01\/J\u00e4spalt-tavlan-768x498.jpg 768w, https:\/\/sven-ove.nu\/wp-content\/uploads\/2019\/01\/J\u00e4spalt-tavlan.jpg 1280w\" sizes=\"auto, (max-width: 660px) 100vw, 660px\" \/><\/a><\/p>\n<blockquote><p>Det b\u00f6rjade i H\u00f6gan\u00e4s ber\u00e4ttade jag i g\u00e5r. Tanken var att Fixar-Malte Larsson skulle f\u00f6rebygga fallolyckor i hemmet. Kommunpolitikerna tyckte det var b\u00e4ttre att han kl\u00e4ttrade \u00e4n att en gammal m\u00e4nniska med d\u00e5lig balans gjorde det.<\/p><\/blockquote>\n<p>Id\u00e9n har spritt sig \u00f6ver landet. N\u00e4r Vinnova gav ut en rapport om saken p\u00e5 regeringens uppdrag \u00e5r 2013 var det redan 191 av landets 290 kommuner som hade fixartj\u00e4nst i kommunal regi. Rapporten skriver:<\/p>\n<p style=\"padding-left: 40px;\"><em>Av Sveriges 290 kommuner \u00e4r det 191 stycken (66 %) som har fixartj\u00e4nst i kommunal regi. <\/em><em>\u00a0<\/em><\/p>\n<p style=\"padding-left: 40px;\"><em>De arbetsuppgifter som prim\u00e4rt utf\u00f6rs inom ramen f\u00f6r fixartj\u00e4nsten \u00e4r s\u00e5dana som inneb\u00e4r att \u00e4ldre inte ska beh\u00f6va kl\u00e4ttra upp p\u00e5 stegar eller liknande, att f\u00f6rebygga fall genom att f\u00e4sta l\u00f6sa sladdar och borttagning av mattor samt \u00f6versyn av olycksrisker i hemmet.<\/em><\/p>\n<p style=\"padding-left: 40px;\"><em>\u00a0I ett f\u00e5tal fall erbjuds \u00e4ven utomhustj\u00e4nster s\u00e5som sn\u00f6skottning. I majoriteten av kommunerna (58 %) \u00e4r tj\u00e4nsten kostnadsfri men brukaren f\u00e5r betala f\u00f6r f\u00f6rbruk- ningsmaterial, i 32 % \u00e4r tj\u00e4nsten helt kostnadsfri och i 9 % av kommunerna tas en kostnad ut f\u00f6r fixartj\u00e4nsten. <\/em><\/p>\n<p>L\u00e4s g\u00e4rna rapporten, l\u00e4nk h\u00e4r medan.<\/p>\n<p><strong>Fallen kostar 5 miljarder<\/strong><br \/>\nKostnaderna f\u00f6r fallskador totalt i Sverige har i tidigare forskning ber\u00e4knats till cirka 5 miljarder kronor. Detta bara i direkta kostnader under det f\u00f6rsta \u00e5ret efter skadan.<\/p>\n<p>Rapporten fr\u00e5n 2013 visar att om bara en liten del av de allvarliga fallskador som leder till slutenv\u00e5rd kan f\u00f6rhindras, s\u00e5 motsvarar det budgeten f\u00f6r en fixartj\u00e4nst med en anst\u00e4lld person.<\/p>\n<p>Till det kommer positiva effekter n\u00e4r den som slipper falla f\u00e5r beh\u00e5lla sin livskvalitet. V\u00e4l anv\u00e4nda pengar ur samh\u00e4lleligt och kommunalt perspektiv, tycker rapportf\u00f6rfattarna Jenny Alwin, Lars Bernfort, Nathalie Eckard och Magnus Husberg vid Link\u00f6pings universitet.<\/p>\n<p><strong><span style=\"color: #ff6600;\">###<\/span> L\u00e4s mer:<\/strong><br \/>\n<em><span style=\"color: #0000ff;\"><a style=\"color: #0000ff;\" href=\"https:\/\/www.vinnova.se\/contentassets\/16cdd2b332fc4875a6d30677761310cc\/vi_13_09.pdf\"><strong>Fixartj\u00e4nster i Sveriges kommuner<\/strong><\/a><\/span> &#8211; kartl\u00e4ggning och samh\u00e4llsekonomisk analys (p\u00e5 uppdrag av regeringen, utgiven av Vinnova \u00e5r 2013)<\/em><br \/>\n<em><strong><span style=\"color: #0000ff;\"><a style=\"color: #0000ff;\" href=\"https:\/\/sven-ove.nu\/?p=21433\">Dyrare \u00e4n en Malte-l\u00f6n<\/a><\/span><\/strong> (mitt f\u00f6rra blogginl\u00e4gg i \u00e4mnet fixartj\u00e4nster).<\/em><\/p>\n<p style=\"padding-left: 40px;\">PS. Du vet vad det \u00e4r <span style=\"color: #0000ff;\"><a style=\"color: #0000ff;\" href=\"https:\/\/sven-ove.nu\/?p=16204\">f\u00f6r dag<\/a><\/span> i dag, va\u2019? DS.<\/p>\n<p><span style=\"color: #0000ff;\"><a style=\"color: #0000ff;\" href=\"https:\/\/sven-ove.nu\/\">Hem<\/a><\/span>\u00a0|\u00a0<span style=\"color: #0000ff;\"><a style=\"color: #0000ff;\" href=\"https:\/\/sven-ove.nu\/?page_id=170\">Om mig<\/a><\/span>\u00a0|\u00a0<span style=\"color: #0000ff;\"><a style=\"color: #0000ff;\" href=\"https:\/\/sven-ove.nu\/?page_id=1385\">Skriva &amp; prata<\/a><\/span>\u00a0|\u00a0<span style=\"color: #0000ff;\"><a style=\"color: #0000ff;\" href=\"https:\/\/sven-ove.nu\/?page_id=100\">Politik<\/a><\/span>\u00a0|\u00a0<span style=\"color: #0000ff;\"><a style=\"color: #0000ff;\" href=\"https:\/\/sven-ove.nu\/?page_id=102\">L\u00f6pa<\/a><\/span>\u00a0|\u00a0<span style=\"color: #0000ff;\"><a style=\"color: #0000ff;\" href=\"https:\/\/sven-ove.nu\/?page_id=108\">Viktor Root<\/a><\/span><br \/>\n<em>Inl\u00e4gg nr 2 005. (c) Sven-Ove Svensson (men dela g\u00e4rna) <\/em><\/p>\n","protected":false},"excerpt":{"rendered":"<p>Det b\u00f6rjade i H\u00f6gan\u00e4s ber\u00e4ttade jag i g\u00e5r. Tanken var att Fixar-Malte Larsson skulle f\u00f6rebygga fallolyckor i hemmet. Kommunpolitikerna tyckte det var b\u00e4ttre att han kl\u00e4ttrade \u00e4n att en gammal m\u00e4nniska med d\u00e5lig balans gjorde det. Id\u00e9n har spritt sig \u00f6ver landet. N\u00e4r Vinnova gav ut en rapport om saken p\u00e5 regeringens uppdrag \u00e5r 2013 &hellip; <a href=\"https:\/\/sven-ove.nu\/?p=21441\" class=\"more-link\">Forts\u00e4tt l\u00e4sa <span class=\"screen-reader-text\">Slipper n\u00e5gra f\u00e5 falla har fixartj\u00e4nsten betalat sig<\/span><\/a><\/p>\n","protected":false},"author":1,"featured_media":0,"comment_status":"closed","ping_status":"open","sticky":false,"template":"","format":"standard","meta":{"_crdt_document":"","_monsterinsights_skip_tracking":false,"_monsterinsights_sitenote_active":false,"_monsterinsights_sitenote_note":"","_monsterinsights_sitenote_category":0,"footnotes":""},"categories":[28,9],"tags":[18,17],"class_list":["post-21441","post","type-post","status-publish","format-standard","hentry","category-kreativt-folk","category-politik","tag-lardomar","tag-solidaritet"],"_links":{"self":[{"href":"https:\/\/sven-ove.nu\/index.php?rest_route=\/wp\/v2\/posts\/21441","targetHints":{"allow":["GET"]}}],"collection":[{"href":"https:\/\/sven-ove.nu\/index.php?rest_route=\/wp\/v2\/posts"}],"about":[{"href":"https:\/\/sven-ove.nu\/index.php?rest_route=\/wp\/v2\/types\/post"}],"author":[{"embeddable":true,"href":"https:\/\/sven-ove.nu\/index.php?rest_route=\/wp\/v2\/users\/1"}],"replies":[{"embeddable":true,"href":"https:\/\/sven-ove.nu\/index.php?rest_route=%2Fwp%2Fv2%2Fcomments&post=21441"}],"version-history":[{"count":5,"href":"https:\/\/sven-ove.nu\/index.php?rest_route=\/wp\/v2\/posts\/21441\/revisions"}],"predecessor-version":[{"id":21446,"href":"https:\/\/sven-ove.nu\/index.php?rest_route=\/wp\/v2\/posts\/21441\/revisions\/21446"}],"wp:attachment":[{"href":"https:\/\/sven-ove.nu\/index.php?rest_route=%2Fwp%2Fv2%2Fmedia&parent=21441"}],"wp:term":[{"taxonomy":"category","embeddable":true,"href":"https:\/\/sven-ove.nu\/index.php?rest_route=%2Fwp%2Fv2%2Fcategories&post=21441"},{"taxonomy":"post_tag","embeddable":true,"href":"https:\/\/sven-ove.nu\/index.php?rest_route=%2Fwp%2Fv2%2Ftags&post=21441"}],"curies":[{"name":"wp","href":"https:\/\/api.w.org\/{rel}","templated":true}]}}