{"id":21448,"date":"2019-11-08T04:58:04","date_gmt":"2019-11-08T03:58:04","guid":{"rendered":"http:\/\/sven-ove.nu\/?p=21448"},"modified":"2019-11-07T21:46:23","modified_gmt":"2019-11-07T20:46:23","slug":"21448","status":"publish","type":"post","link":"https:\/\/sven-ove.nu\/?p=21448","title":{"rendered":"De d\u00f6dliga fallolyckorna minskar inte, de \u00f6kar"},"content":{"rendered":"<p><a href=\"https:\/\/sven-ove.nu\/wp-content\/uploads\/2019\/11\/P\u00e5-pallen-1.jpg\"><img loading=\"lazy\" decoding=\"async\" class=\"size-large wp-image-21453 alignnone\" src=\"https:\/\/sven-ove.nu\/wp-content\/uploads\/2019\/11\/P\u00e5-pallen-1-1024x1024.jpg\" alt=\"\" width=\"660\" height=\"660\" srcset=\"https:\/\/sven-ove.nu\/wp-content\/uploads\/2019\/11\/P\u00e5-pallen-1-1024x1024.jpg 1024w, https:\/\/sven-ove.nu\/wp-content\/uploads\/2019\/11\/P\u00e5-pallen-1-150x150.jpg 150w, https:\/\/sven-ove.nu\/wp-content\/uploads\/2019\/11\/P\u00e5-pallen-1-300x300.jpg 300w, https:\/\/sven-ove.nu\/wp-content\/uploads\/2019\/11\/P\u00e5-pallen-1-768x768.jpg 768w, https:\/\/sven-ove.nu\/wp-content\/uploads\/2019\/11\/P\u00e5-pallen-1.jpg 1280w\" sizes=\"auto, (max-width: 660px) 100vw, 660px\" \/><\/a><\/p>\n<blockquote><p>Jag har kunniga l\u00e4sare. Efter att ha skrivit om Fixar-Malte Larsson i H\u00f6gan\u00e4s och hans efterf\u00f6ljare i landet fick jag ett brev.<br \/>\n\u201dDetta \u00e4r inte sant.\u201d<br \/>\nS\u00e5nt \u00e4r alltid intressant. S\u00e4rskilt n\u00e4r brevskrivaren ber\u00e4ttar att jag inte \u00f6verdrivit, utan tv\u00e4rt om.<\/p><\/blockquote>\n<p>L\u00e5t mig sammanfatta mina tv\u00e5 inl\u00e4gg f\u00f6rst:<\/p>\n<p>Fallolyckorna kostar 5 miljarder kronor om \u00e5ret. Detta bara i direkta kostnader under det f\u00f6rsta \u00e5ret efter skadan.<br \/>\nFallolyckorna \u00e4r den olyckstyp som leder till flest d\u00f6dsfall, flest inl\u00e4ggningar p\u00e5 sjukhus och flest bes\u00f6k p\u00e5 akutmottagningarna.<br \/>\nFallolyckorna d\u00f6dade 1\u00a0662 personer \u00e5r 2013.<br \/>\nFallolyckorna gjorde s\u00e5 70\u00a0000 blev inlagda i sluten sjukhusv\u00e5rd samma \u00e5r.<br \/>\nFallolyckorna fick 270\u00a0000 personer att bes\u00f6ka akuten.<br \/>\nOm bara en liten del av de allvarliga fallskador som leder till slutenv\u00e5rd kan f\u00f6rhindras, s\u00e5 motsvarar det budgeten f\u00f6r en fixartj\u00e4nst med en anst\u00e4lld person.<br \/>\nD\u00e5 har vi \u00e4nd\u00e5 inte r\u00e4knat in v\u00e4rdet av att gammalt folk f\u00e5r beh\u00e5lla sin livskvalitet.<\/p>\n<p><strong>Minskar visst inte<br \/>\n<\/strong>Nu till min brevskrivare. Han b\u00f6rjar med att citera ett av mina inl\u00e4gg:<\/p>\n<p><em>\u201dFortfarande d\u00f6r \u00f6ver tusen personer i fallolyckor i hemmen varje \u00e5r. Den g\u00e5ngen dog det \u00e4nnu fler. F\u00f6r att inte tala om hur m\u00e5nga som ramlar och skadar sig&#8221;. <\/em><\/p>\n<p>Hans kommentar till det \u00e4r entydig och v\u00e4rd all respekt:<\/p>\n<p><em>\u201dImplicit skriver du att skett en minskning av antalet d\u00f6dade i fallolyckor.\u00a0Detta \u00e4r inte sant.\u00a0\u201d\u00a0<\/em><\/p>\n<p>Brevet forts\u00e4tter:<\/p>\n<p><em>\u201dN\u00e4r en person hittas d\u00f6d t.ex. p\u00e5 golvet vet man inte hur han\/hon hamnade d\u00e4r. Om man kan utesluta brott eller annan avsiktlig handling s\u00e5 s\u00e4tts den yttre orsaken till d\u00f6dsfallet som \u2019Annat olycksfall\u2019. Under 2018 dog 1\u00a0016 personer med denna yttre orsak. Flera studier, bland annat i det senaste numret av L\u00e4kartidningen, har visat att den st\u00f6rsta andelen (75 %) av dessa har avlidit till f\u00f6ljd av fallolyckor.\u201d<\/em><\/p>\n<p>Med andra ord, menar han, \u00e4r det inte bara det som fr\u00e5n b\u00f6rjan registreras som d\u00f6dsfall i fallolyckor som b\u00f6r r\u00e4knas in i fallolycksstatistiken. Vi b\u00f6r ocks\u00e5 l\u00e4gga till 75 procent av de olyckor som f\u00f6rst registreras som \u201dannat olycksfall\u201d. F\u00f6r 2018 skulle det inneb\u00e4ra 1\u00a0047 fr\u00e5n b\u00f6rjan registrerade d\u00f6da i fallolyckor plus 75 procent av de 1\u00a0016 som registrerats som annat olycksfall. Summa: det dog 1\u00a0809 personer i fallolyckor i Sverige i fjol.<\/p>\n<p>De d\u00f6dliga fallolyckorna minskar inte.<br \/>\nDe \u00f6kar.<\/p>\n<p style=\"padding-left: 40px;\"><strong>Tidigare inl\u00e4gg:<br \/>\n<\/strong><span style=\"color: #0000ff;\"><a style=\"color: #0000ff;\" href=\"https:\/\/sven-ove.nu\/?p=21433\">Dyrare \u00e4n en Malte-l\u00f6n<\/a><\/span><br \/>\n<span style=\"color: #0000ff;\"><a style=\"color: #0000ff;\" href=\"https:\/\/sven-ove.nu\/?p=21441\">Slipper n\u00e5gra f\u00e5 falla har fixartj\u00e4nsten betalat sig<\/a><\/span><\/p>\n<p style=\"padding-left: 40px;\"><span style=\"color: #ff9900;\"><strong><em>###<\/em><\/strong><\/span><em> J\u00e4mf\u00f6r antalet slutenv\u00e5rdade (sv\u00e5rt skadade) \u00e5r 2018: fallolyckor 69\u00a0487, annat olycksfall 6\u00a0436.<br \/>\n<\/em><span style=\"color: #ff9900;\"><strong><em>###<\/em><\/strong><\/span><em> Varf\u00f6r denna skillnad? F\u00f6r d\u00f6dsfallen var det ju ungef\u00e4r lika m\u00e5nga i vardera gruppen men f\u00f6r de slutenv\u00e5rdade var f\u00f6rh\u00e5llandet cirka 90 &#8211; 10.<br \/>\n<\/em><span style=\"color: #ff9900;\"><strong><em>###<\/em><\/strong><\/span><em> Svar: de som l\u00e4ggs in f\u00f6r slutenv\u00e5rd kan oftast ber\u00e4tta vad som h\u00e4nt. <\/em><\/p>\n<p style=\"padding-left: 40px;\"><em>Det kan inte de d\u00f6da.<\/em><\/p>\n<p><strong>Fotnot:<\/strong> Vem brevskrivaren \u00e4r? Jan Schyllander f\u00f6rst\u00e5s, min forne arbetskamrat fr\u00e5n R\u00e4ddningsverket, mannen som jag tror vet mest om den svenska statistiken \u00f6ver fallolyckor.<\/p>\n<p>Det fanns mer i Jans brev. Jag \u00e5terkommer i fr\u00e5gan. Min kommun har gjort sig av med sin fixartj\u00e4nst, det \u00e4r det ena sorgliga sk\u00e4let. Det \u00e4n sorgligare sk\u00e4let \u00e4r att regering och riksdag inte f\u00f6rst\u00e5tt hur viktig fr\u00e5gan \u00e4r.<\/p>\n<p><span style=\"color: #0000ff;\"><a style=\"color: #0000ff;\" href=\"https:\/\/sven-ove.nu\/\">Hem<\/a><\/span>\u00a0|\u00a0<span style=\"color: #0000ff;\"><a style=\"color: #0000ff;\" href=\"https:\/\/sven-ove.nu\/?page_id=170\">Om mig<\/a><\/span>\u00a0|\u00a0<span style=\"color: #0000ff;\"><a style=\"color: #0000ff;\" href=\"https:\/\/sven-ove.nu\/?page_id=1385\">Skriva &amp; prata<\/a><\/span>\u00a0|\u00a0<span style=\"color: #0000ff;\"><a style=\"color: #0000ff;\" href=\"https:\/\/sven-ove.nu\/?page_id=100\">Politik<\/a><\/span>\u00a0|\u00a0<span style=\"color: #0000ff;\"><a style=\"color: #0000ff;\" href=\"https:\/\/sven-ove.nu\/?page_id=102\">L\u00f6pa<\/a><\/span>\u00a0|\u00a0<span style=\"color: #0000ff;\"><a style=\"color: #0000ff;\" href=\"https:\/\/sven-ove.nu\/?page_id=108\">Viktor Root<\/a><\/span><br \/>\n<em>Inl\u00e4gg nr 2 006. (c) Sven-Ove Svensson (men dela g\u00e4rna) <\/em><\/p>\n","protected":false},"excerpt":{"rendered":"<p>Jag har kunniga l\u00e4sare. Efter att ha skrivit om Fixar-Malte Larsson i H\u00f6gan\u00e4s och hans efterf\u00f6ljare i landet fick jag ett brev. \u201dDetta \u00e4r inte sant.\u201d S\u00e5nt \u00e4r alltid intressant. S\u00e4rskilt n\u00e4r brevskrivaren ber\u00e4ttar att jag inte \u00f6verdrivit, utan tv\u00e4rt om. L\u00e5t mig sammanfatta mina tv\u00e5 inl\u00e4gg f\u00f6rst: Fallolyckorna kostar 5 miljarder kronor om \u00e5ret. &hellip; <a href=\"https:\/\/sven-ove.nu\/?p=21448\" class=\"more-link\">Forts\u00e4tt l\u00e4sa <span class=\"screen-reader-text\">De d\u00f6dliga fallolyckorna minskar inte, de \u00f6kar<\/span><\/a><\/p>\n","protected":false},"author":1,"featured_media":0,"comment_status":"closed","ping_status":"open","sticky":false,"template":"","format":"standard","meta":{"_crdt_document":"","_monsterinsights_skip_tracking":false,"_monsterinsights_sitenote_active":false,"_monsterinsights_sitenote_note":"","_monsterinsights_sitenote_category":0,"footnotes":""},"categories":[9],"tags":[18,17],"class_list":["post-21448","post","type-post","status-publish","format-standard","hentry","category-politik","tag-lardomar","tag-solidaritet"],"_links":{"self":[{"href":"https:\/\/sven-ove.nu\/index.php?rest_route=\/wp\/v2\/posts\/21448","targetHints":{"allow":["GET"]}}],"collection":[{"href":"https:\/\/sven-ove.nu\/index.php?rest_route=\/wp\/v2\/posts"}],"about":[{"href":"https:\/\/sven-ove.nu\/index.php?rest_route=\/wp\/v2\/types\/post"}],"author":[{"embeddable":true,"href":"https:\/\/sven-ove.nu\/index.php?rest_route=\/wp\/v2\/users\/1"}],"replies":[{"embeddable":true,"href":"https:\/\/sven-ove.nu\/index.php?rest_route=%2Fwp%2Fv2%2Fcomments&post=21448"}],"version-history":[{"count":9,"href":"https:\/\/sven-ove.nu\/index.php?rest_route=\/wp\/v2\/posts\/21448\/revisions"}],"predecessor-version":[{"id":21458,"href":"https:\/\/sven-ove.nu\/index.php?rest_route=\/wp\/v2\/posts\/21448\/revisions\/21458"}],"wp:attachment":[{"href":"https:\/\/sven-ove.nu\/index.php?rest_route=%2Fwp%2Fv2%2Fmedia&parent=21448"}],"wp:term":[{"taxonomy":"category","embeddable":true,"href":"https:\/\/sven-ove.nu\/index.php?rest_route=%2Fwp%2Fv2%2Fcategories&post=21448"},{"taxonomy":"post_tag","embeddable":true,"href":"https:\/\/sven-ove.nu\/index.php?rest_route=%2Fwp%2Fv2%2Ftags&post=21448"}],"curies":[{"name":"wp","href":"https:\/\/api.w.org\/{rel}","templated":true}]}}