{"id":21459,"date":"2019-11-09T04:54:36","date_gmt":"2019-11-09T03:54:36","guid":{"rendered":"http:\/\/sven-ove.nu\/?p=21459"},"modified":"2019-11-08T11:22:04","modified_gmt":"2019-11-08T10:22:04","slug":"21459","status":"publish","type":"post","link":"https:\/\/sven-ove.nu\/?p=21459","title":{"rendered":"Blundar, tar ett djupt andetag, tittar upp \u2013 och l\u00e4ser summan"},"content":{"rendered":"<p><a href=\"https:\/\/sven-ove.nu\/wp-content\/uploads\/2019\/11\/Bibliotekskort.jpg\"><img loading=\"lazy\" decoding=\"async\" class=\"size-large wp-image-21461 alignnone\" src=\"https:\/\/sven-ove.nu\/wp-content\/uploads\/2019\/11\/Bibliotekskort-1024x642.jpg\" alt=\"\" width=\"660\" height=\"414\" srcset=\"https:\/\/sven-ove.nu\/wp-content\/uploads\/2019\/11\/Bibliotekskort-1024x642.jpg 1024w, https:\/\/sven-ove.nu\/wp-content\/uploads\/2019\/11\/Bibliotekskort-300x188.jpg 300w, https:\/\/sven-ove.nu\/wp-content\/uploads\/2019\/11\/Bibliotekskort-768x482.jpg 768w, https:\/\/sven-ove.nu\/wp-content\/uploads\/2019\/11\/Bibliotekskort.jpg 1280w\" sizes=\"auto, (max-width: 660px) 100vw, 660px\" \/><\/a><\/p>\n<p>Uppt\u00e4cker en bok fr\u00e5n 1990 som jag skulle vilja l\u00e5na och l\u00e4sa. F\u00f6rs\u00f6ker best\u00e4lla den digitalt via den gemensamma webbplatsen f\u00f6r biblioteken i l\u00e4net, men den finns inte h\u00e4r.<\/p>\n<p>D\u00e5 mejlar jag titel och f\u00f6rfattare till mitt lokala bibliotek och f\u00e5r snabbt svar. De l\u00e5nar in boken \u00e5t mig fr\u00e5n n\u00e5got av universitetsbiblioteken som har den. Jag kommer att f\u00e5 meddelande n\u00e4r den finns att h\u00e4mta. Men &#8211; eftersom de fj\u00e4rrl\u00e5nar den fr\u00e5n ett bibliotek utanf\u00f6r l\u00e4net s\u00e5 kommer det att kosta mig pengar, som jag kan betala n\u00e4r jag h\u00e4mtar boken.<\/p>\n<p>Jag blundar, tar ett djupt andetag, tittar upp &#8211; och l\u00e4ser summan:<\/p>\n<p>5 kronor.<\/p>\n<p><span style=\"color: #ff6600;\"><em><strong>###<\/strong><\/em><\/span><em> Jag \u00e4lskar att svenska folket k\u00e4mpat f\u00f6r bildning och byggt folkbibliotek. <\/em><em><br \/>\n<span style=\"color: #ff6600;\"><strong>###<\/strong><\/span> Lika mycket \u00e4lskar jag min egen bibbla nere p\u00e5 byn.<br \/>\n<\/em><span style=\"color: #ff6600;\"><em><strong>###<\/strong><\/em><\/span><em> Tack f\u00f6r att ni finns!<\/em><\/p>\n<p><span style=\"color: #0000ff;\"><a style=\"color: #0000ff;\" href=\"https:\/\/sven-ove.nu\/\">Hem<\/a><\/span>\u00a0|\u00a0<span style=\"color: #0000ff;\"><a style=\"color: #0000ff;\" href=\"https:\/\/sven-ove.nu\/?page_id=170\">Om mig<\/a><\/span>\u00a0|\u00a0<span style=\"color: #0000ff;\"><a style=\"color: #0000ff;\" href=\"https:\/\/sven-ove.nu\/?page_id=1385\">Skriva &amp; prata<\/a><\/span>\u00a0|\u00a0<span style=\"color: #0000ff;\"><a style=\"color: #0000ff;\" href=\"https:\/\/sven-ove.nu\/?page_id=100\">Politik<\/a><\/span>\u00a0|\u00a0<span style=\"color: #0000ff;\"><a style=\"color: #0000ff;\" href=\"https:\/\/sven-ove.nu\/?page_id=102\">L\u00f6pa<\/a><\/span>\u00a0|\u00a0<span style=\"color: #0000ff;\"><a style=\"color: #0000ff;\" href=\"https:\/\/sven-ove.nu\/?page_id=108\">Viktor Root<\/a><\/span><br \/>\n<em>Inl\u00e4gg nr 2 007. (c) Sven-Ove Svensson (men dela g\u00e4rna) <\/em><\/p>\n","protected":false},"excerpt":{"rendered":"<p>Uppt\u00e4cker en bok fr\u00e5n 1990 som jag skulle vilja l\u00e5na och l\u00e4sa. F\u00f6rs\u00f6ker best\u00e4lla den digitalt via den gemensamma webbplatsen f\u00f6r biblioteken i l\u00e4net, men den finns inte h\u00e4r. D\u00e5 mejlar jag titel och f\u00f6rfattare till mitt lokala bibliotek och f\u00e5r snabbt svar. De l\u00e5nar in boken \u00e5t mig fr\u00e5n n\u00e5got av universitetsbiblioteken som har &hellip; <a href=\"https:\/\/sven-ove.nu\/?p=21459\" class=\"more-link\">Forts\u00e4tt l\u00e4sa <span class=\"screen-reader-text\">Blundar, tar ett djupt andetag, tittar upp \u2013 och l\u00e4ser summan<\/span><\/a><\/p>\n","protected":false},"author":1,"featured_media":0,"comment_status":"closed","ping_status":"open","sticky":false,"template":"","format":"standard","meta":{"_crdt_document":"","_monsterinsights_skip_tracking":false,"_monsterinsights_sitenote_active":false,"_monsterinsights_sitenote_note":"","_monsterinsights_sitenote_category":0,"footnotes":""},"categories":[28],"tags":[24,17],"class_list":["post-21459","post","type-post","status-publish","format-standard","hentry","category-kreativt-folk","tag-karlek","tag-solidaritet"],"_links":{"self":[{"href":"https:\/\/sven-ove.nu\/index.php?rest_route=\/wp\/v2\/posts\/21459","targetHints":{"allow":["GET"]}}],"collection":[{"href":"https:\/\/sven-ove.nu\/index.php?rest_route=\/wp\/v2\/posts"}],"about":[{"href":"https:\/\/sven-ove.nu\/index.php?rest_route=\/wp\/v2\/types\/post"}],"author":[{"embeddable":true,"href":"https:\/\/sven-ove.nu\/index.php?rest_route=\/wp\/v2\/users\/1"}],"replies":[{"embeddable":true,"href":"https:\/\/sven-ove.nu\/index.php?rest_route=%2Fwp%2Fv2%2Fcomments&post=21459"}],"version-history":[{"count":4,"href":"https:\/\/sven-ove.nu\/index.php?rest_route=\/wp\/v2\/posts\/21459\/revisions"}],"predecessor-version":[{"id":21464,"href":"https:\/\/sven-ove.nu\/index.php?rest_route=\/wp\/v2\/posts\/21459\/revisions\/21464"}],"wp:attachment":[{"href":"https:\/\/sven-ove.nu\/index.php?rest_route=%2Fwp%2Fv2%2Fmedia&parent=21459"}],"wp:term":[{"taxonomy":"category","embeddable":true,"href":"https:\/\/sven-ove.nu\/index.php?rest_route=%2Fwp%2Fv2%2Fcategories&post=21459"},{"taxonomy":"post_tag","embeddable":true,"href":"https:\/\/sven-ove.nu\/index.php?rest_route=%2Fwp%2Fv2%2Ftags&post=21459"}],"curies":[{"name":"wp","href":"https:\/\/api.w.org\/{rel}","templated":true}]}}