{"id":21465,"date":"2019-11-13T04:38:27","date_gmt":"2019-11-13T03:38:27","guid":{"rendered":"http:\/\/sven-ove.nu\/?p=21465"},"modified":"2019-11-11T16:47:31","modified_gmt":"2019-11-11T15:47:31","slug":"21465","status":"publish","type":"post","link":"https:\/\/sven-ove.nu\/?p=21465","title":{"rendered":"Vad glada de ska bli p\u00e5 Konsum"},"content":{"rendered":"<p><a href=\"https:\/\/sven-ove.nu\/wp-content\/uploads\/2019\/11\/Julink\u00f6p.jpg\"><img loading=\"lazy\" decoding=\"async\" class=\"size-large wp-image-21467 alignnone\" src=\"https:\/\/sven-ove.nu\/wp-content\/uploads\/2019\/11\/Julink\u00f6p-931x1024.jpg\" alt=\"\" width=\"660\" height=\"726\" srcset=\"https:\/\/sven-ove.nu\/wp-content\/uploads\/2019\/11\/Julink\u00f6p-931x1024.jpg 931w, https:\/\/sven-ove.nu\/wp-content\/uploads\/2019\/11\/Julink\u00f6p-273x300.jpg 273w, https:\/\/sven-ove.nu\/wp-content\/uploads\/2019\/11\/Julink\u00f6p-768x845.jpg 768w, https:\/\/sven-ove.nu\/wp-content\/uploads\/2019\/11\/Julink\u00f6p.jpg 1164w\" sizes=\"auto, (max-width: 660px) 100vw, 660px\" \/><\/a><\/p>\n<blockquote><p>&#8211; Ja tack. G\u00e4rna.<br \/>\nDet \u00e4r s\u00e5 vi brukar svara, n\u00e4r barnen knackar p\u00e5 och vill s\u00e4lja jultidningar. En har ju st\u00e5tt d\u00e4r sj\u00e4lv, f\u00f6rhoppningsfull.<\/p><\/blockquote>\n<p>Grannbarn har s\u00e5lt, numera \u00e4ven barnbarn. Vi brukar se till att k\u00f6pa om vi kan, g\u00e4rna n\u00e5got nyttigt, ofta den t\u00e4nkta julboken om den finns i katalogen.<\/p>\n<p>&#8211; K\u00f6p ordentligt nu! brukar den storslagnare av oss s\u00e4ga till hemmavarande maka\/make och plira i samf\u00f6rst\u00e5nd mot den unge f\u00f6rs\u00e4ljaren.<\/p>\n<p>N\u00e5gon m\u00e5nad senare \u00e4r det leverans och den k\u00e4ra v\u00e4nnen kan swisha. Det \u00e4r s\u00e5 en f\u00e5r julen att rulla i ett samh\u00e4lle.<\/p>\n<p><strong>Best\u00e4llde f\u00f6rstoringsark<br \/>\n<\/strong>I \u00e5r var ingen skillnad. Jo, f\u00f6rresten, vi har m\u00e4rkt att det har b\u00f6rjat bli f\u00e4rre b\u00f6cker i katalogerna. N\u00e5, den d\u00e4r almanackan ville vi ha i \u00e5r igen. Nummer 19. 365 sidor sudoku ocks\u00e5, den best\u00e4ller vi alltid. Bra att ha p\u00e5 toaletten ifall en ska dit.<\/p>\n<p>Sedan best\u00e4llde den k\u00e4ra v\u00e4nnen f\u00f6rstoringsark f\u00f6r pl\u00e5nboken och silikon\u00f6verdrag att l\u00e4gga \u00f6ver matrester ocks\u00e5. Det var nytt.<\/p>\n<p>&#8211; Vad sa du? \u201dF\u00f6rstoringsark f\u00f6r pl\u00e5nboken\u201d?! Tror du pengarna v\u00e4xer om dom ser st\u00f6rre ut?<\/p>\n<p>&#8211; Tokfrans. De \u00e4r s\u00e5 en ska kunna l\u00e4sa det finstilta p\u00e5 etiketterna p\u00e5 Konsum och annat h\u00e5ll. T\u00e4nk dig f\u00f6rstoringsglas som du l\u00e4gger i pl\u00e5nboken, fast dom ser ut som ark.<\/p>\n<p>Jag t\u00e4nker och t\u00e4nker. Pl\u00e5nbok? Var det en s\u00e5n d\u00e4r sak i l\u00e4der som en hade f\u00f6rr, n\u00e4r en fick l\u00f6nen i form av sedlar och mynt i ett avl\u00e5ngt ljusbrunt kuvert?<\/p>\n<p><strong>Titta p\u00e5 webben vad ni vill ha<br \/>\n<\/strong>Nu \u00e4r det s\u00e5 att v\u00e5r best\u00e4llning skedde i n\u00e5dens och n\u00e4tets \u00e5r 2019. F\u00f6rs\u00e4ljaren, ett barnbarn vi k\u00e4nner v\u00e4l, bor p\u00e5 annan ort men hade ringt och ber\u00e4ttat.<\/p>\n<p>&#8211; Vill ni k\u00f6pa jultidningar? Ni kan g\u00e5 in p\u00e5 webben och titta vad ni vill ha.<br \/>\n&#8211; S\u00e5 bra. D\u00e5 g\u00f6r vi det. S\u00e5 h\u00f6r vi av oss till dig, n\u00e4r vi vet vad du ska best\u00e4lla.<\/p>\n<p>N\u00e4r du g\u00e5r in p\u00e5 n\u00e4tet och ska best\u00e4lla nummer 19. <em>Familjens kom-ih\u00e5g \u2013\u00a0Kalender f\u00f6r \u00e5r 2020<\/em> s\u00e5 \u00e4r det bra om du v\u00e4ljer samma webbplats och samma jultidningsf\u00f6rlag som barnbarnet verkligen s\u00e4ljer \u00e5t. Till exempel kan man v\u00e4lja julforlaget.se. Det \u00e4r en f\u00f6rdel, eftersom det \u00e4r dom han jobbar f\u00f6r.<\/p>\n<p>Nu gjorde vi inte riktigt s\u00e5. En ska inte vara pedant. Vi valde i hastigheten jultidningsforlaget.se, f\u00f6r det tyckte vi l\u00e4t v\u00e4l s\u00e5 r\u00e4tt. Glatt prickade vi f\u00f6r nr 19, nummer 21 och flera andra fina grejor p\u00e5 <strong>den<\/strong> sajten och ringde v\u00e5r unge f\u00f6rs\u00e4ljare. Han prickade in ordern p\u00e5 sin lista och best\u00e4llde.<\/p>\n<p>Hos <strong>sitt<\/strong> jultidningsf\u00f6rlag.<\/p>\n<p><strong>Att se lite roligare ut<br \/>\n<\/strong>H\u00e4romdagen fick vi v\u00e5r leverans, alltid lika trevligt. D\u00e5 visade det sig att Sudoku 365 blev en stor l\u00e5da med julpyssel i form av polardjur som jag ska leka med p\u00e5 toaletten det n\u00e4rmaste \u00e5ret, ifall jag ska dit. Silikon\u00f6verdraget till matrester blev en gr\u00f6nsaksstrimlare.<\/p>\n<p style=\"padding-left: 40px;\"><em>\u201dEn supersmart slicer med ett enda m\u00e5l: att f\u00e5 mor\u00f6tter, gurka och andra gr\u00f6nsaker att se lite roligare ut.\u201d<\/em><\/p>\n<p>B\u00e4st tycker jag nog om den k\u00e4ra v\u00e4nnens f\u00f6rstoringsark f\u00f6r l\u00e4sande av Konsumpriser, som i verkligheten blev till ett annat ljust och vackert minne. Jag ser redan framf\u00f6r mig hur vi trevar oss fram bland v\u00e4lfyllda hyllor i v\u00e5r Coop-butik och lyser p\u00e5 etiketterna med familjens nya nummer 14, <em>Dekorationsslinga warm white<\/em>.<\/p>\n<p style=\"padding-left: 40px;\"><em>\u201dDekorativ ljusslinga med 40 stycken LED-ljuspunkter f\u00f6r inomhusbruk. Ljuspunkterna har ett mellanrum p\u00e5 5 cm och lyser i ett trevligt varmvitt ljus vilket skapar en h\u00e4rlig julst\u00e4mning i hemmet.\u201d<\/em><\/p>\n<p style=\"padding-left: 40px;\"><a href=\"https:\/\/sven-ove.nu\/wp-content\/uploads\/2019\/11\/Warm-white.jpg\"><img loading=\"lazy\" decoding=\"async\" class=\"size-thumbnail wp-image-21469 alignnone\" src=\"https:\/\/sven-ove.nu\/wp-content\/uploads\/2019\/11\/Warm-white-150x150.jpg\" alt=\"\" width=\"150\" height=\"150\" \/><\/a><\/p>\n<p>Vad glada de ska bli p\u00e5 Konsum.<br \/>\nJag tror personalen kommer att sjunga f\u00f6r oss.<\/p>\n<p><span style=\"color: #0000ff;\"><a style=\"color: #0000ff;\" href=\"https:\/\/sven-ove.nu\/\">Hem<\/a><\/span>\u00a0|\u00a0<span style=\"color: #0000ff;\"><a style=\"color: #0000ff;\" href=\"https:\/\/sven-ove.nu\/?page_id=170\">Om mig<\/a><\/span>\u00a0|\u00a0<span style=\"color: #0000ff;\"><a style=\"color: #0000ff;\" href=\"https:\/\/sven-ove.nu\/?page_id=1385\">Skriva &amp; prata<\/a><\/span>\u00a0|\u00a0<span style=\"color: #0000ff;\"><a style=\"color: #0000ff;\" href=\"https:\/\/sven-ove.nu\/?page_id=100\">Politik<\/a><\/span>\u00a0|\u00a0<span style=\"color: #0000ff;\"><a style=\"color: #0000ff;\" href=\"https:\/\/sven-ove.nu\/?page_id=102\">L\u00f6pa<\/a><\/span>\u00a0|\u00a0<span style=\"color: #0000ff;\"><a style=\"color: #0000ff;\" href=\"https:\/\/sven-ove.nu\/?page_id=108\">Viktor Root<\/a><\/span><br \/>\n<em>Inl\u00e4gg nr 2 008. (c) Sven-Ove Svensson (men dela g\u00e4rna) <\/em><\/p>\n","protected":false},"excerpt":{"rendered":"<p>&#8211; Ja tack. G\u00e4rna. Det \u00e4r s\u00e5 vi brukar svara, n\u00e4r barnen knackar p\u00e5 och vill s\u00e4lja jultidningar. En har ju st\u00e5tt d\u00e4r sj\u00e4lv, f\u00f6rhoppningsfull. Grannbarn har s\u00e5lt, numera \u00e4ven barnbarn. Vi brukar se till att k\u00f6pa om vi kan, g\u00e4rna n\u00e5got nyttigt, ofta den t\u00e4nkta julboken om den finns i katalogen. &#8211; K\u00f6p ordentligt &hellip; <a href=\"https:\/\/sven-ove.nu\/?p=21465\" class=\"more-link\">Forts\u00e4tt l\u00e4sa <span class=\"screen-reader-text\">Vad glada de ska bli p\u00e5 Konsum<\/span><\/a><\/p>\n","protected":false},"author":1,"featured_media":0,"comment_status":"closed","ping_status":"open","sticky":false,"template":"","format":"standard","meta":{"_crdt_document":"","_monsterinsights_skip_tracking":false,"_monsterinsights_sitenote_active":false,"_monsterinsights_sitenote_note":"","_monsterinsights_sitenote_category":0,"footnotes":""},"categories":[4],"tags":[15,13],"class_list":["post-21465","post","type-post","status-publish","format-standard","hentry","category-skrivande","tag-mediedjungeln","tag-utrustning"],"_links":{"self":[{"href":"https:\/\/sven-ove.nu\/index.php?rest_route=\/wp\/v2\/posts\/21465","targetHints":{"allow":["GET"]}}],"collection":[{"href":"https:\/\/sven-ove.nu\/index.php?rest_route=\/wp\/v2\/posts"}],"about":[{"href":"https:\/\/sven-ove.nu\/index.php?rest_route=\/wp\/v2\/types\/post"}],"author":[{"embeddable":true,"href":"https:\/\/sven-ove.nu\/index.php?rest_route=\/wp\/v2\/users\/1"}],"replies":[{"embeddable":true,"href":"https:\/\/sven-ove.nu\/index.php?rest_route=%2Fwp%2Fv2%2Fcomments&post=21465"}],"version-history":[{"count":6,"href":"https:\/\/sven-ove.nu\/index.php?rest_route=\/wp\/v2\/posts\/21465\/revisions"}],"predecessor-version":[{"id":21473,"href":"https:\/\/sven-ove.nu\/index.php?rest_route=\/wp\/v2\/posts\/21465\/revisions\/21473"}],"wp:attachment":[{"href":"https:\/\/sven-ove.nu\/index.php?rest_route=%2Fwp%2Fv2%2Fmedia&parent=21465"}],"wp:term":[{"taxonomy":"category","embeddable":true,"href":"https:\/\/sven-ove.nu\/index.php?rest_route=%2Fwp%2Fv2%2Fcategories&post=21465"},{"taxonomy":"post_tag","embeddable":true,"href":"https:\/\/sven-ove.nu\/index.php?rest_route=%2Fwp%2Fv2%2Ftags&post=21465"}],"curies":[{"name":"wp","href":"https:\/\/api.w.org\/{rel}","templated":true}]}}