{"id":21475,"date":"2019-11-17T04:02:50","date_gmt":"2019-11-17T03:02:50","guid":{"rendered":"http:\/\/sven-ove.nu\/?p=21475"},"modified":"2019-11-17T08:12:42","modified_gmt":"2019-11-17T07:12:42","slug":"21475","status":"publish","type":"post","link":"https:\/\/sven-ove.nu\/?p=21475","title":{"rendered":"K\u00e4rleken \u00e4r sl\u00e4kt med yttrandefriheten"},"content":{"rendered":"<p><a href=\"https:\/\/sven-ove.nu\/wp-content\/uploads\/2019\/11\/Fordonstrafik-f\u00f6rbjuden.jpg\"><img loading=\"lazy\" decoding=\"async\" class=\"alignleft size-large wp-image-21477\" src=\"https:\/\/sven-ove.nu\/wp-content\/uploads\/2019\/11\/Fordonstrafik-f\u00f6rbjuden-1024x1024.jpg\" alt=\"\" width=\"660\" height=\"660\" srcset=\"https:\/\/sven-ove.nu\/wp-content\/uploads\/2019\/11\/Fordonstrafik-f\u00f6rbjuden-1024x1024.jpg 1024w, https:\/\/sven-ove.nu\/wp-content\/uploads\/2019\/11\/Fordonstrafik-f\u00f6rbjuden-150x150.jpg 150w, https:\/\/sven-ove.nu\/wp-content\/uploads\/2019\/11\/Fordonstrafik-f\u00f6rbjuden-300x300.jpg 300w, https:\/\/sven-ove.nu\/wp-content\/uploads\/2019\/11\/Fordonstrafik-f\u00f6rbjuden-768x768.jpg 768w, https:\/\/sven-ove.nu\/wp-content\/uploads\/2019\/11\/Fordonstrafik-f\u00f6rbjuden.jpg 1280w\" sizes=\"auto, (max-width: 660px) 100vw, 660px\" \/><\/a><br \/>\nIbland blir jag h\u00f6gf\u00e4rdig och f\u00e5r f\u00f6r mig att jag tillh\u00f6r kommentariatet. En s\u00e5n d\u00e4r som sitter p\u00e5 v\u00e5r tids ljugarb\u00e4nk och ber\u00e4ttar f\u00f6r alla som passerar hur det \u00e4r. Hur det verkligen \u00e4r.<\/p>\n<p>P\u00e5 b\u00e4nken p\u00e5 n\u00e4tet.<\/p>\n<p>S\u00e5dana som jag f\u00f6rklarar allting som finns, fr\u00e5n rotmosets betydelse till den sverigedemokratiska \u00f6vertygelsen bland 25,54 procent av de r\u00f6stande i Dejefors valdistrikt.<\/p>\n<p>Tror jag.<\/p>\n<p>Men men. Motvilligt m\u00e5ste jag medge att sj\u00e4lvbilden ljuger. Vi har l\u00e5ngt kvar innan vi har n\u00e5tt s\u00e5 l\u00e5ngt, bloggen, Facebooktr\u00e5darna och jag.<\/p>\n<p><strong>\u00c5ngande gruppsex i lera<br \/>\n<\/strong>Inte har jag kommenterat stollen p\u00e5 kinesiska ambassaden som tror att Sverige \u00e4r Lilla Hongkong.<\/p>\n<p>Inte har jag f\u00f6rklarat rasismen p\u00e5 fotbollsl\u00e4ktarna i Bukaresttrakten och varf\u00f6r Rum\u00e4nien b\u00f6r portas fr\u00e5n all hederlig fotboll tills l\u00e4ktarna l\u00e4r sig.<\/p>\n<p>Inte har jag skrivit om Uffes, Ebbas och Jimmies svettiga gruppsex i bl\u00e5leran.<\/p>\n<p style=\"padding-left: 40px;\"><strong><em>\u201d<span style=\"color: #993300;\">Bl\u00e5lera<\/span><\/em><\/strong><em><span style=\"color: #993300;\">.<\/span> Vardaglig ben\u00e4mning dels p\u00e5 lera i sj\u00f6ars och vissa mossars bottenlager, dels p\u00e5 en del mor\u00e4nleror. Karakteristisk \u00e4r den bl\u00e5gr\u00e5 f\u00e4rgen som vanligtvis kommer av att j\u00e4rn i avlagringen f\u00f6religger i reducerad form. Efter genomluftning blir bl\u00e5lera gr\u00e5aktig eller gr\u00e5brun<\/em>.\u201d \u00a0<em>(Skogen.se)<\/em><\/p>\n<p>Observera vilken f\u00e4rg bl\u00e5leran slutligen antar, n\u00e4r den genomluftas. Brun, det var v\u00e4l tr\u00e5kigt, ni hard core-kristna? S\u00e5 dumt det kan bli. Jesus sj\u00e4lv ville ju dela fiskar och br\u00f6d med varenda m\u00e4nska han s\u00e5g, till och med l\u00e5ngt bort i bergen. Gemensamt, tillsammans, socialt.<\/p>\n<p>Gud s\u00e5 00-tal.<\/p>\n<p><strong>Sj\u00f6stedts stolleprov<br \/>\n<\/strong>Nej, det finns mycket jag borde ha kommenterat. Varf\u00f6r V\u00e4nsterpartiet sl\u00e4ppte Amineh Kakabaveh, d\u00e4r st\u00e4llde jag bara fr\u00e5gan. Varf\u00f6r s-kvinnor i Hudiksvall inte f\u00e5r \u00e4lska vem de vill, d\u00e4r beh\u00f6ver fr\u00e5gan inte ens st\u00e4llas. Det partibeslutet \u00e4r fascism, ren fascism. \u201dIndividen \u00e4r intet\u201d.<\/p>\n<p>Inte heller fr\u00e5gade jag varf\u00f6r Jonas Sj\u00f6stedt, som stundom verkar vara en klok person, kunde hitta p\u00e5 stolleprovet att vilja g\u00f6ra knarket lagligt.<\/p>\n<p>Varf\u00f6r L har problem med fyraprocentsribban? Fr\u00e5ga inte s\u00e5 dumt. Varf\u00f6r C kallar sig borgerligt numera? Fr\u00e5ga inte. Varf\u00f6r MP kastat sig i famnen p\u00e5 di bl\u00e5e p\u00e5 s\u00e5 m\u00e5nga h\u00e5ll? D\u00e4r handlar det om ren r\u00f6dgr\u00f6nf\u00e4rgblindhet. Plocka aldrig hallon med en milj\u00f6partist. Hen ser inte vad som \u00e4r gr\u00f6nt ens.<\/p>\n<p><strong>Ditt nya partiprogram?<br \/>\n<\/strong>Det var fortfarande r\u00e4tt av L\u00f6fven att g\u00e5 med p\u00e5 januari\u00f6verenskommelsen. Men det var f\u00f6rbaske mig inte r\u00e4tt att g\u00f6ra den till partiprogram sedan.<\/p>\n<p>Vad vill du <em>egentligen<\/em>, Stefan? Hur <em>skulle<\/em> du vilja ha\u2019t? Har ingen ber\u00e4ttat f\u00f6r dig att klyftorna v\u00e4xer och Sverige spricker? Kunde du inte \u00e5tminstone ha stoppat d\u00e5rarna i Hudiksvall?<\/p>\n<p>K\u00e4rleken \u00e4r sl\u00e4kt med yttrandefriheten, vet du inte det?<\/p>\n<p><em><span style=\"color: #ff6600;\"><strong>###<\/strong><\/span> H\u00e4r t\u00e4nkte jag avsluta med n\u00e5got skojigt. Det har jag h\u00f6rt att riktiga bloggare g\u00f6r.<br \/>\n<\/em><em><span style=\"color: #ff6600;\"><strong>###<\/strong><\/span> S\u00f6kte allts\u00e5 p\u00e5 Youtube p\u00e5 de tv\u00e5 l\u00e4mpliga orden \u201dr\u00e4tt roligt\u201d.<br \/>\n<\/em><em><span style=\"color: #ff6600;\"><strong>###<\/strong><\/span> Fick tr\u00e4ff p\u00e5 fem l\u00f6pskolor&#8230; Mobilj\u00e4keln \u00e4r en spion <\/em>\ud83d\ude21<\/p>\n<p><span style=\"color: #0000ff;\"><a style=\"color: #0000ff;\" href=\"https:\/\/sven-ove.nu\/\">Hem<\/a><\/span>\u00a0|\u00a0<span style=\"color: #0000ff;\"><a style=\"color: #0000ff;\" href=\"https:\/\/sven-ove.nu\/?page_id=170\">Om mig<\/a>\u00a0<\/span>|\u00a0<span style=\"color: #0000ff;\"><a style=\"color: #0000ff;\" href=\"https:\/\/sven-ove.nu\/?page_id=1385\">Skriva &amp; prata<\/a><\/span>\u00a0|\u00a0<span style=\"color: #0000ff;\"><a style=\"color: #0000ff;\" href=\"https:\/\/sven-ove.nu\/?page_id=100\">Politik<\/a><\/span>\u00a0|\u00a0<span style=\"color: #0000ff;\"><a style=\"color: #0000ff;\" href=\"https:\/\/sven-ove.nu\/?page_id=102\">L\u00f6pa<\/a><\/span>\u00a0|\u00a0<span style=\"color: #0000ff;\"><a style=\"color: #0000ff;\" href=\"https:\/\/sven-ove.nu\/?page_id=108\">Viktor Root<\/a><\/span><br \/>\n<em>Inl\u00e4gg nr 2 009. (c) Sven-Ove Svensson (men dela g\u00e4rna) <\/em><\/p>\n","protected":false},"excerpt":{"rendered":"<p>Ibland blir jag h\u00f6gf\u00e4rdig och f\u00e5r f\u00f6r mig att jag tillh\u00f6r kommentariatet. En s\u00e5n d\u00e4r som sitter p\u00e5 v\u00e5r tids ljugarb\u00e4nk och ber\u00e4ttar f\u00f6r alla som passerar hur det \u00e4r. Hur det verkligen \u00e4r. P\u00e5 b\u00e4nken p\u00e5 n\u00e4tet. S\u00e5dana som jag f\u00f6rklarar allting som finns, fr\u00e5n rotmosets betydelse till den sverigedemokratiska \u00f6vertygelsen bland 25,54 procent &hellip; <a href=\"https:\/\/sven-ove.nu\/?p=21475\" class=\"more-link\">Forts\u00e4tt l\u00e4sa <span class=\"screen-reader-text\">K\u00e4rleken \u00e4r sl\u00e4kt med yttrandefriheten<\/span><\/a><\/p>\n","protected":false},"author":1,"featured_media":0,"comment_status":"closed","ping_status":"open","sticky":false,"template":"","format":"standard","meta":{"_crdt_document":"","_monsterinsights_skip_tracking":false,"_monsterinsights_sitenote_active":false,"_monsterinsights_sitenote_note":"","_monsterinsights_sitenote_category":0,"footnotes":""},"categories":[9,4],"tags":[16,15],"class_list":["post-21475","post","type-post","status-publish","format-standard","hentry","category-politik","category-skrivande","tag-dumheter","tag-mediedjungeln"],"_links":{"self":[{"href":"https:\/\/sven-ove.nu\/index.php?rest_route=\/wp\/v2\/posts\/21475","targetHints":{"allow":["GET"]}}],"collection":[{"href":"https:\/\/sven-ove.nu\/index.php?rest_route=\/wp\/v2\/posts"}],"about":[{"href":"https:\/\/sven-ove.nu\/index.php?rest_route=\/wp\/v2\/types\/post"}],"author":[{"embeddable":true,"href":"https:\/\/sven-ove.nu\/index.php?rest_route=\/wp\/v2\/users\/1"}],"replies":[{"embeddable":true,"href":"https:\/\/sven-ove.nu\/index.php?rest_route=%2Fwp%2Fv2%2Fcomments&post=21475"}],"version-history":[{"count":13,"href":"https:\/\/sven-ove.nu\/index.php?rest_route=\/wp\/v2\/posts\/21475\/revisions"}],"predecessor-version":[{"id":21495,"href":"https:\/\/sven-ove.nu\/index.php?rest_route=\/wp\/v2\/posts\/21475\/revisions\/21495"}],"wp:attachment":[{"href":"https:\/\/sven-ove.nu\/index.php?rest_route=%2Fwp%2Fv2%2Fmedia&parent=21475"}],"wp:term":[{"taxonomy":"category","embeddable":true,"href":"https:\/\/sven-ove.nu\/index.php?rest_route=%2Fwp%2Fv2%2Fcategories&post=21475"},{"taxonomy":"post_tag","embeddable":true,"href":"https:\/\/sven-ove.nu\/index.php?rest_route=%2Fwp%2Fv2%2Ftags&post=21475"}],"curies":[{"name":"wp","href":"https:\/\/api.w.org\/{rel}","templated":true}]}}