{"id":21511,"date":"2019-11-25T04:22:12","date_gmt":"2019-11-25T03:22:12","guid":{"rendered":"http:\/\/sven-ove.nu\/?p=21511"},"modified":"2019-11-24T21:48:41","modified_gmt":"2019-11-24T20:48:41","slug":"spring-i-sjalen-och-ord-i-blick","status":"publish","type":"post","link":"https:\/\/sven-ove.nu\/?p=21511","title":{"rendered":"Spring i sj\u00e4len och ord i blick"},"content":{"rendered":"<p><a href=\"https:\/\/sven-ove.nu\/wp-content\/uploads\/2019\/11\/Rum-p\u00e5-hotell-Fr\u00f6ding.jpg\"><img loading=\"lazy\" decoding=\"async\" class=\"size-large wp-image-21513 alignnone\" src=\"https:\/\/sven-ove.nu\/wp-content\/uploads\/2019\/11\/Rum-p\u00e5-hotell-Fr\u00f6ding-1024x1024.jpg\" alt=\"\" width=\"660\" height=\"660\" srcset=\"https:\/\/sven-ove.nu\/wp-content\/uploads\/2019\/11\/Rum-p\u00e5-hotell-Fr\u00f6ding-1024x1024.jpg 1024w, https:\/\/sven-ove.nu\/wp-content\/uploads\/2019\/11\/Rum-p\u00e5-hotell-Fr\u00f6ding-150x150.jpg 150w, https:\/\/sven-ove.nu\/wp-content\/uploads\/2019\/11\/Rum-p\u00e5-hotell-Fr\u00f6ding-300x300.jpg 300w, https:\/\/sven-ove.nu\/wp-content\/uploads\/2019\/11\/Rum-p\u00e5-hotell-Fr\u00f6ding-768x768.jpg 768w, https:\/\/sven-ove.nu\/wp-content\/uploads\/2019\/11\/Rum-p\u00e5-hotell-Fr\u00f6ding.jpg 1280w\" sizes=\"auto, (max-width: 660px) 100vw, 660px\" \/><\/a><\/p>\n<blockquote><p>Vaknar p\u00e5 hotell i s\u00e4ng med en kvinna. L\u00e5nar hennes tandborste.<\/p>\n<p>Det har sannerligen varit intensiva dagar f\u00f6r en romantiskt lagd dubbel-68:a med spring i sj\u00e4len och ord i blick. Men l\u00e5na en tandborste?!!<\/p><\/blockquote>\n<p><strong>Tisdag. <\/strong>Sitter beredd vid telefonen. Ska Martin Schibbye ta sig till Karlstads Bokcaf\u00e9? Beh\u00f6ver vi skjutsa honom till \u00d6rebro Central efter hans framtr\u00e4dande p\u00e5 stadsbiblioteket eller till Stockholm som vi ocks\u00e5 lovat, om det kr\u00e4vs?<\/p>\n<p>Nej, olycka i Ving\u00e5ker f\u00f6rsenar hans t\u00e5g, programmet st\u00e4lls in.<br \/>\nTr\u00e5kigt.<\/p>\n<p><strong>Onsdag. <\/strong>Bemannar kansliet p\u00e5 F\u00f6reningen V\u00e4rmlandslitteratur. L\u00e4mnar ut b\u00f6cker, pratar datoruppdatering, l\u00e4ser recensionsbok.<\/p>\n<p><strong>Torsdag. <\/strong>P\u00e5 f\u00f6rmiddagen ringer en v\u00e4n, han har f\u00e5tt ett \u00e5terbud. Kan jag st\u00e4lla upp och underh\u00e5lla om en vecka? Tack, g\u00e4rna.<\/p>\n<p>D\u00e4refter bilf\u00e4rd till stan, den k\u00e4ra v\u00e4nnen och jag ska h\u00e4mta en pall med b\u00f6cker p\u00e5 Akademibokhandeln. Elva tunga kartonger.<br \/>\n&#8211; F\u00e5r ni verkligen in allt detta i bilen?<br \/>\n&#8211; D\u00e4\u2019 lugnt.<\/p>\n<p>Efter lunch \u00e4r det journalistseminarium p\u00e5 universitetet om Livet p\u00e5 landet. H\u00e4lften av alla lokalredaktioner i Sverige \u00e4r nedlagda. F\u00f6rlorarna \u00e4r medborgarna, media och demokratin.<\/p>\n<p><a href=\"https:\/\/sven-ove.nu\/wp-content\/uploads\/2019\/11\/V\u00e5r-monter.jpg\"><img loading=\"lazy\" decoding=\"async\" class=\"size-thumbnail wp-image-21524 alignright\" src=\"https:\/\/sven-ove.nu\/wp-content\/uploads\/2019\/11\/V\u00e5r-monter-150x150.jpg\" alt=\"\" width=\"150\" height=\"150\" \/><\/a>N\u00e4r m\u00f6rkret faller \u00e4ven bokstavligen rallar vi in de elva bokkartongerna i N\u00f6jesfabriken och bort till F\u00f6reningen V\u00e4rmlandslitteraturs stora monter. Hj\u00e4lper till att duka upp inf\u00f6r fredagens och l\u00f6rdagens bokfestival.<\/p>\n<p>Nu kan l\u00e4sarna komma!<\/p>\n<p><strong>Fredag. <\/strong>Bokfestival. Pratar, tr\u00e4ffar folk, lyssnar p\u00e5 uppl\u00e4sningar, k\u00f6per b\u00f6cker, pratar, lyssnar, tr\u00e4ffar folk. Timme efter timme efter timme. K\u00f6per b\u00f6cker. <em>Anders Bj\u00f6rnsson: Svindleriets \u00e4dla konst<\/em>. Den visste jag inte att jag beh\u00f6vde. Pratar, tr\u00e4ffar folk, tr\u00f6tt tr\u00f6tt tr\u00f6tt i benen.<\/p>\n<p><strong>L\u00f6rdag. <\/strong>P\u00e5 morgonen \u00e4r cellerna fortfarande fulla av bokfestival. D\u00e5 rensar jag skallen med en l\u00e4tt joggingrunda p\u00e5 k\u00e4nda stigar. K\u00e4nda? Nja, riktigt s\u00e5 bl\u00f6ta har jag s\u00e4llan sett dem, vattnet forsar nerf\u00f6r Grossbolstorps h\u00f6jder.<\/p>\n<p>Tillbaka till bokfesten i Karlstad. Nu h\u00f6r vi Ninni Schulman ber\u00e4tta om Tingl\u00f6f, urmakaren i Eksh\u00e4rad som fick f\u00f6r lite betalt och d\u00e4rf\u00f6r s\u00e5g till att kyrkuret han byggt stannade samma dag han dog. Precis som han lovat. Hennes nya kriminalroman handlar om bygdespelet kring Tingl\u00f6f. Och om lokalredaktionen i Hagfors jag bes\u00f6kt s\u00e5 m\u00e5nga g\u00e5nger.<\/p>\n<p><a href=\"https:\/\/sven-ove.nu\/wp-content\/uploads\/2019\/11\/Revyhistoria.jpg\"><img loading=\"lazy\" decoding=\"async\" class=\"size-thumbnail wp-image-21516 alignright\" src=\"https:\/\/sven-ove.nu\/wp-content\/uploads\/2019\/11\/Revyhistoria-150x150.jpg\" alt=\"\" width=\"150\" height=\"150\" srcset=\"https:\/\/sven-ove.nu\/wp-content\/uploads\/2019\/11\/Revyhistoria-150x150.jpg 150w, https:\/\/sven-ove.nu\/wp-content\/uploads\/2019\/11\/Revyhistoria-300x300.jpg 300w, https:\/\/sven-ove.nu\/wp-content\/uploads\/2019\/11\/Revyhistoria-768x768.jpg 768w, https:\/\/sven-ove.nu\/wp-content\/uploads\/2019\/11\/Revyhistoria-1024x1024.jpg 1024w, https:\/\/sven-ove.nu\/wp-content\/uploads\/2019\/11\/Revyhistoria.jpg 1280w\" sizes=\"auto, (max-width: 150px) 100vw, 150px\" \/><\/a>N\u00e4sta program handlar om Karlstads revytradition som Gunvor Nyman och Staffan Lindstr\u00f6m skrivit bok om. Peter Franke intervjuar dem och undrar liksom vi om det finns fler st\u00e4der i samma storlek d\u00e4r det spelats ny\u00e5rsrevy i 80 \u00e5r?<\/p>\n<p>Vi pratar med \u00e4nnu fler v\u00e4nner, sedan snabb lunch p\u00e5 stans \u00e4ldsta pizzeria innan vi checkar vi in p\u00e5 hotell. Rum 120 \u00e4r till\u00e4gnat <em>ordet<\/em> hos Gustaf Fr\u00f6ding, det k\u00e4nns r\u00e4tt denna helg. Anna Rongedals design \u00e4r underbar.<\/p>\n<p><a href=\"https:\/\/sven-ove.nu\/wp-content\/uploads\/2019\/11\/GF-1.jpg\"><img loading=\"lazy\" decoding=\"async\" class=\"size-medium wp-image-21517 alignleft\" src=\"https:\/\/sven-ove.nu\/wp-content\/uploads\/2019\/11\/GF-1-287x300.jpg\" alt=\"\" width=\"287\" height=\"300\" srcset=\"https:\/\/sven-ove.nu\/wp-content\/uploads\/2019\/11\/GF-1-287x300.jpg 287w, https:\/\/sven-ove.nu\/wp-content\/uploads\/2019\/11\/GF-1-768x804.jpg 768w, https:\/\/sven-ove.nu\/wp-content\/uploads\/2019\/11\/GF-1-978x1024.jpg 978w, https:\/\/sven-ove.nu\/wp-content\/uploads\/2019\/11\/GF-1.jpg 1223w\" sizes=\"auto, (max-width: 287px) 100vw, 287px\" \/><\/a>Vi slappar p\u00e5 rummet under Lars i Kuja och andra diktord. D\u00e5 f\u00e5r jag ett nytt erbjudande i mobilen, att komma och prata om mitt skrivande.<\/p>\n<p>Kan jag klockan 14 den 15 april 2020?<\/p>\n<p>Ja tack.<\/p>\n<p>Efter n\u00e5gon timme kl\u00e4r vi oss fina och far till stans vackra teater. Wermlandsoperans <em>Albert Herring<\/em> \u00e4r precis s\u00e5 bra och rolig som man sagt oss. Den oskuldsfulle unge herr Str\u00f6mming blir vald till Lucia just f\u00f6r sin oskulds skull, men f\u00e5r julmusten spetsad och vaknar sm\u00e5ningom n\u00e5got mindre oskuldsfull.<\/p>\n<p>N\u00e4r var vi p\u00e5 opera senast? Vet inte. Detta g\u00f6r vi om!<\/p>\n<p><a href=\"https:\/\/sven-ove.nu\/wp-content\/uploads\/2019\/11\/Appl\u00e5dtack.jpg\"><img loading=\"lazy\" decoding=\"async\" class=\"size-medium wp-image-21521 alignnone\" src=\"https:\/\/sven-ove.nu\/wp-content\/uploads\/2019\/11\/Appl\u00e5dtack-300x235.jpg\" alt=\"\" width=\"300\" height=\"235\" srcset=\"https:\/\/sven-ove.nu\/wp-content\/uploads\/2019\/11\/Appl\u00e5dtack-300x235.jpg 300w, https:\/\/sven-ove.nu\/wp-content\/uploads\/2019\/11\/Appl\u00e5dtack-768x602.jpg 768w, https:\/\/sven-ove.nu\/wp-content\/uploads\/2019\/11\/Appl\u00e5dtack-1024x803.jpg 1024w, https:\/\/sven-ove.nu\/wp-content\/uploads\/2019\/11\/Appl\u00e5dtack.jpg 1280w\" sizes=\"auto, (max-width: 300px) 100vw, 300px\" \/><\/a><\/p>\n<p>Tillbaka till hotellet. Biffplanka med k\u00f6ttbit som f\u00e5r smakl\u00f6karna att kvittra.<\/p>\n<p><strong>S\u00f6ndag. <\/strong>Vaknar p\u00e5 hotell i s\u00e4ng med en kvinna. L\u00e5nar hennes tandborste, s\u00e5nt har jag h\u00f6rt om.<br \/>\n&#8230; ja ja, lugn nu, jag har gl\u00f6mt min egen. Vi blev k\u00e4ra redan 1967, s\u00e5 hon s\u00e4ger att det g\u00e5r bra. V\u00e4rre dramatik \u00e4r det inte. Hon f\u00e5r borsta f\u00f6rst, man \u00e4r v\u00e4l gentleman.<\/p>\n<p>Hotellfrukostar \u00e4r alltid hotellfrukostar och sj\u00e4lv doftar jag damdeodorant i filmj\u00f6lksk\u00f6n. Kroppen forts\u00e4tter dofta damdeodorant \u00e4ven i \u00e4gg- &amp; bacon-k\u00f6n samt vid kaffeautomaten. Hela tiden ser jag hur de andra g\u00e4sterna p\u00e5 hotell Gustaf Fr\u00f6ding k\u00e4nner igen doften av nyponros n\u00e4r den n\u00e5r dem. Vart jag \u00e4n g\u00e5r m\u00e4rks det.<\/p>\n<p>&#8211; Ni har v\u00e4l l\u00e4st Fr\u00f6dings dikt om <span style=\"color: #0000ff;\"><a style=\"color: #0000ff;\" href=\"https:\/\/books.google.se\/books?id=w7S8BgAAQBAJ&amp;pg=PT52&amp;lpg=PT52&amp;dq=fr%C3%B6ding+nypenrosa&amp;source=bl&amp;ots=qVNHRIyKl_&amp;sig=ACfU3U3ODJk3OmMghP0UGww0GLqO_gQX8A&amp;hl=sv&amp;sa=X&amp;ved=2ahUKEwjw3ZvNhYPmAhULFpoKHeXpB_8Q6AEwCXoECAkQAg#v=onepage&amp;q=fr%C3%B6ding%20nypenrosa&amp;f=false\">nypenrosa<\/a>?<\/span> s\u00e4ger jag till tv\u00e5 damer, 65 plus.\u00a0D\u00e5 glor de underligt p\u00e5 mig.<\/p>\n<p><a href=\"https:\/\/sven-ove.nu\/wp-content\/uploads\/2019\/11\/L\u00f6parbron.jpg\"><img loading=\"lazy\" decoding=\"async\" class=\"size-medium wp-image-21522 alignnone\" src=\"https:\/\/sven-ove.nu\/wp-content\/uploads\/2019\/11\/L\u00f6parbron-300x237.jpg\" alt=\"\" width=\"300\" height=\"237\" srcset=\"https:\/\/sven-ove.nu\/wp-content\/uploads\/2019\/11\/L\u00f6parbron-300x237.jpg 300w, https:\/\/sven-ove.nu\/wp-content\/uploads\/2019\/11\/L\u00f6parbron-768x606.jpg 768w, https:\/\/sven-ove.nu\/wp-content\/uploads\/2019\/11\/L\u00f6parbron-1024x808.jpg 1024w, https:\/\/sven-ove.nu\/wp-content\/uploads\/2019\/11\/L\u00f6parbron.jpg 1280w\" sizes=\"auto, (max-width: 300px) 100vw, 300px\" \/><\/a><\/p>\n<p>Efter\u00e5t provar jag Ruds motionssp\u00e5r f\u00f6r f\u00f6rsta g\u00e5ngen i livet. \u00c4n doftar min l\u00e5ngsamma lekamen nyponros och v\u00e5rdande formula. Det h\u00f6r jag att alla jag m\u00f6ter m\u00e4rker. Vad hundan \u00e4r \u201dv\u00e5rdande formula\u201d?<\/p>\n<p>Fast &#8211; vem har sagt att du m\u00e5ste g\u00f6ra packningslista n\u00e4r du ska bo p\u00e5 hotell bara tv\u00e5 mil hemifr\u00e5n? Necess\u00e4ren h\u00e4nger packad och klar i v\u00e5rt badrum p\u00e5 Grossbolstorp, med b\u00e5de tandborste och doft av karl. S\u00e5nt \u00e4r v\u00e4rldsligt. Kul att bo p\u00e5 hotell s\u00e5 n\u00e4ra hemmet, n\u00e4r gjorde vi det sist?<\/p>\n<p style=\"padding-left: 40px;\"><strong>Hotellvistelsen, operabiljetterna och festivalpassen har vi f\u00e5tt i present, har jag sagt det? Tack \u00e4n en g\u00e5ng, det var underbart!<\/strong><\/p>\n<p>Allra sist far vi hem\u00e5t och bes\u00f6ker julmarknaden p\u00e5 v\u00e5r hembygdsg\u00e5rd. De har en temautst\u00e4llning varje \u00e5r. I \u00e5r \u00e4r temat v\u00e4vnader och den k\u00e4ra v\u00e4nnen har f\u00e5tt med b\u00e5de kursp\u00e4rm och alster fr\u00e5n v\u00e4vkursen hon gick 1974. Nu l\u00e4ser vi hennes ber\u00e4ttelse igen och studerar tr\u00e4det och alla de andra grejorna hon v\u00e4vde.<\/p>\n<p>Sj\u00e4lv tittar jag s\u00e4rskilt p\u00e5 fotona jag tog p\u00e5 henne i snickarbyxor, n\u00e4r hon v\u00e4vde b\u00f6rjan till v\u00e5r familjehistoria. Fint.<\/p>\n<p><strong>I dag. <\/strong>Tiden g\u00e5r, nu \u00e4r det redan i dag. I dag ska jag l\u00e4sa om konsten att svindla. D\u00e4r har jag \u00e4nnu en del att l\u00e4ra. Aj du, det gick inte, boken \u00e4r upptagen av hon med tandborsten. Hmmm. D\u00e5 plockar jag fram Bengt Bergs nya diktsamling ur en av festivalkassarna i st\u00e4llet. Boken heter <em>Varje morgon g\u00e5r jag ner till sj\u00f6n och fotograferar vattnet<\/em> och jag fastnar snart p\u00e5 sidan 96:<em>\u00a0<\/em><\/p>\n<p style=\"padding-left: 40px;\"><em>Stannar till och baxar en tordyvel<br \/>\n<\/em><em>p\u00e5 r\u00e4tt k\u00f6l<br \/>\n<\/em><em>man kan ta vilken som helst<br \/>\n<\/em><em>av dikterna alla<br \/>\n<\/em><em>handlar de om att baxa<br \/>\n<\/em><em>en tordyvel p\u00e5 r\u00e4tt k\u00f6l<br \/>\n<\/em><em>innan gr\u00e4vlingen och sopbilen<br \/>\n<\/em><em>hinner hit.<\/em><\/p>\n<p>Tack f\u00f6r ordet.\u00a0Nu ska jag vila till jul.<\/p>\n<p><a href=\"https:\/\/sven-ove.nu\/wp-content\/uploads\/2019\/11\/V\u00e4vnader-1974.jpg\"><img loading=\"lazy\" decoding=\"async\" class=\"size-medium wp-image-21523 alignnone\" src=\"https:\/\/sven-ove.nu\/wp-content\/uploads\/2019\/11\/V\u00e4vnader-1974-300x300.jpg\" alt=\"\" width=\"300\" height=\"300\" srcset=\"https:\/\/sven-ove.nu\/wp-content\/uploads\/2019\/11\/V\u00e4vnader-1974-300x300.jpg 300w, https:\/\/sven-ove.nu\/wp-content\/uploads\/2019\/11\/V\u00e4vnader-1974-150x150.jpg 150w, https:\/\/sven-ove.nu\/wp-content\/uploads\/2019\/11\/V\u00e4vnader-1974-768x768.jpg 768w, https:\/\/sven-ove.nu\/wp-content\/uploads\/2019\/11\/V\u00e4vnader-1974-1024x1024.jpg 1024w, https:\/\/sven-ove.nu\/wp-content\/uploads\/2019\/11\/V\u00e4vnader-1974.jpg 1280w\" sizes=\"auto, (max-width: 300px) 100vw, 300px\" \/><\/a><\/p>\n<p><span style=\"color: #0000ff;\"><a style=\"color: #0000ff;\" href=\"https:\/\/sven-ove.nu\/\">Hem<\/a><\/span>\u00a0|\u00a0<span style=\"color: #0000ff;\"><a style=\"font-style: inherit; font-weight: inherit; color: #0000ff;\" href=\"https:\/\/sven-ove.nu\/?page_id=170\">Om mig<\/a><\/span>\u00a0|\u00a0<span style=\"color: #0000ff;\"><a style=\"font-style: inherit; font-weight: inherit; color: #0000ff;\" href=\"https:\/\/sven-ove.nu\/?page_id=1385\">Skriva &amp; prata<\/a><\/span>\u00a0|\u00a0<span style=\"color: #0000ff;\"><a style=\"font-style: inherit; font-weight: inherit; color: #0000ff;\" href=\"https:\/\/sven-ove.nu\/?page_id=100\">Politik<\/a><\/span>\u00a0|\u00a0<span style=\"color: #0000ff;\"><a style=\"font-style: inherit; font-weight: inherit; color: #0000ff;\" href=\"https:\/\/sven-ove.nu\/?page_id=102\">L\u00f6pa<\/a><\/span>\u00a0|\u00a0<span style=\"color: #0000ff;\"><a style=\"font-style: inherit; font-weight: inherit; color: #0000ff;\" href=\"https:\/\/sven-ove.nu\/?page_id=108\">Viktor Root<\/a><\/span><br \/>\n<em>Inl\u00e4gg nr 2 011. (c) Sven-Ove Svensson (men dela g\u00e4rna)<\/em><\/p>\n","protected":false},"excerpt":{"rendered":"<p>Vaknar p\u00e5 hotell i s\u00e4ng med en kvinna. L\u00e5nar hennes tandborste. Det har sannerligen varit intensiva dagar f\u00f6r en romantiskt lagd dubbel-68:a med spring i sj\u00e4len och ord i blick. Men l\u00e5na en tandborste?!! Tisdag. Sitter beredd vid telefonen. Ska Martin Schibbye ta sig till Karlstads Bokcaf\u00e9? Beh\u00f6ver vi skjutsa honom till \u00d6rebro Central efter &hellip; <a href=\"https:\/\/sven-ove.nu\/?p=21511\" class=\"more-link\">Forts\u00e4tt l\u00e4sa <span class=\"screen-reader-text\">Spring i sj\u00e4len och ord i blick<\/span><\/a><\/p>\n","protected":false},"author":1,"featured_media":0,"comment_status":"closed","ping_status":"open","sticky":false,"template":"","format":"standard","meta":{"_crdt_document":"","_monsterinsights_skip_tracking":false,"_monsterinsights_sitenote_active":false,"_monsterinsights_sitenote_note":"","_monsterinsights_sitenote_category":0,"footnotes":""},"categories":[10,28,5,4],"tags":[3,24,14,15,21],"class_list":["post-21511","post","type-post","status-publish","format-standard","hentry","category-familjen","category-kreativt-folk","category-lopning","category-skrivande","tag-arbete","tag-karlek","tag-lasning","tag-mediedjungeln","tag-ord"],"_links":{"self":[{"href":"https:\/\/sven-ove.nu\/index.php?rest_route=\/wp\/v2\/posts\/21511","targetHints":{"allow":["GET"]}}],"collection":[{"href":"https:\/\/sven-ove.nu\/index.php?rest_route=\/wp\/v2\/posts"}],"about":[{"href":"https:\/\/sven-ove.nu\/index.php?rest_route=\/wp\/v2\/types\/post"}],"author":[{"embeddable":true,"href":"https:\/\/sven-ove.nu\/index.php?rest_route=\/wp\/v2\/users\/1"}],"replies":[{"embeddable":true,"href":"https:\/\/sven-ove.nu\/index.php?rest_route=%2Fwp%2Fv2%2Fcomments&post=21511"}],"version-history":[{"count":9,"href":"https:\/\/sven-ove.nu\/index.php?rest_route=\/wp\/v2\/posts\/21511\/revisions"}],"predecessor-version":[{"id":21530,"href":"https:\/\/sven-ove.nu\/index.php?rest_route=\/wp\/v2\/posts\/21511\/revisions\/21530"}],"wp:attachment":[{"href":"https:\/\/sven-ove.nu\/index.php?rest_route=%2Fwp%2Fv2%2Fmedia&parent=21511"}],"wp:term":[{"taxonomy":"category","embeddable":true,"href":"https:\/\/sven-ove.nu\/index.php?rest_route=%2Fwp%2Fv2%2Fcategories&post=21511"},{"taxonomy":"post_tag","embeddable":true,"href":"https:\/\/sven-ove.nu\/index.php?rest_route=%2Fwp%2Fv2%2Ftags&post=21511"}],"curies":[{"name":"wp","href":"https:\/\/api.w.org\/{rel}","templated":true}]}}