{"id":21531,"date":"2019-11-28T04:36:13","date_gmt":"2019-11-28T03:36:13","guid":{"rendered":"http:\/\/sven-ove.nu\/?p=21531"},"modified":"2019-11-28T08:07:42","modified_gmt":"2019-11-28T07:07:42","slug":"overheten-malar-over-elandet","status":"publish","type":"post","link":"https:\/\/sven-ove.nu\/?p=21531","title":{"rendered":"\u00d6verheten m\u00e5lar \u00f6ver el\u00e4ndet"},"content":{"rendered":"<p><a href=\"https:\/\/sven-ove.nu\/wp-content\/uploads\/2019\/11\/Anslagstavlan-Konsum.jpg\"><img loading=\"lazy\" decoding=\"async\" class=\"size-large wp-image-21535 alignnone\" src=\"https:\/\/sven-ove.nu\/wp-content\/uploads\/2019\/11\/Anslagstavlan-Konsum-1024x768.jpg\" alt=\"\" width=\"660\" height=\"495\" srcset=\"https:\/\/sven-ove.nu\/wp-content\/uploads\/2019\/11\/Anslagstavlan-Konsum-1024x768.jpg 1024w, https:\/\/sven-ove.nu\/wp-content\/uploads\/2019\/11\/Anslagstavlan-Konsum-300x225.jpg 300w, https:\/\/sven-ove.nu\/wp-content\/uploads\/2019\/11\/Anslagstavlan-Konsum-768x576.jpg 768w, https:\/\/sven-ove.nu\/wp-content\/uploads\/2019\/11\/Anslagstavlan-Konsum.jpg 1280w\" sizes=\"auto, (max-width: 660px) 100vw, 660px\" \/><\/a><\/p>\n<blockquote><p>I dag ska jag upptr\u00e4da med egna ber\u00e4ttelser p\u00e5 Forsg\u00e5rden i Forshaga. Det f\u00e5r mig att t\u00e4nka p\u00e5 1990-talet, f\u00f6r en av texterna jag kommer att l\u00e4sa \u00e4r fr\u00e5n 24 oktober 1990. Min kr\u00f6nika s\u00e4ndes i P4 Radio V\u00e4rmland den morgonen.<\/p>\n<p>Nu f\u00e5r de h\u00f6ra den igen.<\/p><\/blockquote>\n<p>Jag ska inte referera infallet om Grossbolspessimisterna h\u00e4r. L\u00e5t mig bara konstatera att tv\u00e5 uttryck hade blivit popul\u00e4ra samtidigt de \u00e5ren: \u201dT\u00e4nk positivt!\u201d och \u201dJag blir s\u00e5 tr\u00f6tt!\u201d. Fundera en stund \u00f6ver varf\u00f6r de d\u00f6k upp samtidigt.<\/p>\n<p>Sj\u00e4lv kommer jag fort fram till att optimistkonsult \u00e4r en odr\u00e4glig titel men det vore pessimistkonsult ocks\u00e5. (Om man inte anv\u00e4nder den p\u00e5 <span style=\"color: #0000ff;\"><a style=\"color: #0000ff;\" href=\"https:\/\/m.youtube.com\/watch?v=peY68tKiWgM\">Ronny Erikssons s\u00e4tt<\/a><\/span> f\u00f6rst\u00e5s. Klicka, se och h\u00f6r!).<\/p>\n<p>Jag tror f\u00f6rklaringen till de b\u00e5da uttrycken \u00e4r enkel. I tider av \u00e5tstramning ligger det i \u00f6verhetens intresse att m\u00e5la \u00f6ver el\u00e4ndet med \u00f6verdriven positivism. Allt medan folkets sunda reaktion p\u00e5 hurtigheten \u00e4r ett \u00e4rligt k\u00e4nt: \u201dJag blir s\u00e5 tr\u00f6tt!\u201d.<\/p>\n<p>Nu har du m\u00f6jligen l\u00e4st p\u00e5 Facebook att jag avslutar var och vartannat inl\u00e4gg med det lilla ordet \u201dtrivs\u201d. Somliga har till och med b\u00f6rjat referera till det:<br \/>\n&#8211; Som en v\u00e4n brukar skriva: Trivs.<\/p>\n<p>Visst. Jag har den l\u00e4ggningen. Jag trivs med henne jag skrattar ihop med vid v\u00e5r frukost. Jag trivs med n\u00f6tv\u00e4ckan d\u00e4r ute, den bl\u00f6ta skogsstigen uppf\u00f6r Grossbolstorps h\u00f6jder och programmet Anteckningar i min mobil. Trivs. D\u00e5 skriver jag det.<\/p>\n<p>Sjukdom och annat el\u00e4nde finns i v\u00e5ra liv med. Men de \u00e4r privata och det skriver jag inte om. F\u00f6rresten, du tror v\u00e4l inte jag trivs med klyftor, v\u00e5ld mot kvinnor, fr\u00e4mlingsfientlighet, Donald Trump, friluftsparadisvandaler och Jimmie \u00c5kessons sambos kulturpolitik?<\/p>\n<p>Jag blir s\u00e5 tr\u00f6tt.<\/p>\n<p><em><strong><span style=\"color: #ff6600;\">###<\/span><\/strong> Tr\u00e4ffpunkt Forsg\u00e5rden under ledning av Christer Halvarsson.<\/em><br \/>\n<em><span style=\"color: #ff6600;\"><strong>###<\/strong><\/span> I kv\u00e4ll, torsdag, klockan 17.00.<\/em><br \/>\n<em><strong><span style=\"color: #ff6600;\">###<\/span><\/strong> Kom g\u00e4rna!<\/em><\/p>\n<p><span style=\"color: #0000ff;\"><a style=\"color: #0000ff;\" href=\"https:\/\/sven-ove.nu\/\">Hem<\/a><\/span>\u00a0|\u00a0<span style=\"color: #0000ff;\"><a style=\"color: #0000ff;\" href=\"https:\/\/sven-ove.nu\/?page_id=170\">Om mig<\/a><\/span>\u00a0|\u00a0<span style=\"color: #0000ff;\"><a style=\"color: #0000ff;\" href=\"https:\/\/sven-ove.nu\/?page_id=1385\">Skriva &amp; prata<\/a><\/span>\u00a0|\u00a0<span style=\"color: #0000ff;\"><a style=\"color: #0000ff;\" href=\"https:\/\/sven-ove.nu\/?page_id=100\">Politik<\/a><\/span>\u00a0|\u00a0<span style=\"color: #0000ff;\"><a style=\"color: #0000ff;\" href=\"https:\/\/sven-ove.nu\/?page_id=102\">L\u00f6pa<\/a><\/span>\u00a0|\u00a0<span style=\"color: #0000ff;\"><a style=\"color: #0000ff;\" href=\"https:\/\/sven-ove.nu\/?page_id=108\">Viktor Root<\/a><\/span><br \/>\n<em>Inl\u00e4gg nr 2 012. (c) Sven-Ove Svensson (men dela g\u00e4rna)<\/em><\/p>\n","protected":false},"excerpt":{"rendered":"<p>I dag ska jag upptr\u00e4da med egna ber\u00e4ttelser p\u00e5 Forsg\u00e5rden i Forshaga. Det f\u00e5r mig att t\u00e4nka p\u00e5 1990-talet, f\u00f6r en av texterna jag kommer att l\u00e4sa \u00e4r fr\u00e5n 24 oktober 1990. Min kr\u00f6nika s\u00e4ndes i P4 Radio V\u00e4rmland den morgonen. Nu f\u00e5r de h\u00f6ra den igen. Jag ska inte referera infallet om Grossbolspessimisterna h\u00e4r. &hellip; <a href=\"https:\/\/sven-ove.nu\/?p=21531\" class=\"more-link\">Forts\u00e4tt l\u00e4sa <span class=\"screen-reader-text\">\u00d6verheten m\u00e5lar \u00f6ver el\u00e4ndet<\/span><\/a><\/p>\n","protected":false},"author":1,"featured_media":0,"comment_status":"closed","ping_status":"open","sticky":false,"template":"","format":"standard","meta":{"_crdt_document":"","_monsterinsights_skip_tracking":false,"_monsterinsights_sitenote_active":false,"_monsterinsights_sitenote_note":"","_monsterinsights_sitenote_category":0,"footnotes":""},"categories":[28,4],"tags":[8,21],"class_list":["post-21531","post","type-post","status-publish","format-standard","hentry","category-kreativt-folk","category-skrivande","tag-historia","tag-ord"],"_links":{"self":[{"href":"https:\/\/sven-ove.nu\/index.php?rest_route=\/wp\/v2\/posts\/21531","targetHints":{"allow":["GET"]}}],"collection":[{"href":"https:\/\/sven-ove.nu\/index.php?rest_route=\/wp\/v2\/posts"}],"about":[{"href":"https:\/\/sven-ove.nu\/index.php?rest_route=\/wp\/v2\/types\/post"}],"author":[{"embeddable":true,"href":"https:\/\/sven-ove.nu\/index.php?rest_route=\/wp\/v2\/users\/1"}],"replies":[{"embeddable":true,"href":"https:\/\/sven-ove.nu\/index.php?rest_route=%2Fwp%2Fv2%2Fcomments&post=21531"}],"version-history":[{"count":7,"href":"https:\/\/sven-ove.nu\/index.php?rest_route=\/wp\/v2\/posts\/21531\/revisions"}],"predecessor-version":[{"id":21540,"href":"https:\/\/sven-ove.nu\/index.php?rest_route=\/wp\/v2\/posts\/21531\/revisions\/21540"}],"wp:attachment":[{"href":"https:\/\/sven-ove.nu\/index.php?rest_route=%2Fwp%2Fv2%2Fmedia&parent=21531"}],"wp:term":[{"taxonomy":"category","embeddable":true,"href":"https:\/\/sven-ove.nu\/index.php?rest_route=%2Fwp%2Fv2%2Fcategories&post=21531"},{"taxonomy":"post_tag","embeddable":true,"href":"https:\/\/sven-ove.nu\/index.php?rest_route=%2Fwp%2Fv2%2Ftags&post=21531"}],"curies":[{"name":"wp","href":"https:\/\/api.w.org\/{rel}","templated":true}]}}