{"id":21541,"date":"2019-11-29T04:46:05","date_gmt":"2019-11-29T03:46:05","guid":{"rendered":"http:\/\/sven-ove.nu\/?p=21541"},"modified":"2019-11-28T13:50:26","modified_gmt":"2019-11-28T12:50:26","slug":"omringade-oar-mitt-pa-torra-land","status":"publish","type":"post","link":"https:\/\/sven-ove.nu\/?p=21541","title":{"rendered":"Omringade \u00f6ar mitt p\u00e5 torra land"},"content":{"rendered":"<p><a href=\"https:\/\/sven-ove.nu\/wp-content\/uploads\/2019\/11\/Sorkdalen.jpg\"><img loading=\"lazy\" decoding=\"async\" class=\"size-full wp-image-21542 alignnone\" src=\"https:\/\/sven-ove.nu\/wp-content\/uploads\/2019\/11\/Sorkdalen.jpg\" alt=\"\" width=\"714\" height=\"690\" srcset=\"https:\/\/sven-ove.nu\/wp-content\/uploads\/2019\/11\/Sorkdalen.jpg 714w, https:\/\/sven-ove.nu\/wp-content\/uploads\/2019\/11\/Sorkdalen-300x290.jpg 300w\" sizes=\"auto, (max-width: 714px) 100vw, 714px\" \/><\/a><\/p>\n<blockquote><p>N\u00e4r jag vill ha roligt l\u00e4ser jag kartor. De \u00e4r underbara ber\u00e4ttelser om inlandsis, erosion, v\u00e4xtkraft och m\u00e4nsklig odling och kultur.<\/p>\n<p>Ibland blir jag sittande i timmar.<\/p><\/blockquote>\n<p>Ortnamnen ska vi inte tala p\u00e5. St\u00e5st\u00f6det \u00e4r ett nytt favoritnamn. D\u00e4r gillade kreaturen att st\u00e5 och idissla, vid \u201dst\u00e5st\u00e4llet\u201d. Namnet betyder det.<\/p>\n<p>Just nu funderar jag mest \u00f6ver administrativa \u00f6ar. Detta att ett stycke land i v\u00e5r kommun tillh\u00f6r norra grannkommunen. Eller att tv\u00e5 g\u00e5rdar i Storfors kommun h\u00f6r till Karlstad.<\/p>\n<p>Hur gick det d\u00e4r till? Har de ingen anst\u00e4lld med ivrigt ordningssinne och kontrollbehov p\u00e5 Lantm\u00e4teriet? Eller \u00e4lskar v\u00e5ra lantm\u00e4tare inspr\u00e4ngda \u00f6ar?<\/p>\n<p>Undrar hur de g\u00f6r med den kommunala servicen i \u00f6v\u00e4rlden? Har de n\u00e5gon s\u00e5dan i H\u00e4ggst\u00f6det, Sorkdalen och Hagalund? F\u00e5r sopbilen k\u00f6ra \u00f6ver Annan Kommuns Mark gratis, n\u00e4r den ska dit? Vad pratar de omringade f\u00f6r dialekt? Heter rally \u201doally\u201d eller \u201dralli\u201d i det inre av hemmanet Sorkdalen 419?<\/p>\n<p>Alla dessa fr\u00e5gor.<br \/>\nTur att en \u00e4r internationalist.<\/p>\n<p><a href=\"https:\/\/sven-ove.nu\/wp-content\/uploads\/2019\/11\/H\u00e4ggst\u00f6det.jpg\"><img loading=\"lazy\" decoding=\"async\" class=\"size-medium wp-image-21545 alignnone\" src=\"https:\/\/sven-ove.nu\/wp-content\/uploads\/2019\/11\/H\u00e4ggst\u00f6det-300x141.jpg\" alt=\"\" width=\"300\" height=\"141\" srcset=\"https:\/\/sven-ove.nu\/wp-content\/uploads\/2019\/11\/H\u00e4ggst\u00f6det-300x141.jpg 300w, https:\/\/sven-ove.nu\/wp-content\/uploads\/2019\/11\/H\u00e4ggst\u00f6det.jpg 732w\" sizes=\"auto, (max-width: 300px) 100vw, 300px\" \/><\/a><\/p>\n<p><span style=\"color: #ff6600;\"><strong><em>###<\/em><\/strong><\/span><em> Vid n\u00e4rmare eftertanke inser jag att de nog talar nederl\u00e4ndska numera i Sorkdalen.<br \/>\n<\/em><span style=\"color: #ff6600;\"><strong><em>###<\/em><\/strong><\/span><em> Min provins har m\u00e5nga holl\u00e4ndarbygder.<br \/>\n<\/em><span style=\"color: #ff6600;\"><strong><em>###<\/em><\/strong><\/span><em> M\u00e5ngfald \u00e4r fint.<\/em><\/p>\n<p><span style=\"color: #0000ff;\"><a style=\"color: #0000ff;\" href=\"https:\/\/sven-ove.nu\/\">Hem<\/a><\/span>\u00a0|\u00a0<span style=\"color: #0000ff;\"><a style=\"color: #0000ff;\" href=\"https:\/\/sven-ove.nu\/?page_id=170\">Om mig<\/a>\u00a0<\/span>|\u00a0<span style=\"color: #0000ff;\"><a style=\"color: #0000ff;\" href=\"https:\/\/sven-ove.nu\/?page_id=1385\">Skriva &amp; prata<\/a><\/span>\u00a0|\u00a0<span style=\"color: #0000ff;\"><a style=\"color: #0000ff;\" href=\"https:\/\/sven-ove.nu\/?page_id=100\">Politik<\/a><\/span>\u00a0|\u00a0<span style=\"color: #0000ff;\"><a style=\"color: #0000ff;\" href=\"https:\/\/sven-ove.nu\/?page_id=102\">L\u00f6pa<\/a><\/span>\u00a0|\u00a0<span style=\"color: #0000ff;\"><a style=\"color: #0000ff;\" href=\"https:\/\/sven-ove.nu\/?page_id=108\">Viktor Root<\/a><\/span><br \/>\n<em>Inl\u00e4gg nr 2 013. (c) Sven-Ove Svensson (men dela g\u00e4rna)<\/em><\/p>\n","protected":false},"excerpt":{"rendered":"<p>N\u00e4r jag vill ha roligt l\u00e4ser jag kartor. De \u00e4r underbara ber\u00e4ttelser om inlandsis, erosion, v\u00e4xtkraft och m\u00e4nsklig odling och kultur. Ibland blir jag sittande i timmar. Ortnamnen ska vi inte tala p\u00e5. St\u00e5st\u00f6det \u00e4r ett nytt favoritnamn. D\u00e4r gillade kreaturen att st\u00e5 och idissla, vid \u201dst\u00e5st\u00e4llet\u201d. Namnet betyder det. Just nu funderar jag mest &hellip; <a href=\"https:\/\/sven-ove.nu\/?p=21541\" class=\"more-link\">Forts\u00e4tt l\u00e4sa <span class=\"screen-reader-text\">Omringade \u00f6ar mitt p\u00e5 torra land<\/span><\/a><\/p>\n","protected":false},"author":1,"featured_media":0,"comment_status":"closed","ping_status":"open","sticky":false,"template":"","format":"standard","meta":{"_crdt_document":"","_monsterinsights_skip_tracking":false,"_monsterinsights_sitenote_active":false,"_monsterinsights_sitenote_note":"","_monsterinsights_sitenote_category":0,"footnotes":""},"categories":[6],"tags":[8,25,14],"class_list":["post-21541","post","type-post","status-publish","format-standard","hentry","category-natur","tag-historia","tag-kartan","tag-lasning"],"_links":{"self":[{"href":"https:\/\/sven-ove.nu\/index.php?rest_route=\/wp\/v2\/posts\/21541","targetHints":{"allow":["GET"]}}],"collection":[{"href":"https:\/\/sven-ove.nu\/index.php?rest_route=\/wp\/v2\/posts"}],"about":[{"href":"https:\/\/sven-ove.nu\/index.php?rest_route=\/wp\/v2\/types\/post"}],"author":[{"embeddable":true,"href":"https:\/\/sven-ove.nu\/index.php?rest_route=\/wp\/v2\/users\/1"}],"replies":[{"embeddable":true,"href":"https:\/\/sven-ove.nu\/index.php?rest_route=%2Fwp%2Fv2%2Fcomments&post=21541"}],"version-history":[{"count":3,"href":"https:\/\/sven-ove.nu\/index.php?rest_route=\/wp\/v2\/posts\/21541\/revisions"}],"predecessor-version":[{"id":21546,"href":"https:\/\/sven-ove.nu\/index.php?rest_route=\/wp\/v2\/posts\/21541\/revisions\/21546"}],"wp:attachment":[{"href":"https:\/\/sven-ove.nu\/index.php?rest_route=%2Fwp%2Fv2%2Fmedia&parent=21541"}],"wp:term":[{"taxonomy":"category","embeddable":true,"href":"https:\/\/sven-ove.nu\/index.php?rest_route=%2Fwp%2Fv2%2Fcategories&post=21541"},{"taxonomy":"post_tag","embeddable":true,"href":"https:\/\/sven-ove.nu\/index.php?rest_route=%2Fwp%2Fv2%2Ftags&post=21541"}],"curies":[{"name":"wp","href":"https:\/\/api.w.org\/{rel}","templated":true}]}}