{"id":21586,"date":"2019-12-14T04:13:53","date_gmt":"2019-12-14T03:13:53","guid":{"rendered":"http:\/\/sven-ove.nu\/?p=21586"},"modified":"2019-12-14T08:53:37","modified_gmt":"2019-12-14T07:53:37","slug":"kranka-pa-vastvarmlandska","status":"publish","type":"post","link":"https:\/\/sven-ove.nu\/?p=21586","title":{"rendered":"Kr\u00e4nka p\u00e5 v\u00e4stv\u00e4rml\u00e4ndska"},"content":{"rendered":"<p>Ibland vill ortnamnen ta makten \u00f6ver tanken. H\u00e4r f\u00f6rs\u00f6ker de ge en bild av v\u00e5rt land h\u00f6sten 2019:<\/p>\n<p>\u00d6ster om Sucka ligger Kr\u00e4nkerud.<br \/>\nFy vad hemskt! kan en tycka. Vilka tider.<\/p>\n<p><strong>Pallens f\u00f6rtj\u00e4nst<br \/>\n<\/strong>Sucka p\u00e5 du, k\u00e4re l\u00e4sare, om du m\u00e5ste. Men t\u00e4nk p\u00e5 att <em>sucka<\/em> betyder s\u00e4nkan i det h\u00e4r fallet och att <em>kr\u00e4nka<\/em> kommer av en trebent pall som kallas s\u00e5 i \u00c5rj\u00e4ngstrakten. Kr\u00e4nkan skulle vi ha sagt p\u00e5 rikssvenska.<\/p>\n<p>Titta noga p\u00e5 kartan. Ser du att Kr\u00e4nkeruds \u00e4gor fortfarande delar sig i tre ben? Ibland vill tanken ta tillbaka makten \u00f6ver spr\u00e5ket.<\/p>\n<p><a href=\"https:\/\/sven-ove.nu\/wp-content\/uploads\/2019\/12\/Kr\u00e4nkerud.jpg\"><img loading=\"lazy\" decoding=\"async\" class=\"size-medium wp-image-21591 alignnone\" src=\"https:\/\/sven-ove.nu\/wp-content\/uploads\/2019\/12\/Kr\u00e4nkerud-298x300.jpg\" alt=\"\" width=\"298\" height=\"300\" srcset=\"https:\/\/sven-ove.nu\/wp-content\/uploads\/2019\/12\/Kr\u00e4nkerud-298x300.jpg 298w, https:\/\/sven-ove.nu\/wp-content\/uploads\/2019\/12\/Kr\u00e4nkerud-150x150.jpg 150w, https:\/\/sven-ove.nu\/wp-content\/uploads\/2019\/12\/Kr\u00e4nkerud.jpg 705w\" sizes=\"auto, (max-width: 298px) 100vw, 298px\" \/><\/a><\/p>\n<p><span style=\"color: #0000ff;\"><a style=\"color: #0000ff;\" href=\"https:\/\/sven-ove.nu\/\">Hem<\/a><\/span>\u00a0|\u00a0<span style=\"color: #0000ff;\"><a style=\"color: #0000ff;\" href=\"https:\/\/sven-ove.nu\/?page_id=170\">Om mig<\/a>\u00a0<\/span>|\u00a0<span style=\"color: #0000ff;\"><a style=\"color: #0000ff;\" href=\"https:\/\/sven-ove.nu\/?page_id=1385\">Skriva &amp; prata<\/a><\/span>\u00a0|\u00a0<span style=\"color: #0000ff;\"><a style=\"color: #0000ff;\" href=\"https:\/\/sven-ove.nu\/?page_id=100\">Politik<\/a><\/span>\u00a0|\u00a0<span style=\"color: #0000ff;\"><a style=\"color: #0000ff;\" href=\"https:\/\/sven-ove.nu\/?page_id=102\">L\u00f6pa<\/a><\/span>\u00a0|\u00a0<span style=\"color: #0000ff;\"><a style=\"color: #0000ff;\" href=\"https:\/\/sven-ove.nu\/?page_id=108\">Viktor Root<\/a><\/span><br \/>\n<em>Inl\u00e4gg nr 2 019. (c) Sven-Ove Svensson (men dela g\u00e4rna)<\/em><\/p>\n","protected":false},"excerpt":{"rendered":"<p>Ibland vill ortnamnen ta makten \u00f6ver tanken. H\u00e4r f\u00f6rs\u00f6ker de ge en bild av v\u00e5rt land h\u00f6sten 2019: \u00d6ster om Sucka ligger Kr\u00e4nkerud. Fy vad hemskt! kan en tycka. Vilka tider. Pallens f\u00f6rtj\u00e4nst Sucka p\u00e5 du, k\u00e4re l\u00e4sare, om du m\u00e5ste. Men t\u00e4nk p\u00e5 att sucka betyder s\u00e4nkan i det h\u00e4r fallet och att kr\u00e4nka &hellip; <a href=\"https:\/\/sven-ove.nu\/?p=21586\" class=\"more-link\">Forts\u00e4tt l\u00e4sa <span class=\"screen-reader-text\">Kr\u00e4nka p\u00e5 v\u00e4stv\u00e4rml\u00e4ndska<\/span><\/a><\/p>\n","protected":false},"author":1,"featured_media":21588,"comment_status":"closed","ping_status":"open","sticky":false,"template":"","format":"standard","meta":{"_crdt_document":"","_monsterinsights_skip_tracking":false,"_monsterinsights_sitenote_active":false,"_monsterinsights_sitenote_note":"","_monsterinsights_sitenote_category":0,"footnotes":""},"categories":[6],"tags":[25,18,14,21,13],"class_list":["post-21586","post","type-post","status-publish","format-standard","has-post-thumbnail","hentry","category-natur","tag-kartan","tag-lardomar","tag-lasning","tag-ord","tag-utrustning"],"_links":{"self":[{"href":"https:\/\/sven-ove.nu\/index.php?rest_route=\/wp\/v2\/posts\/21586","targetHints":{"allow":["GET"]}}],"collection":[{"href":"https:\/\/sven-ove.nu\/index.php?rest_route=\/wp\/v2\/posts"}],"about":[{"href":"https:\/\/sven-ove.nu\/index.php?rest_route=\/wp\/v2\/types\/post"}],"author":[{"embeddable":true,"href":"https:\/\/sven-ove.nu\/index.php?rest_route=\/wp\/v2\/users\/1"}],"replies":[{"embeddable":true,"href":"https:\/\/sven-ove.nu\/index.php?rest_route=%2Fwp%2Fv2%2Fcomments&post=21586"}],"version-history":[{"count":8,"href":"https:\/\/sven-ove.nu\/index.php?rest_route=\/wp\/v2\/posts\/21586\/revisions"}],"predecessor-version":[{"id":21596,"href":"https:\/\/sven-ove.nu\/index.php?rest_route=\/wp\/v2\/posts\/21586\/revisions\/21596"}],"wp:featuredmedia":[{"embeddable":true,"href":"https:\/\/sven-ove.nu\/index.php?rest_route=\/wp\/v2\/media\/21588"}],"wp:attachment":[{"href":"https:\/\/sven-ove.nu\/index.php?rest_route=%2Fwp%2Fv2%2Fmedia&parent=21586"}],"wp:term":[{"taxonomy":"category","embeddable":true,"href":"https:\/\/sven-ove.nu\/index.php?rest_route=%2Fwp%2Fv2%2Fcategories&post=21586"},{"taxonomy":"post_tag","embeddable":true,"href":"https:\/\/sven-ove.nu\/index.php?rest_route=%2Fwp%2Fv2%2Ftags&post=21586"}],"curies":[{"name":"wp","href":"https:\/\/api.w.org\/{rel}","templated":true}]}}