{"id":21656,"date":"2020-01-09T04:37:39","date_gmt":"2020-01-09T03:37:39","guid":{"rendered":"http:\/\/sven-ove.nu\/?p=21656"},"modified":"2020-01-09T06:33:00","modified_gmt":"2020-01-09T05:33:00","slug":"nar-uppochner-blir-alldeles-rattvant","status":"publish","type":"post","link":"https:\/\/sven-ove.nu\/?p=21656","title":{"rendered":"N\u00e4r uppochner blir alldeles r\u00e4tt"},"content":{"rendered":"<blockquote><p>Journalister \u00e4r barnsliga ibland. Lyckligtvis \u00e4r deras l\u00e4sare ocks\u00e5 det. Som \u00c5ke Andersson och hans l\u00e4sare vid \u00e5rsskiftet 1960-1961.<br \/>\nD\u00e5 n\u00e4r han gjorde en genial tidningssida.<\/p><\/blockquote>\n<p>Vissa tidpunkter \u00e4r speciella. Sj\u00e4lv har jag jobbat p\u00e5 SOS klockan 15 n\u00e5gra julaftnar. D\u00e5 h\u00f6ll bus och trafik sig lugna. P\u00e5 ny\u00e5rsafton vid tolvslaget och n\u00e5gra minuter fram\u00e5t var det tv\u00e4rtom. D\u00e5, p\u00e5 1980-talet, var alla telefonlinjer i l\u00e4net s\u00e5 upptagna av glada Gott Nytt \u00c5r-\u00f6nskare, att vi hade sv\u00e5rt att larma ut v\u00e5ra styrkor.<\/p>\n<p><strong>F\u00f6rstasidan given<br \/>\n<\/strong>P\u00e5 tidningen Expressen hade de anst\u00e4llt en f\u00f6rstasidesredigerare som t\u00e4nkte lite extra. N\u00e4r 1960 gick mot sitt slut funderade denne \u00c5ke Andersson \u00f6ver hur han skulle kunna g\u00f6ra n\u00e5got extra av ett normalt sett nyhetsfattigt ny\u00e5rsdygn.<\/p>\n<p><strong>\u201d1961\u201d<\/strong> skrev han p\u00e5 ett skissark och gick f\u00f6r att h\u00e4mta kaffe. N\u00e4r han kom tillbaka till skrivbordet fick han se vad han skrivit p\u00e5 skissen. <strong>&#8221;1961&#8221;<\/strong>. Fr\u00e5n andra h\u00e5llet ocks\u00e5. J\u00e4spalt. Det nya \u00e5ret gick att v\u00e4nda p\u00e5. F\u00f6rstasidan var given.<\/p>\n<p>Expressen hade skrivit ett stycke lekfull svensk tidningshistoria.<\/p>\n<p><a href=\"https:\/\/sven-ove.nu\/wp-content\/uploads\/2020\/01\/Expressen-1961.jpg\"><img loading=\"lazy\" decoding=\"async\" class=\"size-full wp-image-21660 alignnone\" src=\"https:\/\/sven-ove.nu\/wp-content\/uploads\/2020\/01\/Expressen-1961.jpg\" alt=\"\" width=\"314\" height=\"247\" srcset=\"https:\/\/sven-ove.nu\/wp-content\/uploads\/2020\/01\/Expressen-1961.jpg 314w, https:\/\/sven-ove.nu\/wp-content\/uploads\/2020\/01\/Expressen-1961-300x236.jpg 300w\" sizes=\"auto, (max-width: 314px) 100vw, 314px\" \/><\/a><\/p>\n<p><strong>L\u00e4nk: <\/strong><span style=\"color: #3366ff;\"><a style=\"color: #3366ff;\" href=\"https:\/\/www.expressen.se\/nyheter\/sida-upp-och-sida-ner\/\">ber\u00e4ttelsen om \u00c5ke Anderssons snilleblixt<\/a><\/span><\/p>\n<p><span style=\"color: #ff6600;\"><strong><em>###<\/em><\/strong><\/span><em> Detta aprop\u00e5 att en jag k\u00e4nner snart f\u00f6r andra g\u00e5ngen i sitt liv n\u00e5r en tv\u00e5siffrig \u00e5lder som ser likadan ut uppochner.<br \/>\n<\/em><span style=\"color: #ff6600;\"><strong><em>###<\/em><\/strong><\/span><em> Vem och vilken \u00e5lder s\u00e4ger jag inte men vi k\u00e4nner varandra v\u00e4l.<\/em><\/p>\n<p><span style=\"color: #0000ff;\"><a style=\"color: #0000ff;\" href=\"https:\/\/sven-ove.nu\/\">Hem<\/a><\/span>\u00a0|\u00a0<span style=\"color: #0000ff;\"><a style=\"color: #0000ff;\" href=\"https:\/\/sven-ove.nu\/?page_id=170\">Om mig<\/a>\u00a0<\/span>|\u00a0<span style=\"color: #0000ff;\"><a style=\"color: #0000ff;\" href=\"https:\/\/sven-ove.nu\/?page_id=1385\">Skriva &amp; prata<\/a>\u00a0<\/span>|\u00a0<span style=\"color: #0000ff;\"><a style=\"color: #0000ff;\" href=\"https:\/\/sven-ove.nu\/?page_id=100\">Politik<\/a><\/span>\u00a0|\u00a0<span style=\"color: #0000ff;\"><a style=\"color: #0000ff;\" href=\"https:\/\/sven-ove.nu\/?page_id=102\">L\u00f6pa<\/a><\/span>\u00a0|\u00a0<span style=\"color: #0000ff;\"><a style=\"color: #0000ff;\" href=\"https:\/\/sven-ove.nu\/?page_id=108\">Viktor Root<\/a><\/span><br \/>\n<em>Inl\u00e4gg nr 2 026. (c) Sven-Ove Svensson (men dela g\u00e4rna)<\/em><\/p>\n","protected":false},"excerpt":{"rendered":"<p>Journalister \u00e4r barnsliga ibland. Lyckligtvis \u00e4r deras l\u00e4sare ocks\u00e5 det. Som \u00c5ke Andersson och hans l\u00e4sare vid \u00e5rsskiftet 1960-1961. D\u00e5 n\u00e4r han gjorde en genial tidningssida. Vissa tidpunkter \u00e4r speciella. Sj\u00e4lv har jag jobbat p\u00e5 SOS klockan 15 n\u00e5gra julaftnar. D\u00e5 h\u00f6ll bus och trafik sig lugna. P\u00e5 ny\u00e5rsafton vid tolvslaget och n\u00e5gra minuter fram\u00e5t &hellip; <a href=\"https:\/\/sven-ove.nu\/?p=21656\" class=\"more-link\">Forts\u00e4tt l\u00e4sa <span class=\"screen-reader-text\">N\u00e4r uppochner blir alldeles r\u00e4tt<\/span><\/a><\/p>\n","protected":false},"author":1,"featured_media":0,"comment_status":"closed","ping_status":"open","sticky":false,"template":"","format":"standard","meta":{"_crdt_document":"","_monsterinsights_skip_tracking":false,"_monsterinsights_sitenote_active":false,"_monsterinsights_sitenote_note":"","_monsterinsights_sitenote_category":0,"footnotes":""},"categories":[28,4],"tags":[8],"class_list":["post-21656","post","type-post","status-publish","format-standard","hentry","category-kreativt-folk","category-skrivande","tag-historia"],"_links":{"self":[{"href":"https:\/\/sven-ove.nu\/index.php?rest_route=\/wp\/v2\/posts\/21656","targetHints":{"allow":["GET"]}}],"collection":[{"href":"https:\/\/sven-ove.nu\/index.php?rest_route=\/wp\/v2\/posts"}],"about":[{"href":"https:\/\/sven-ove.nu\/index.php?rest_route=\/wp\/v2\/types\/post"}],"author":[{"embeddable":true,"href":"https:\/\/sven-ove.nu\/index.php?rest_route=\/wp\/v2\/users\/1"}],"replies":[{"embeddable":true,"href":"https:\/\/sven-ove.nu\/index.php?rest_route=%2Fwp%2Fv2%2Fcomments&post=21656"}],"version-history":[{"count":10,"href":"https:\/\/sven-ove.nu\/index.php?rest_route=\/wp\/v2\/posts\/21656\/revisions"}],"predecessor-version":[{"id":21667,"href":"https:\/\/sven-ove.nu\/index.php?rest_route=\/wp\/v2\/posts\/21656\/revisions\/21667"}],"wp:attachment":[{"href":"https:\/\/sven-ove.nu\/index.php?rest_route=%2Fwp%2Fv2%2Fmedia&parent=21656"}],"wp:term":[{"taxonomy":"category","embeddable":true,"href":"https:\/\/sven-ove.nu\/index.php?rest_route=%2Fwp%2Fv2%2Fcategories&post=21656"},{"taxonomy":"post_tag","embeddable":true,"href":"https:\/\/sven-ove.nu\/index.php?rest_route=%2Fwp%2Fv2%2Ftags&post=21656"}],"curies":[{"name":"wp","href":"https:\/\/api.w.org\/{rel}","templated":true}]}}