{"id":2166,"date":"2012-05-12T05:00:46","date_gmt":"2012-05-12T04:00:46","guid":{"rendered":"http:\/\/sven-ove.nu\/?p=2166"},"modified":"2012-05-12T06:50:05","modified_gmt":"2012-05-12T05:50:05","slug":"men-va%e2%80%99-blir-da-tva-stycken","status":"publish","type":"post","link":"https:\/\/sven-ove.nu\/?p=2166","title":{"rendered":"Men va\u2019 blir det? Tv\u00e5 stycken?"},"content":{"rendered":"<p>1.<br \/>\nVeckan som gick hade den k\u00e4ra v\u00e4nnen bokat in oss p\u00e5 pensionsr\u00e5dgivningar, tv\u00e5 kv\u00e4llar i rad. Tv\u00e5 stycken? Jag tror det \u00e4r n\u00e5got hon vill ha sagt. Tecknade hon inte en livf\u00f6rs\u00e4kring ocks\u00e5, h\u00e4rom \u00e5ret?<\/p>\n<p>P\u00e5 mig.<\/p>\n<p>Det var inte det f\u00f6rsta jag t\u00e4nkte p\u00e5 i Lindfors Folkets park midsommarafton 1967, n\u00e4r hon fr\u00f6s om h\u00e4nderna.<\/p>\n<p>2.<br \/>\nI 45 \u00e5r har vi v\u00e4rmt varandras sinnen. Tre skratt om dagen, det \u00e4r minimum. Oj\u00e4mnt antal adj\u00f6kyssar p\u00e5 morgonen. Aldrig somna arg, alltid s\u00e4ga f\u00f6rl\u00e5t.<\/p>\n<p>Leka.<br \/>\nBarnasinnet.<\/p>\n<p>D\u00e5 \u00e4r det inte pensionen vi \u00e4r r\u00e4dda f\u00f6r.<\/p>\n<p>&nbsp;<\/p>\n","protected":false},"excerpt":{"rendered":"<p>1. Veckan som gick hade den k\u00e4ra v\u00e4nnen bokat in oss p\u00e5 pensionsr\u00e5dgivningar, tv\u00e5 kv\u00e4llar i rad. Tv\u00e5 stycken? Jag tror det \u00e4r n\u00e5got hon vill ha sagt. Tecknade hon inte en livf\u00f6rs\u00e4kring ocks\u00e5, h\u00e4rom \u00e5ret? P\u00e5 mig. Det var inte det f\u00f6rsta jag t\u00e4nkte p\u00e5 i Lindfors Folkets park midsommarafton 1967, n\u00e4r hon fr\u00f6s &hellip; <a href=\"https:\/\/sven-ove.nu\/?p=2166\" class=\"more-link\">Forts\u00e4tt l\u00e4sa <span class=\"screen-reader-text\">Men va\u2019 blir det? Tv\u00e5 stycken?<\/span><\/a><\/p>\n","protected":false},"author":1,"featured_media":0,"comment_status":"open","ping_status":"open","sticky":false,"template":"","format":"standard","meta":{"_crdt_document":"","_monsterinsights_skip_tracking":false,"_monsterinsights_sitenote_active":false,"_monsterinsights_sitenote_note":"","_monsterinsights_sitenote_category":0,"footnotes":""},"categories":[10],"tags":[24,20],"class_list":["post-2166","post","type-post","status-publish","format-standard","hentry","category-familjen","tag-karlek","tag-rad"],"_links":{"self":[{"href":"https:\/\/sven-ove.nu\/index.php?rest_route=\/wp\/v2\/posts\/2166","targetHints":{"allow":["GET"]}}],"collection":[{"href":"https:\/\/sven-ove.nu\/index.php?rest_route=\/wp\/v2\/posts"}],"about":[{"href":"https:\/\/sven-ove.nu\/index.php?rest_route=\/wp\/v2\/types\/post"}],"author":[{"embeddable":true,"href":"https:\/\/sven-ove.nu\/index.php?rest_route=\/wp\/v2\/users\/1"}],"replies":[{"embeddable":true,"href":"https:\/\/sven-ove.nu\/index.php?rest_route=%2Fwp%2Fv2%2Fcomments&post=2166"}],"version-history":[{"count":5,"href":"https:\/\/sven-ove.nu\/index.php?rest_route=\/wp\/v2\/posts\/2166\/revisions"}],"predecessor-version":[{"id":2172,"href":"https:\/\/sven-ove.nu\/index.php?rest_route=\/wp\/v2\/posts\/2166\/revisions\/2172"}],"wp:attachment":[{"href":"https:\/\/sven-ove.nu\/index.php?rest_route=%2Fwp%2Fv2%2Fmedia&parent=2166"}],"wp:term":[{"taxonomy":"category","embeddable":true,"href":"https:\/\/sven-ove.nu\/index.php?rest_route=%2Fwp%2Fv2%2Fcategories&post=2166"},{"taxonomy":"post_tag","embeddable":true,"href":"https:\/\/sven-ove.nu\/index.php?rest_route=%2Fwp%2Fv2%2Ftags&post=2166"}],"curies":[{"name":"wp","href":"https:\/\/api.w.org\/{rel}","templated":true}]}}