{"id":21669,"date":"2020-01-14T04:17:10","date_gmt":"2020-01-14T03:17:10","guid":{"rendered":"http:\/\/sven-ove.nu\/?p=21669"},"modified":"2020-01-14T10:26:18","modified_gmt":"2020-01-14T09:26:18","slug":"jag-ar-sa-glad-att-ni-finns","status":"publish","type":"post","link":"https:\/\/sven-ove.nu\/?p=21669","title":{"rendered":"Jag \u00e4r s\u00e5 glad att ni finns"},"content":{"rendered":"<p><a href=\"https:\/\/sven-ove.nu\/wp-content\/uploads\/2020\/01\/Vaxholms-fa\u0308stning.jpg\"><img loading=\"lazy\" decoding=\"async\" class=\"size-large wp-image-21671 alignnone\" src=\"https:\/\/sven-ove.nu\/wp-content\/uploads\/2020\/01\/Vaxholms-fa\u0308stning-1024x874.jpg\" alt=\"\" width=\"660\" height=\"563\" srcset=\"https:\/\/sven-ove.nu\/wp-content\/uploads\/2020\/01\/Vaxholms-fa\u0308stning-1024x874.jpg 1024w, https:\/\/sven-ove.nu\/wp-content\/uploads\/2020\/01\/Vaxholms-fa\u0308stning-300x256.jpg 300w, https:\/\/sven-ove.nu\/wp-content\/uploads\/2020\/01\/Vaxholms-fa\u0308stning-768x656.jpg 768w, https:\/\/sven-ove.nu\/wp-content\/uploads\/2020\/01\/Vaxholms-fa\u0308stning.jpg 1280w\" sizes=\"auto, (max-width: 660px) 100vw, 660px\" \/><\/a><\/p>\n<blockquote><p>Jag \u00e4r s\u00e5 glad.<br \/>\nHela tiden blir jag p\u00e5mind.<\/p><\/blockquote>\n<p><strong><span style=\"color: #ff6600;\">S\u00f6ndag f\u00f6rmiddag<\/span><br \/>\n<\/strong>Hotellfrukost i Vaxholm, l\u00e4ser p\u00e5 n\u00e4tet om n\u00e4r f\u00f6rsvaret fick r\u00e4fflade kanonr\u00f6r och provsk\u00f6t mot f\u00e4stningen 1872. Kanonerna vann.<br \/>\nL\u00e4ser information om kastellets Bed &amp; Breakfast som n\u00e5gon lagt ut. Kanske ska vi \u00e5ka hit i sommar?<br \/>\nKlickar mig fram till Vaxholms historia.<\/p>\n<p>Jag \u00e4r s\u00e5 glad.<\/p>\n<p><span style=\"color: #ff6600;\"><strong>M\u00e5ndag morgon<br \/>\n<\/strong><\/span>Hemma. Klickar mig fram till SMHI:s v\u00e4derprognos. Det ska bli mulet och mellan en minusgrad och tv\u00e5 plusgrader och v\u00e4xlande molnighet i dag. Plockar fram den gr\u00e5 tr\u00f6jan.<br \/>\nKlickar mig fram till V\u00e4rmlandstrafiks busstider. Just det, 601:an g\u00e5r 08.41 vid Grossbol. G\u00e5r ner dit, soluppg\u00e5ngen \u00e4r vacker, rimfrost p\u00e5 min v\u00e4rld.<br \/>\nKlickar mig fram till deras realtid och ser bussen f\u00f6rflytta sig p\u00e5 kartan. G\u00f4tt, han sv\u00e4nger in borta vid Kvarntorp nu, i tid.<br \/>\nDiskussionsm\u00f6te med gubbarna, beh\u00f6ver repetera v\u00e4rdel\u00e4ran. Hittar en sida med bra information.<\/p>\n<p>Jag \u00e4r s\u00e5 glad.<\/p>\n<p style=\"padding-left: 40px;\"><a href=\"https:\/\/sven-ove.nu\/wp-content\/uploads\/2020\/01\/SMHI.jpg\"><img loading=\"lazy\" decoding=\"async\" class=\"size-medium wp-image-21673 alignnone\" src=\"https:\/\/sven-ove.nu\/wp-content\/uploads\/2020\/01\/SMHI-236x300.jpg\" alt=\"\" width=\"236\" height=\"300\" srcset=\"https:\/\/sven-ove.nu\/wp-content\/uploads\/2020\/01\/SMHI-236x300.jpg 236w, https:\/\/sven-ove.nu\/wp-content\/uploads\/2020\/01\/SMHI.jpg 714w\" sizes=\"auto, (max-width: 236px) 100vw, 236px\" \/><\/a><\/p>\n<p><strong><span style=\"color: #ff6600;\">M\u00e5ndag lunch<\/span><br \/>\n<\/strong>Ska k\u00f6pa present \u00e5t henne som jag \u00e4lskar. Googlar p\u00e5 var i stan just den saken finns som jag t\u00e4nkt mig. F\u00e5r sex tr\u00e4ffar.<br \/>\nLetar p\u00e5 Hitta efter var en av butikerna finns. Svar: \u00d6stra Torggatan.<\/p>\n<p><strong><span style=\"color: #ff6600;\">M\u00e5ndag kv\u00e4ll<\/span><br \/>\n<\/strong>N\u00e4r spelar Sverige handboll igen? \u00c4r det n\u00e5got bra p\u00e5 tv i kv\u00e4ll? Finns det n\u00e5gon bra stig att springa i morgon p\u00e5 Lantm\u00e4teriets karta? Vad betyder skr\u00e5puk? Vet kyrkb\u00f6ckerna p\u00e5 Riksarkivets webb n\u00e4r mormor var f\u00f6dd d\u00e4r uppe p\u00e5 finnskogen? Kan hon ha tagit t\u00e5get till Karlstad 1905?<\/p>\n<p style=\"padding-left: 40px;\"><span style=\"color: #ff6600;\">***<\/span><\/p>\n<p>Sa jag att jag \u00e4r glad? Hela tiden f\u00e5r jag svar och blir p\u00e5mind. Tack! Jag \u00e4r s\u00e5 glad att ni finns, <strong>kommunikat\u00f6rer<\/strong>. Bra jobbat.<\/p>\n<p>Jas\u00e5 tog mormor antagligen t\u00e5get? Mmm, jag misst\u00e4nkte det.<\/p>\n<p><span style=\"color: #0000ff;\"><a style=\"color: #0000ff;\" href=\"https:\/\/sven-ove.nu\/\">Hem<\/a><\/span>\u00a0|\u00a0<a href=\"https:\/\/sven-ove.nu\/?page_id=170\"><span style=\"color: #0000ff;\">Om mig<\/span><\/a>\u00a0|\u00a0<a href=\"https:\/\/sven-ove.nu\/?page_id=1385\"><span style=\"color: #0000ff;\">Skriva &amp; prata<\/span><\/a>\u00a0|\u00a0<span style=\"color: #0000ff;\"><a style=\"color: #0000ff;\" href=\"https:\/\/sven-ove.nu\/?page_id=100\">Politik<\/a><\/span>\u00a0|\u00a0<span style=\"color: #0000ff;\"><a style=\"color: #0000ff;\" href=\"https:\/\/sven-ove.nu\/?page_id=102\">L\u00f6pa<\/a><\/span>\u00a0|\u00a0<span style=\"color: #0000ff;\"><a style=\"color: #0000ff;\" href=\"https:\/\/sven-ove.nu\/?page_id=108\">Viktor Root<\/a><\/span><br \/>\n<em>Inl\u00e4gg nr 2 027. (c) Sven-Ove Svensson (men dela g\u00e4rna) <\/em><\/p>\n","protected":false},"excerpt":{"rendered":"<p>Jag \u00e4r s\u00e5 glad. Hela tiden blir jag p\u00e5mind. S\u00f6ndag f\u00f6rmiddag Hotellfrukost i Vaxholm, l\u00e4ser p\u00e5 n\u00e4tet om n\u00e4r f\u00f6rsvaret fick r\u00e4fflade kanonr\u00f6r och provsk\u00f6t mot f\u00e4stningen 1872. Kanonerna vann. L\u00e4ser information om kastellets Bed &amp; Breakfast som n\u00e5gon lagt ut. Kanske ska vi \u00e5ka hit i sommar? Klickar mig fram till Vaxholms historia. Jag &hellip; <a href=\"https:\/\/sven-ove.nu\/?p=21669\" class=\"more-link\">Forts\u00e4tt l\u00e4sa <span class=\"screen-reader-text\">Jag \u00e4r s\u00e5 glad att ni finns<\/span><\/a><\/p>\n","protected":false},"author":1,"featured_media":0,"comment_status":"closed","ping_status":"open","sticky":false,"template":"","format":"standard","meta":{"_crdt_document":"","_monsterinsights_skip_tracking":false,"_monsterinsights_sitenote_active":false,"_monsterinsights_sitenote_note":"","_monsterinsights_sitenote_category":0,"footnotes":""},"categories":[28,4],"tags":[3,18],"class_list":["post-21669","post","type-post","status-publish","format-standard","hentry","category-kreativt-folk","category-skrivande","tag-arbete","tag-lardomar"],"_links":{"self":[{"href":"https:\/\/sven-ove.nu\/index.php?rest_route=\/wp\/v2\/posts\/21669","targetHints":{"allow":["GET"]}}],"collection":[{"href":"https:\/\/sven-ove.nu\/index.php?rest_route=\/wp\/v2\/posts"}],"about":[{"href":"https:\/\/sven-ove.nu\/index.php?rest_route=\/wp\/v2\/types\/post"}],"author":[{"embeddable":true,"href":"https:\/\/sven-ove.nu\/index.php?rest_route=\/wp\/v2\/users\/1"}],"replies":[{"embeddable":true,"href":"https:\/\/sven-ove.nu\/index.php?rest_route=%2Fwp%2Fv2%2Fcomments&post=21669"}],"version-history":[{"count":11,"href":"https:\/\/sven-ove.nu\/index.php?rest_route=\/wp\/v2\/posts\/21669\/revisions"}],"predecessor-version":[{"id":21682,"href":"https:\/\/sven-ove.nu\/index.php?rest_route=\/wp\/v2\/posts\/21669\/revisions\/21682"}],"wp:attachment":[{"href":"https:\/\/sven-ove.nu\/index.php?rest_route=%2Fwp%2Fv2%2Fmedia&parent=21669"}],"wp:term":[{"taxonomy":"category","embeddable":true,"href":"https:\/\/sven-ove.nu\/index.php?rest_route=%2Fwp%2Fv2%2Fcategories&post=21669"},{"taxonomy":"post_tag","embeddable":true,"href":"https:\/\/sven-ove.nu\/index.php?rest_route=%2Fwp%2Fv2%2Ftags&post=21669"}],"curies":[{"name":"wp","href":"https:\/\/api.w.org\/{rel}","templated":true}]}}