{"id":21700,"date":"2020-01-19T04:54:25","date_gmt":"2020-01-19T03:54:25","guid":{"rendered":"http:\/\/sven-ove.nu\/?p=21700"},"modified":"2020-01-18T14:55:11","modified_gmt":"2020-01-18T13:55:11","slug":"nar-jag-hade-ornkoll","status":"publish","type":"post","link":"https:\/\/sven-ove.nu\/?p=21700","title":{"rendered":"N\u00e4r jag hade \u00f6rnkoll"},"content":{"rendered":"<p><a href=\"https:\/\/sven-ove.nu\/wp-content\/uploads\/2020\/01\/Havso\u0308rn-von-Wright.jpg\"><img loading=\"lazy\" decoding=\"async\" class=\"size-large wp-image-21702 alignnone\" src=\"https:\/\/sven-ove.nu\/wp-content\/uploads\/2020\/01\/Havso\u0308rn-von-Wright-1024x790.jpg\" alt=\"\" width=\"660\" height=\"509\" srcset=\"https:\/\/sven-ove.nu\/wp-content\/uploads\/2020\/01\/Havso\u0308rn-von-Wright-1024x790.jpg 1024w, https:\/\/sven-ove.nu\/wp-content\/uploads\/2020\/01\/Havso\u0308rn-von-Wright-300x231.jpg 300w, https:\/\/sven-ove.nu\/wp-content\/uploads\/2020\/01\/Havso\u0308rn-von-Wright-768x592.jpg 768w, https:\/\/sven-ove.nu\/wp-content\/uploads\/2020\/01\/Havso\u0308rn-von-Wright.jpg 1280w\" sizes=\"auto, (max-width: 660px) 100vw, 660px\" \/><\/a><\/p>\n<p class=\"p1\" style=\"padding-left: 40px;\"><em>Ferdinand von Wright: Gammal havs\u00f6rn, 1871, Finlands Nationalgalleri.<\/em><\/p>\n<p><strong>Torsdag eftermiddag.<\/strong> Ska till att prova en ny kr\u00e4vande l\u00f6prunda l\u00e4ngs skogsbilv\u00e4gar och stigar med min v\u00e4n M. Banan har han hittat p\u00e5, fr\u00e5n kartan. Jag \u00e4r sliten efter en ivrig gubbpromenad i bergen under f\u00f6rmiddagen och p\u00e5pekar det.<\/p>\n<p>Asch, mumlar han och f\u00f6rs\u00f6ker pigga upp mig.<br \/>\n&#8211; T\u00e4nk dig ett rovdjur! s\u00e4ger han. Vilket v\u00e4ljer du?<br \/>\nJag funderar en stund. H\u00e4r g\u00e4ller det att v\u00e4lja r\u00e4tt inspirat\u00f6r inf\u00f6r de sega uppf\u00f6rsbackar som v\u00e4ntar v\u00e4sterut.<br \/>\n&#8211; Havs\u00f6rn.<\/p>\n<p>Trettiotv\u00e5 minuter senare b\u00e4r det utf\u00f6r ett tag, efter halva rundan p\u00e5 h\u00f6jderna mellan Fryken och Klar\u00e4lven. D\u00e5 kommer pl\u00f6tsligt en gigant lojt glidande \u00f6ver skogskanten 50 meter bort, p\u00e5 v\u00e4g mot sj\u00f6n i nordv\u00e4st.<\/p>\n<p>En havs\u00f6rn!<br \/>\nJag blev sannsp\u00e5dd.<\/p>\n<p>Den f\u00f6rsta jag n\u00e5gonsin sett.<\/p>\n<p><em><strong><span style=\"color: #ff6600;\">###<\/span><\/strong> Efter\u00e5t s\u00f6ker jag i Artportalen p\u00e5 n\u00e4tet.<br \/>\n<\/em><em><span style=\"color: #ff6600;\"><strong>###<\/strong><\/span> Ser att det \u00e4r fler som sett honom p\u00e5 trakten de senaste dagarna.<br \/>\n<\/em><em><strong><span style=\"color: #ff6600;\">###<\/span><\/strong> N\u00e4sta g\u00e5ng ska jag f\u00f6rs\u00f6ka f\u00f6rutsp\u00e5 j\u00e4mlikhet.<\/em><\/p>\n<p><em>Och j\u00e4mst\u00e4lldhet.<\/em><\/p>\n<p><span style=\"color: #0000ff;\"><a style=\"color: #0000ff;\" href=\"https:\/\/sven-ove.nu\/\">Hem<\/a><\/span>\u00a0|\u00a0<span style=\"color: #0000ff;\"><a style=\"color: #0000ff;\" href=\"https:\/\/sven-ove.nu\/?page_id=170\">Om mig<\/a><\/span>\u00a0|\u00a0<a href=\"https:\/\/sven-ove.nu\/?page_id=1385\"><span style=\"color: #0000ff;\">Skriva &amp; prata<\/span><\/a><span style=\"color: #0000ff;\">\u00a0<\/span>|\u00a0<span style=\"color: #0000ff;\"><a style=\"color: #0000ff;\" href=\"https:\/\/sven-ove.nu\/?page_id=100\">Politik<\/a><\/span>\u00a0|\u00a0<span style=\"color: #0000ff;\"><a style=\"color: #0000ff;\" href=\"https:\/\/sven-ove.nu\/?page_id=102\">L\u00f6pa<\/a><\/span>\u00a0|\u00a0<a href=\"https:\/\/sven-ove.nu\/?page_id=108\"><span style=\"color: #0000ff;\">Viktor Root<\/span><\/a><br \/>\n<em>Inl\u00e4gg nr 2 029. (c) Sven-Ove Svensson (men dela g\u00e4rna) <\/em><\/p>\n","protected":false},"excerpt":{"rendered":"<p>Ferdinand von Wright: Gammal havs\u00f6rn, 1871, Finlands Nationalgalleri. Torsdag eftermiddag. Ska till att prova en ny kr\u00e4vande l\u00f6prunda l\u00e4ngs skogsbilv\u00e4gar och stigar med min v\u00e4n M. Banan har han hittat p\u00e5, fr\u00e5n kartan. Jag \u00e4r sliten efter en ivrig gubbpromenad i bergen under f\u00f6rmiddagen och p\u00e5pekar det. Asch, mumlar han och f\u00f6rs\u00f6ker pigga upp mig. &hellip; <a href=\"https:\/\/sven-ove.nu\/?p=21700\" class=\"more-link\">Forts\u00e4tt l\u00e4sa <span class=\"screen-reader-text\">N\u00e4r jag hade \u00f6rnkoll<\/span><\/a><\/p>\n","protected":false},"author":1,"featured_media":0,"comment_status":"closed","ping_status":"open","sticky":false,"template":"","format":"standard","meta":{"_crdt_document":"","_monsterinsights_skip_tracking":false,"_monsterinsights_sitenote_active":false,"_monsterinsights_sitenote_note":"","_monsterinsights_sitenote_category":0,"footnotes":""},"categories":[5,6],"tags":[24,25,7],"class_list":["post-21700","post","type-post","status-publish","format-standard","hentry","category-lopning","category-natur","tag-karlek","tag-kartan","tag-miljo"],"_links":{"self":[{"href":"https:\/\/sven-ove.nu\/index.php?rest_route=\/wp\/v2\/posts\/21700","targetHints":{"allow":["GET"]}}],"collection":[{"href":"https:\/\/sven-ove.nu\/index.php?rest_route=\/wp\/v2\/posts"}],"about":[{"href":"https:\/\/sven-ove.nu\/index.php?rest_route=\/wp\/v2\/types\/post"}],"author":[{"embeddable":true,"href":"https:\/\/sven-ove.nu\/index.php?rest_route=\/wp\/v2\/users\/1"}],"replies":[{"embeddable":true,"href":"https:\/\/sven-ove.nu\/index.php?rest_route=%2Fwp%2Fv2%2Fcomments&post=21700"}],"version-history":[{"count":11,"href":"https:\/\/sven-ove.nu\/index.php?rest_route=\/wp\/v2\/posts\/21700\/revisions"}],"predecessor-version":[{"id":21712,"href":"https:\/\/sven-ove.nu\/index.php?rest_route=\/wp\/v2\/posts\/21700\/revisions\/21712"}],"wp:attachment":[{"href":"https:\/\/sven-ove.nu\/index.php?rest_route=%2Fwp%2Fv2%2Fmedia&parent=21700"}],"wp:term":[{"taxonomy":"category","embeddable":true,"href":"https:\/\/sven-ove.nu\/index.php?rest_route=%2Fwp%2Fv2%2Fcategories&post=21700"},{"taxonomy":"post_tag","embeddable":true,"href":"https:\/\/sven-ove.nu\/index.php?rest_route=%2Fwp%2Fv2%2Ftags&post=21700"}],"curies":[{"name":"wp","href":"https:\/\/api.w.org\/{rel}","templated":true}]}}