{"id":21722,"date":"2020-01-26T04:14:39","date_gmt":"2020-01-26T03:14:39","guid":{"rendered":"http:\/\/sven-ove.nu\/?p=21722"},"modified":"2020-01-25T11:21:29","modified_gmt":"2020-01-25T10:21:29","slug":"karnfull-poesi-med-jordisk-konsekvens","status":"publish","type":"post","link":"https:\/\/sven-ove.nu\/?p=21722","title":{"rendered":"K\u00e4rnfull poesi med jordisk konsekvens"},"content":{"rendered":"<p><a href=\"https:\/\/sven-ove.nu\/wp-content\/uploads\/2020\/01\/So\u0308der-norr.jpg\"><img loading=\"lazy\" decoding=\"async\" class=\"size-large wp-image-21726 alignnone\" src=\"https:\/\/sven-ove.nu\/wp-content\/uploads\/2020\/01\/So\u0308der-norr-1024x784.jpg\" alt=\"\" width=\"660\" height=\"505\" srcset=\"https:\/\/sven-ove.nu\/wp-content\/uploads\/2020\/01\/So\u0308der-norr-1024x784.jpg 1024w, https:\/\/sven-ove.nu\/wp-content\/uploads\/2020\/01\/So\u0308der-norr-300x230.jpg 300w, https:\/\/sven-ove.nu\/wp-content\/uploads\/2020\/01\/So\u0308der-norr-768x588.jpg 768w, https:\/\/sven-ove.nu\/wp-content\/uploads\/2020\/01\/So\u0308der-norr.jpg 1280w\" sizes=\"auto, (max-width: 660px) 100vw, 660px\" \/><\/a><\/p>\n<blockquote><p>Naturligtvis f\u00e5r det konsekvenser n\u00e4r H\u00f6gsta domstolen b\u00f6rjat h\u00e4nvisa till urminnes h\u00e4vd.<br \/>\nJag tycker orden \u00e4r poetiska. K\u00e4rnfullt poetiska, som ur en isl\u00e4ndsk saga eller ur n\u00e5got av Frans G Bengtsson.<\/p><\/blockquote>\n<p><em>Urminnes h\u00e4vd.<\/em> Hur ska staten nu kunna s\u00e4ga att detta bara g\u00e4ller Girjas sameby och inte alla andra samebyar?<\/p>\n<p>Vems \u00e4r egentligen j\u00e4rnet i v\u00e5ra berg och kraften i v\u00e5ra forsar?<\/p>\n<p><strong><span style=\"color: #ff6600;\">N\u00e4r b\u00f6rjar urminnes h\u00e4vd?<\/span><br \/>\n<\/strong>H\u00f6gsta domstolen l\u00e4r inte upph\u00e4va \u00e4gogr\u00e4nser eller sj\u00e4lva \u00e4gandet i sig och \u00e5terg\u00e5 till en tid n\u00e4r alla m\u00e4nniskor var nomader och isen nysm\u00e4lt. Men nog har de satt en sn\u00f6boll i rullning.<\/p>\n<p>Han v\u00e4xer redan. N\u00e4r b\u00f6rjar urminnes h\u00e4vd? N\u00e4r slutar den?<\/p>\n<p>Detta blir vi inte f\u00e4rdiga med i \u00e5r.<\/p>\n<p style=\"padding-left: 40px;\"><span style=\"color: #ff6600;\"><strong>L\u00e4nk<\/strong><\/span>: <span style=\"color: #0000ff;\"><a style=\"color: #0000ff;\" href=\"https:\/\/sven-ove.nu\/?p=21714\">f\u00f6rra inl\u00e4gget, om Girjas sameby och min v\u00e4n vedeldaren<\/a><\/span><\/p>\n<p><span style=\"color: #0000ff;\"><a style=\"color: #0000ff;\" href=\"https:\/\/sven-ove.nu\/\">Hem<\/a><\/span>\u00a0|\u00a0<span style=\"color: #0000ff;\"><a style=\"color: #0000ff;\" href=\"https:\/\/sven-ove.nu\/?page_id=170\">Om mig<\/a>\u00a0<\/span>|\u00a0<span style=\"color: #0000ff;\"><a style=\"color: #0000ff;\" href=\"https:\/\/sven-ove.nu\/?page_id=1385\">Skriva &amp; prata<\/a><\/span>\u00a0|\u00a0<span style=\"color: #0000ff;\"><a style=\"color: #0000ff;\" href=\"https:\/\/sven-ove.nu\/?page_id=100\">Politik<\/a><\/span>\u00a0|\u00a0<span style=\"color: #0000ff;\"><a style=\"color: #0000ff;\" href=\"https:\/\/sven-ove.nu\/?page_id=102\">L\u00f6pa<\/a><\/span>\u00a0|\u00a0<span style=\"color: #0000ff;\"><a style=\"color: #0000ff;\" href=\"https:\/\/sven-ove.nu\/?page_id=108\">Viktor Root<\/a><\/span><br \/>\n<em>Inl\u00e4gg nr 2 031. (c) Sven-Ove Svensson (men dela g\u00e4rna) <\/em><\/p>\n","protected":false},"excerpt":{"rendered":"<p>Naturligtvis f\u00e5r det konsekvenser n\u00e4r H\u00f6gsta domstolen b\u00f6rjat h\u00e4nvisa till urminnes h\u00e4vd. Jag tycker orden \u00e4r poetiska. K\u00e4rnfullt poetiska, som ur en isl\u00e4ndsk saga eller ur n\u00e5got av Frans G Bengtsson. Urminnes h\u00e4vd. Hur ska staten nu kunna s\u00e4ga att detta bara g\u00e4ller Girjas sameby och inte alla andra samebyar? Vems \u00e4r egentligen j\u00e4rnet i &hellip; <a href=\"https:\/\/sven-ove.nu\/?p=21722\" class=\"more-link\">Forts\u00e4tt l\u00e4sa <span class=\"screen-reader-text\">K\u00e4rnfull poesi med jordisk konsekvens<\/span><\/a><\/p>\n","protected":false},"author":1,"featured_media":0,"comment_status":"closed","ping_status":"open","sticky":false,"template":"","format":"standard","meta":{"_crdt_document":"","_monsterinsights_skip_tracking":false,"_monsterinsights_sitenote_active":false,"_monsterinsights_sitenote_note":"","_monsterinsights_sitenote_category":0,"footnotes":""},"categories":[6,9],"tags":[3,8],"class_list":["post-21722","post","type-post","status-publish","format-standard","hentry","category-natur","category-politik","tag-arbete","tag-historia"],"_links":{"self":[{"href":"https:\/\/sven-ove.nu\/index.php?rest_route=\/wp\/v2\/posts\/21722","targetHints":{"allow":["GET"]}}],"collection":[{"href":"https:\/\/sven-ove.nu\/index.php?rest_route=\/wp\/v2\/posts"}],"about":[{"href":"https:\/\/sven-ove.nu\/index.php?rest_route=\/wp\/v2\/types\/post"}],"author":[{"embeddable":true,"href":"https:\/\/sven-ove.nu\/index.php?rest_route=\/wp\/v2\/users\/1"}],"replies":[{"embeddable":true,"href":"https:\/\/sven-ove.nu\/index.php?rest_route=%2Fwp%2Fv2%2Fcomments&post=21722"}],"version-history":[{"count":5,"href":"https:\/\/sven-ove.nu\/index.php?rest_route=\/wp\/v2\/posts\/21722\/revisions"}],"predecessor-version":[{"id":21724,"href":"https:\/\/sven-ove.nu\/index.php?rest_route=\/wp\/v2\/posts\/21722\/revisions\/21724"}],"wp:attachment":[{"href":"https:\/\/sven-ove.nu\/index.php?rest_route=%2Fwp%2Fv2%2Fmedia&parent=21722"}],"wp:term":[{"taxonomy":"category","embeddable":true,"href":"https:\/\/sven-ove.nu\/index.php?rest_route=%2Fwp%2Fv2%2Fcategories&post=21722"},{"taxonomy":"post_tag","embeddable":true,"href":"https:\/\/sven-ove.nu\/index.php?rest_route=%2Fwp%2Fv2%2Ftags&post=21722"}],"curies":[{"name":"wp","href":"https:\/\/api.w.org\/{rel}","templated":true}]}}