{"id":2173,"date":"2012-05-13T05:00:04","date_gmt":"2012-05-13T04:00:04","guid":{"rendered":"http:\/\/sven-ove.nu\/?p=2173"},"modified":"2012-05-20T10:05:59","modified_gmt":"2012-05-20T09:05:59","slug":"var-ligger-det-stallet","status":"publish","type":"post","link":"https:\/\/sven-ove.nu\/?p=2173","title":{"rendered":"Var ligger det st\u00e4llet?"},"content":{"rendered":"<p>\u00c4n en g\u00e5ng g\u00f6r ett v\u00e4rml\u00e4ndskt f\u00f6retag reklam p\u00e5 v\u00e4rml\u00e4ndska med \u00f4-ljud. Fullt till\u00e5tet tycker jag. Tv-reklamen roar mig, r\u00f6sten som rabblar k\u00f4rvar \u00e4r sk\u00f6n.<\/p>\n<p>Men sedan ska det skrivas. D\u00e5 trillar \u00e4ven det h\u00e4r f\u00f6retaget dit och blandar ihop \u00f6na och \u00f4na. Som Stig Berg skulle ha sagt, det \u00e4r skillnad p\u00e5 att vara <strong>t\u00f6lig<\/strong> och <strong>t\u00f4lig<\/strong>. Just den sammanblandningen g\u00f6r de inte men jag hajar till \u00e4nd\u00e5.<\/p>\n<p>\u201dKn\u00f4vvel\u201d kanske folk s\u00e4ger n\u00e5gonstans i provinsen, vad vet jag, \u00e4ven om alla jag k\u00e4nner s\u00e4ger kn\u00f6vvel. Men \u201dpr\u00f4v\u201d?\u00a0Eller \u00e4r det bara jag som sydv\u00e4rml\u00e4nning som har fel? Finns det ett \u201dpr\u00f4v\u201d-st\u00e4lle i V\u00e4rmland, d\u00e4r di \u201dpr\u00f4ver\u201d \u00e5 \u201dpr\u00f4ver\u201d hele dagera?<\/p>\n<p>D\u00e4 s\u00e5 t\u00f6litt \u00e5 inte vete, \u00e5 ja \u00e4 \u00e4nd\u00e5 j\u00e4mt g\u00f4rt\u00f4lig.<\/p>\n<p style=\"padding-left: 30px;\"><em>K\u00f4rvar = korvar. T\u00f6lig = tjatig. T\u00f4lig = t\u00e5lig. Kn\u00f6vvel = klumpig person. J\u00e4mt = bara, alldeles, alltid. Pr\u00f4v = ?<\/em><\/p>\n","protected":false},"excerpt":{"rendered":"<p>\u00c4n en g\u00e5ng g\u00f6r ett v\u00e4rml\u00e4ndskt f\u00f6retag reklam p\u00e5 v\u00e4rml\u00e4ndska med \u00f4-ljud. Fullt till\u00e5tet tycker jag. Tv-reklamen roar mig, r\u00f6sten som rabblar k\u00f4rvar \u00e4r sk\u00f6n. Men sedan ska det skrivas. D\u00e5 trillar \u00e4ven det h\u00e4r f\u00f6retaget dit och blandar ihop \u00f6na och \u00f4na. Som Stig Berg skulle ha sagt, det \u00e4r skillnad p\u00e5 att vara &hellip; <a href=\"https:\/\/sven-ove.nu\/?p=2173\" class=\"more-link\">Forts\u00e4tt l\u00e4sa <span class=\"screen-reader-text\">Var ligger det st\u00e4llet?<\/span><\/a><\/p>\n","protected":false},"author":1,"featured_media":0,"comment_status":"open","ping_status":"open","sticky":false,"template":"","format":"standard","meta":{"_crdt_document":"","_monsterinsights_skip_tracking":false,"_monsterinsights_sitenote_active":false,"_monsterinsights_sitenote_note":"","_monsterinsights_sitenote_category":0,"footnotes":""},"categories":[4],"tags":[],"class_list":["post-2173","post","type-post","status-publish","format-standard","hentry","category-skrivande"],"_links":{"self":[{"href":"https:\/\/sven-ove.nu\/index.php?rest_route=\/wp\/v2\/posts\/2173","targetHints":{"allow":["GET"]}}],"collection":[{"href":"https:\/\/sven-ove.nu\/index.php?rest_route=\/wp\/v2\/posts"}],"about":[{"href":"https:\/\/sven-ove.nu\/index.php?rest_route=\/wp\/v2\/types\/post"}],"author":[{"embeddable":true,"href":"https:\/\/sven-ove.nu\/index.php?rest_route=\/wp\/v2\/users\/1"}],"replies":[{"embeddable":true,"href":"https:\/\/sven-ove.nu\/index.php?rest_route=%2Fwp%2Fv2%2Fcomments&post=2173"}],"version-history":[{"count":5,"href":"https:\/\/sven-ove.nu\/index.php?rest_route=\/wp\/v2\/posts\/2173\/revisions"}],"predecessor-version":[{"id":2244,"href":"https:\/\/sven-ove.nu\/index.php?rest_route=\/wp\/v2\/posts\/2173\/revisions\/2244"}],"wp:attachment":[{"href":"https:\/\/sven-ove.nu\/index.php?rest_route=%2Fwp%2Fv2%2Fmedia&parent=2173"}],"wp:term":[{"taxonomy":"category","embeddable":true,"href":"https:\/\/sven-ove.nu\/index.php?rest_route=%2Fwp%2Fv2%2Fcategories&post=2173"},{"taxonomy":"post_tag","embeddable":true,"href":"https:\/\/sven-ove.nu\/index.php?rest_route=%2Fwp%2Fv2%2Ftags&post=2173"}],"curies":[{"name":"wp","href":"https:\/\/api.w.org\/{rel}","templated":true}]}}