{"id":21745,"date":"2020-01-29T04:03:28","date_gmt":"2020-01-29T03:03:28","guid":{"rendered":"http:\/\/sven-ove.nu\/?p=21745"},"modified":"2020-01-28T19:10:38","modified_gmt":"2020-01-28T18:10:38","slug":"atminstone-da-ra","status":"publish","type":"post","link":"https:\/\/sven-ove.nu\/?p=21745","title":{"rendered":"&#8211; \u00c5tminstone d\u00e4 r\u00e5 &#8230;"},"content":{"rendered":"<p><a href=\"https:\/\/sven-ove.nu\/wp-content\/uploads\/2019\/10\/Finner-ord.jpg\"><img loading=\"lazy\" decoding=\"async\" class=\"size-medium wp-image-21285 alignnone\" src=\"https:\/\/sven-ove.nu\/wp-content\/uploads\/2019\/10\/Finner-ord-300x282.jpg\" alt=\"\" width=\"300\" height=\"282\" srcset=\"https:\/\/sven-ove.nu\/wp-content\/uploads\/2019\/10\/Finner-ord-300x282.jpg 300w, https:\/\/sven-ove.nu\/wp-content\/uploads\/2019\/10\/Finner-ord-768x721.jpg 768w, https:\/\/sven-ove.nu\/wp-content\/uploads\/2019\/10\/Finner-ord-1024x962.jpg 1024w, https:\/\/sven-ove.nu\/wp-content\/uploads\/2019\/10\/Finner-ord.jpg 1280w\" sizes=\"auto, (max-width: 300px) 100vw, 300px\" \/><\/a><\/p>\n<blockquote>\n<p class=\"p1\">V\u00e4nsterpartiet under Jonas Sj\u00f6stedts ledning n\u00e5r h\u00f6gre opinionssiffror \u00e4n p\u00e5 l\u00e4nge. Samtidigt har partiet framg\u00e5ng d\u00e5 det driver v\u00e4lf\u00e4rdsfr\u00e5gorna i riksdagen.<\/p>\n<\/blockquote>\n<p class=\"p1\">N\u00e4r Sj\u00f6stedt ber\u00e4ttar att han t\u00e4nker avg\u00e5 hyllas han \u00e4ven av borgerliga partiledare. S\u00e5 vad tycker d\u00e5 Flamman, den oberoende socialistiska tidningen som st\u00e5r partiet n\u00e4ra?<\/p>\n<p class=\"p1\">Jo vars, sl\u00e4kten \u00e4r v\u00e4rst:<\/p>\n<p class=\"p1\" style=\"padding-left: 40px;\"><i>\u201dOavsett vem som vinner har den nya partiordf\u00f6randen en stabil plattform att st\u00e5 p\u00e5: s\u00e5 h\u00e4r starkt v\u00e4ljarst\u00f6d har V\u00e4nsterpartiet inte haft p\u00e5 l\u00e4nge. \u00c5tminstone av den anledningen kommer v\u00e4nstern minnas Jonas Sj\u00f6stedt med v\u00e4rme.\u201d<\/i><\/p>\n<p class=\"p1\">\u201d\u00c5tminstone\u201d?<br \/>\nDet \u00e4r inte l\u00e4tt att vara profet i egen by.<\/p>\n<p><span style=\"color: #0000ff;\"><a style=\"color: #0000ff;\" href=\"https:\/\/sven-ove.nu\/\">Hem<\/a><\/span>\u00a0|\u00a0<span style=\"color: #0000ff;\"><a style=\"color: #0000ff;\" href=\"https:\/\/sven-ove.nu\/?page_id=170\">Om mig<\/a>\u00a0<\/span>|\u00a0<a href=\"https:\/\/sven-ove.nu\/?page_id=1385\"><span style=\"color: #0000ff;\">Skriva &amp; prata<\/span><\/a>\u00a0|\u00a0<span style=\"color: #0000ff;\"><a style=\"color: #0000ff;\" href=\"https:\/\/sven-ove.nu\/?page_id=100\">Politik<\/a><\/span>\u00a0|\u00a0<span style=\"color: #0000ff;\"><a style=\"color: #0000ff;\" href=\"https:\/\/sven-ove.nu\/?page_id=102\">L\u00f6pa<\/a><\/span>\u00a0|\u00a0<a href=\"https:\/\/sven-ove.nu\/?page_id=108\"><span style=\"color: #0000ff;\">Viktor Root<\/span><\/a><br \/>\n<em>Inl\u00e4gg nr 2 034. (c) Sven-Ove Svensson (men dela g\u00e4rna)<\/em><\/p>\n","protected":false},"excerpt":{"rendered":"<p>V\u00e4nsterpartiet under Jonas Sj\u00f6stedts ledning n\u00e5r h\u00f6gre opinionssiffror \u00e4n p\u00e5 l\u00e4nge. Samtidigt har partiet framg\u00e5ng d\u00e5 det driver v\u00e4lf\u00e4rdsfr\u00e5gorna i riksdagen. N\u00e4r Sj\u00f6stedt ber\u00e4ttar att han t\u00e4nker avg\u00e5 hyllas han \u00e4ven av borgerliga partiledare. S\u00e5 vad tycker d\u00e5 Flamman, den oberoende socialistiska tidningen som st\u00e5r partiet n\u00e4ra? Jo vars, sl\u00e4kten \u00e4r v\u00e4rst: \u201dOavsett vem som &hellip; <a href=\"https:\/\/sven-ove.nu\/?p=21745\" class=\"more-link\">Forts\u00e4tt l\u00e4sa <span class=\"screen-reader-text\">&#8211; \u00c5tminstone d\u00e4 r\u00e5 &#8230;<\/span><\/a><\/p>\n","protected":false},"author":1,"featured_media":0,"comment_status":"closed","ping_status":"open","sticky":false,"template":"","format":"standard","meta":{"_crdt_document":"","_monsterinsights_skip_tracking":false,"_monsterinsights_sitenote_active":false,"_monsterinsights_sitenote_note":"","_monsterinsights_sitenote_category":0,"footnotes":""},"categories":[9],"tags":[21],"class_list":["post-21745","post","type-post","status-publish","format-standard","hentry","category-politik","tag-ord"],"_links":{"self":[{"href":"https:\/\/sven-ove.nu\/index.php?rest_route=\/wp\/v2\/posts\/21745","targetHints":{"allow":["GET"]}}],"collection":[{"href":"https:\/\/sven-ove.nu\/index.php?rest_route=\/wp\/v2\/posts"}],"about":[{"href":"https:\/\/sven-ove.nu\/index.php?rest_route=\/wp\/v2\/types\/post"}],"author":[{"embeddable":true,"href":"https:\/\/sven-ove.nu\/index.php?rest_route=\/wp\/v2\/users\/1"}],"replies":[{"embeddable":true,"href":"https:\/\/sven-ove.nu\/index.php?rest_route=%2Fwp%2Fv2%2Fcomments&post=21745"}],"version-history":[{"count":7,"href":"https:\/\/sven-ove.nu\/index.php?rest_route=\/wp\/v2\/posts\/21745\/revisions"}],"predecessor-version":[{"id":21752,"href":"https:\/\/sven-ove.nu\/index.php?rest_route=\/wp\/v2\/posts\/21745\/revisions\/21752"}],"wp:attachment":[{"href":"https:\/\/sven-ove.nu\/index.php?rest_route=%2Fwp%2Fv2%2Fmedia&parent=21745"}],"wp:term":[{"taxonomy":"category","embeddable":true,"href":"https:\/\/sven-ove.nu\/index.php?rest_route=%2Fwp%2Fv2%2Fcategories&post=21745"},{"taxonomy":"post_tag","embeddable":true,"href":"https:\/\/sven-ove.nu\/index.php?rest_route=%2Fwp%2Fv2%2Ftags&post=21745"}],"curies":[{"name":"wp","href":"https:\/\/api.w.org\/{rel}","templated":true}]}}