{"id":21783,"date":"2020-02-05T04:46:06","date_gmt":"2020-02-05T03:46:06","guid":{"rendered":"http:\/\/sven-ove.nu\/?p=21783"},"modified":"2020-02-04T12:08:34","modified_gmt":"2020-02-04T11:08:34","slug":"nar-1879-knackar-pa-i-kasernen","status":"publish","type":"post","link":"https:\/\/sven-ove.nu\/?p=21783","title":{"rendered":"N\u00e4r 1879 knackar p\u00e5 i kasernen"},"content":{"rendered":"<p><a href=\"https:\/\/sven-ove.nu\/wp-content\/uploads\/2020\/02\/Sa\u030agverksungen.jpg\"><img loading=\"lazy\" decoding=\"async\" class=\"size-large wp-image-21784 alignnone\" src=\"https:\/\/sven-ove.nu\/wp-content\/uploads\/2020\/02\/Sa\u030agverksungen-853x1024.jpg\" alt=\"\" width=\"660\" height=\"792\" srcset=\"https:\/\/sven-ove.nu\/wp-content\/uploads\/2020\/02\/Sa\u030agverksungen-853x1024.jpg 853w, https:\/\/sven-ove.nu\/wp-content\/uploads\/2020\/02\/Sa\u030agverksungen-250x300.jpg 250w, https:\/\/sven-ove.nu\/wp-content\/uploads\/2020\/02\/Sa\u030agverksungen-768x922.jpg 768w, https:\/\/sven-ove.nu\/wp-content\/uploads\/2020\/02\/Sa\u030agverksungen.jpg 1066w\" sizes=\"auto, (max-width: 660px) 100vw, 660px\" \/><\/a><\/p>\n<blockquote><p>L\u00e4ser romanen S\u00e5gverksungen av Vibeke Olsson. Den \u00e4r bra, hon kan sin s\u00e5gverksmilj\u00f6. Stabbl\u00e4ggning, kantning, sm\u00f6rg\u00e5sraster, basar med bra eller d\u00e5lig m\u00e4nniskosyn, slitna kroppar, doft av nys\u00e5gat virke. Allt k\u00e4nns r\u00e4tt.<\/p><\/blockquote>\n<p>Sundsvall vimlar av \u00e5ngs\u00e5gar och patronerna firar fina dagar medan arbetarna f\u00e5r l\u00f6nen s\u00e4nkt och inte har r\u00e5d med mj\u00f6lk.<\/p>\n<p>Huvudpersonen Bricken \u00e4r ett av fyra barn. Hennes tre syskon har d\u00f6tt. N\u00e4r Frida den ammande modern svalt sinade br\u00f6stmj\u00f6lken och sp\u00e4dbarnen dog.<\/p>\n<p><strong><span style=\"color: #ff6600;\">Kallar in soldater<\/span><br \/>\n<\/strong>Just nu har jag kommit till slutet av strejken de startar. Sundsvallsstrejken, den st\u00f6rsta dittills i den framv\u00e4xande tr\u00e4industrin. N\u00e5, de f\u00f6rlorar. Landsh\u00f6vding Curry Treffenberg (begravd p\u00e5 \u00d6stra kyrkog\u00e5rden i Karlstad) kallar in soldater och kanonb\u00e5tar.<\/p>\n<p>Arbetarna blir tvingade tillbaka. Hemma hos Bricken tvingas de ta emot en inackordering i sitt rum i arbetarkasernen. Han g\u00f6r sig en hemmasnickrad s\u00e4ng med hyvelsp\u00e5n till madrass.<\/p>\n<p>Klyftor mellan m\u00e4nniskor, somliga \u00e4r mindre v\u00e4rda. Alla ska inte f\u00e5 stor sten p\u00e5 kyrkog\u00e5rd och egen gata i Karlstad.<\/p>\n<p><strong><span style=\"color: #ff6600;\">15 pers p\u00e5 30 kvadrat<\/span><br \/>\n<\/strong>D\u00e5 faller mina \u00f6gon p\u00e5 en f\u00e4rsk nyhetsartikel, drygt 140 \u00e5r senare.<\/p>\n<p><em>\u201d15 personer bodde tillsammans i en l\u00e4genhet p\u00e5 30 kvadratmeter. Nu utreder Sandvikenhus 30 fall av olaglig l\u00e4genhetsuthyrning.<\/em><\/p>\n<p><em>F\u00f6r att f\u00e5 en bostad i Sandviken beh\u00f6ver man k\u00f6a i minst tre \u00e5r. Att hyra madrassplats eller att bo hos en kompis \u00e4r n\u00e5gra av de alternativ som blir verklighet f\u00f6r m\u00e5nga n\u00e4r de inte hittar boende.<\/em><\/p>\n<p><em>&#8211; Det \u00e4r mycket mycket sv\u00e5rt, s\u00e4ger Mosa, som tidigare har bott p\u00e5 en madrassplats tillsammans med tre andra familjer under ungef\u00e4r ett och ett halvt \u00e5r.\u201d<\/em><\/p>\n<p style=\"padding-left: 40px;\"><span style=\"color: #ff6600;\"><strong>***<\/strong><\/span><\/p>\n<p>V\u00e5rt land skriver historia. Den k\u00e4nns bekant.<br \/>\nDen \u00e4r inte smickrande i \u00e5r heller.<\/p>\n<p><span style=\"color: #ff6600;\"><strong><em>###<\/em><\/strong><\/span><em> Romanen S\u00e5gverksungen av Vibeke Olsson l\u00e5nar jag p\u00e5 mitt bibliotek.<br \/>\n<\/em><span style=\"color: #ff6600;\"><strong><em>###<\/em><\/strong><\/span><em> Den \u00e4r flitigt utl\u00e5nad och rej\u00e4lt sliten.<br \/>\n<\/em><span style=\"color: #ff6600;\"><strong><em>###<\/em><\/strong><\/span><em> \u00c4n finns det hopp.<\/em><\/p>\n<p><span style=\"color: #0000ff;\"><a style=\"color: #0000ff;\" href=\"https:\/\/sven-ove.nu\/\">Hem<\/a><\/span>\u00a0|\u00a0<span style=\"color: #0000ff;\"><a style=\"color: #0000ff;\" href=\"https:\/\/sven-ove.nu\/?page_id=170\">Om mig<\/a><\/span>\u00a0|\u00a0<span style=\"color: #0000ff;\"><a style=\"color: #0000ff;\" href=\"https:\/\/sven-ove.nu\/?page_id=1385\">Skriva &amp; prata<\/a><\/span>\u00a0|\u00a0<span style=\"color: #0000ff;\"><a style=\"color: #0000ff;\" href=\"https:\/\/sven-ove.nu\/?page_id=100\">Politik<\/a><\/span>\u00a0|\u00a0<span style=\"color: #0000ff;\"><a style=\"color: #0000ff;\" href=\"https:\/\/sven-ove.nu\/?page_id=102\">L\u00f6pa<\/a><\/span>\u00a0|\u00a0<a href=\"https:\/\/sven-ove.nu\/?page_id=108\"><span style=\"color: #0000ff;\">Viktor Root<\/span><\/a><br \/>\n<em>Inl\u00e4gg nr 2 036. (c) Sven-Ove Svensson (men dela g\u00e4rna)<\/em><\/p>\n","protected":false},"excerpt":{"rendered":"<p>L\u00e4ser romanen S\u00e5gverksungen av Vibeke Olsson. Den \u00e4r bra, hon kan sin s\u00e5gverksmilj\u00f6. Stabbl\u00e4ggning, kantning, sm\u00f6rg\u00e5sraster, basar med bra eller d\u00e5lig m\u00e4nniskosyn, slitna kroppar, doft av nys\u00e5gat virke. Allt k\u00e4nns r\u00e4tt. Sundsvall vimlar av \u00e5ngs\u00e5gar och patronerna firar fina dagar medan arbetarna f\u00e5r l\u00f6nen s\u00e4nkt och inte har r\u00e5d med mj\u00f6lk. Huvudpersonen Bricken \u00e4r ett &hellip; <a href=\"https:\/\/sven-ove.nu\/?p=21783\" class=\"more-link\">Forts\u00e4tt l\u00e4sa <span class=\"screen-reader-text\">N\u00e4r 1879 knackar p\u00e5 i kasernen<\/span><\/a><\/p>\n","protected":false},"author":1,"featured_media":0,"comment_status":"closed","ping_status":"open","sticky":false,"template":"","format":"standard","meta":{"_crdt_document":"","_monsterinsights_skip_tracking":false,"_monsterinsights_sitenote_active":false,"_monsterinsights_sitenote_note":"","_monsterinsights_sitenote_category":0,"footnotes":""},"categories":[9],"tags":[3,8,24,18,14,17],"class_list":["post-21783","post","type-post","status-publish","format-standard","hentry","category-politik","tag-arbete","tag-historia","tag-karlek","tag-lardomar","tag-lasning","tag-solidaritet"],"_links":{"self":[{"href":"https:\/\/sven-ove.nu\/index.php?rest_route=\/wp\/v2\/posts\/21783","targetHints":{"allow":["GET"]}}],"collection":[{"href":"https:\/\/sven-ove.nu\/index.php?rest_route=\/wp\/v2\/posts"}],"about":[{"href":"https:\/\/sven-ove.nu\/index.php?rest_route=\/wp\/v2\/types\/post"}],"author":[{"embeddable":true,"href":"https:\/\/sven-ove.nu\/index.php?rest_route=\/wp\/v2\/users\/1"}],"replies":[{"embeddable":true,"href":"https:\/\/sven-ove.nu\/index.php?rest_route=%2Fwp%2Fv2%2Fcomments&post=21783"}],"version-history":[{"count":2,"href":"https:\/\/sven-ove.nu\/index.php?rest_route=\/wp\/v2\/posts\/21783\/revisions"}],"predecessor-version":[{"id":21786,"href":"https:\/\/sven-ove.nu\/index.php?rest_route=\/wp\/v2\/posts\/21783\/revisions\/21786"}],"wp:attachment":[{"href":"https:\/\/sven-ove.nu\/index.php?rest_route=%2Fwp%2Fv2%2Fmedia&parent=21783"}],"wp:term":[{"taxonomy":"category","embeddable":true,"href":"https:\/\/sven-ove.nu\/index.php?rest_route=%2Fwp%2Fv2%2Fcategories&post=21783"},{"taxonomy":"post_tag","embeddable":true,"href":"https:\/\/sven-ove.nu\/index.php?rest_route=%2Fwp%2Fv2%2Ftags&post=21783"}],"curies":[{"name":"wp","href":"https:\/\/api.w.org\/{rel}","templated":true}]}}