{"id":21848,"date":"2020-03-02T04:47:03","date_gmt":"2020-03-02T03:47:03","guid":{"rendered":"http:\/\/sven-ove.nu\/?p=21848"},"modified":"2020-03-01T19:53:30","modified_gmt":"2020-03-01T18:53:30","slug":"21848","status":"publish","type":"post","link":"https:\/\/sven-ove.nu\/?p=21848","title":{"rendered":"Svaret n\u00e4r jag tror att jag \u00e4r L\u00f6par-Jesus"},"content":{"rendered":"<p><a href=\"https:\/\/sven-ove.nu\/wp-content\/uploads\/2020\/03\/Tra\u0308ningstro\u0308jan.jpg\"><img loading=\"lazy\" decoding=\"async\" class=\"size-large wp-image-21849 alignnone\" src=\"https:\/\/sven-ove.nu\/wp-content\/uploads\/2020\/03\/Tra\u0308ningstro\u0308jan-1024x552.jpg\" alt=\"\" width=\"660\" height=\"356\" srcset=\"https:\/\/sven-ove.nu\/wp-content\/uploads\/2020\/03\/Tra\u0308ningstro\u0308jan-1024x552.jpg 1024w, https:\/\/sven-ove.nu\/wp-content\/uploads\/2020\/03\/Tra\u0308ningstro\u0308jan-300x162.jpg 300w, https:\/\/sven-ove.nu\/wp-content\/uploads\/2020\/03\/Tra\u0308ningstro\u0308jan-768x414.jpg 768w, https:\/\/sven-ove.nu\/wp-content\/uploads\/2020\/03\/Tra\u0308ningstro\u0308jan.jpg 1280w\" sizes=\"auto, (max-width: 660px) 100vw, 660px\" \/><\/a><\/p>\n<blockquote><p>Varje g\u00e5ng jag tror att jag \u00e4r Jesus s\u00e5 sl\u00e5r det tillbaka.<\/p><\/blockquote>\n<p><strong><em>22 februari<br \/>\n<\/em><\/strong><em>L\u00e4tt rehabrunda efter skada. Nu g\u00e4ller det att h\u00e5lla igen.<\/em><\/p>\n<p><strong><em>1 mars<br \/>\n<\/em><\/strong><em>Sn\u00f6puls runt \u00e4ngen, springer 90 sekunder, g\u00e5r 60, springer 90&#8230; Gr\u00e4set \u00e4r mjukt, sn\u00f6n ovanp\u00e5 likas\u00e5. F\u00f6rs\u00f6ker h\u00e5lla igen.<\/em><\/p>\n<p>Jag har varit \u00f6vermodig. Varf\u00f6r kan jag aldrig l\u00e4ra mig? Det \u00e4r ju s\u00e5 enkelt:<br \/>\n&#8211; Varje g\u00e5ng jag tror att jag \u00e4r Jesus s\u00e5 sl\u00e5r det tillbaka. Du f\u00e5r tolka mig bildligt nu k\u00e4re l\u00e4sare, men det st\u00e4mmer.<\/p>\n<p><strong><span style=\"color: #ff6600;\">N\u00e4r jag upptr\u00e4der inf\u00f6r publik:<\/span><br \/>\n<\/strong>N\u00e5gra uppl\u00e4sningar g\u00e5r v\u00e4ldigt bra, publiken \u00e4lskar varje ord, sk\u00e4mt och gest jag hittar p\u00e5. D\u00e5 blir jag f\u00f6r s\u00e4ker till n\u00e4sta g\u00e5ng. Varp\u00e5 inget fungerar.<\/p>\n<p><strong><span style=\"color: #ff6600;\">N\u00e4r jag leder skrivarkurs:<\/span><br \/>\n<\/strong>Grupp efter grupp utvecklas. Modet v\u00e4xer, snart v\u00e5gar de l\u00e4sa h\u00f6gt f\u00f6r varandra, ber\u00e4tta barndomsminnen s\u00e5 vi vrider oss av skratt och g\u00e5 till kommunen och be att f\u00e5 se dagens post. D\u00e5 blir jag f\u00f6r sj\u00e4lvs\u00e4ker igen och backslaget kommer. N\u00e4sta kurs fungerar ingenting.<\/p>\n<p><strong><span style=\"color: #ff6600;\">N\u00e4r jag tr\u00e4nar vinterl\u00f6pning, snart fyllda 69:<\/span><br \/>\n<\/strong>Det g\u00e5r bra vecka efter vecka, visserligen ingen \u00e4lskad sn\u00f6 men skogen \u00e4r bl\u00f6t och fin. Snart springer jag oftare \u00e4n p\u00e5 l\u00e4nge, november g\u00e5r, december med. Vinterl\u00f6pning! L\u00f6psteget \u00e4r muntert och sinnet snabbt, ibland \u00e4r det tv\u00e4rtom till och med. Nu du gubbe \u00e4r du p\u00e5 g\u00e5ng. H\u00e4r ser ni en 68 plus-g\u00f4bbe som inte g\u00e5r av f\u00f6r hackor.<\/p>\n<p>D\u00e5 g\u00f6r jag det.<br \/>\nNaturligtvis.<br \/>\nJag g\u00e5r av.<\/p>\n<p><strong>Min flitige v\u00e4n<br \/>\n<\/strong>Titta p\u00e5 bilden \u00f6verst. Det \u00e4r min flitigaste tr\u00e4ningskompis vintertid. En gammal \u00e4lskad tr\u00f6ja fr\u00e5n 1983. Hon har sett mig springa i lera, p\u00e5 skare, i djup l\u00f6ssn\u00f6, \u00f6ver lingonris, mosse, stock och sten, l\u00e4ngs grusv\u00e4g, asfalt, skogsstig och elljussp\u00e5r.<\/p>\n<p>En g\u00e5ng i tiden orkade hon l\u00e4ngre och fortare, nu vill hon hem tidigare. D\u00e5 brukar jag f\u00f6lja med. En f\u00e5r ta h\u00e4nsyn till de gamle, hon \u00e4r \u00e4nd\u00e5 snart 37. Fast kan du t\u00e4nka dig, i vinter har vi orkat l\u00e4ngre \u00e4n p\u00e5 l\u00e4nge.<\/p>\n<p><strong>Sk\u00f6nt tr\u00f6tt, ingen \u00e5terh\u00e4mtning<br \/>\n<\/strong>S\u00e5 kommer den d\u00e4r torsdagen d\u00e5 vi g\u00e5r i Dejebergen med vandrargruppen. Inget s\u00e4rskilt med det, vi vandrar och babblar, lyssnar p\u00e5 f\u00e5glar och fikar, precis som vi brukar. Bergen i Deje \u00e4r h\u00f6gre och brantare nu \u00e4n f\u00f6rr i tiden s\u00e5 jag blir tr\u00f6tt.<\/p>\n<p>Sk\u00f6nt tr\u00f6tt.<\/p>\n<p>P\u00e5 eftermiddagen har jag lovat f\u00f6lja med en yngling 60+ p\u00e5 en ny l\u00f6prunda han hittat p\u00e5. H\u00f6jdkurvor p\u00e5 tv\u00e4ren h\u00e4r med, visar det sig. Skogsbilv\u00e4gsbacke efter skogsbilv\u00e4gsbacke, l\u00f6jligt l\u00e5nga uppf\u00f6rslut i skogarna nordv\u00e4st om oss. Mitt p\u00e5 rundan f\u00e5r vi saxa \u00f6ver gallrad bj\u00f6rksly och studsa \u00f6ver lingonris och sten i tio minuter. Man \u00e4r v\u00e4l orienterare.<\/p>\n<p><strong>Rej\u00e4l inre bl\u00f6dning<br \/>\n<\/strong>Sedan ser vi havs\u00f6rnen, det \u00e4r min och tr\u00f6jans allra f\u00f6rsta. Inte t\u00e4nker en p\u00e5 tr\u00f6tthet d\u00e5, n\u00e4r en tror att en \u00e4r om inte \u00f6rn s\u00e5 i varje fall Jesus.<\/p>\n<p>Det \u00e4r jag inte.<br \/>\nAllting \u00e4r inte m\u00f6jligt, inte riktigt allt.<br \/>\nN\u00e4r jag kommer hem \u00e4r v\u00e4nstervaden bl\u00e5r\u00f6d nertill. Muskelbristning med blodutgjutning.<\/p>\n<p style=\"padding-left: 40px;\"><span style=\"color: #ff6600;\"><strong>***<\/strong><\/span><\/p>\n<p>Jag har g\u00e5tt av.<br \/>\nNu g\u00e4ller det att h\u00e5lla igen, k\u00e4ra gamla tr\u00f6ja.<br \/>\nHur g\u00f6r en?<\/p>\n<p><span style=\"color: #0000ff;\"><a style=\"color: #0000ff;\" href=\"https:\/\/sven-ove.nu\/\">Hem<\/a><\/span>\u00a0|\u00a0<span style=\"color: #0000ff;\"><a style=\"color: #0000ff;\" href=\"https:\/\/sven-ove.nu\/?page_id=170\">Om mig<\/a><\/span>\u00a0| <span style=\"color: #0000ff;\"><a style=\"color: #0000ff;\" href=\"https:\/\/sven-ove.nu\/?page_id=102\">L\u00f6pa<\/a><\/span><br \/>\n<em>Inl\u00e4gg nr 2 043. (c) Sven-Ove Svensson (men dela g\u00e4rna) <\/em><\/p>\n","protected":false},"excerpt":{"rendered":"<p>Varje g\u00e5ng jag tror att jag \u00e4r Jesus s\u00e5 sl\u00e5r det tillbaka. 22 februari L\u00e4tt rehabrunda efter skada. Nu g\u00e4ller det att h\u00e5lla igen. 1 mars Sn\u00f6puls runt \u00e4ngen, springer 90 sekunder, g\u00e5r 60, springer 90&#8230; Gr\u00e4set \u00e4r mjukt, sn\u00f6n ovanp\u00e5 likas\u00e5. F\u00f6rs\u00f6ker h\u00e5lla igen. Jag har varit \u00f6vermodig. Varf\u00f6r kan jag aldrig l\u00e4ra mig? &hellip; <a href=\"https:\/\/sven-ove.nu\/?p=21848\" class=\"more-link\">Forts\u00e4tt l\u00e4sa <span class=\"screen-reader-text\">Svaret n\u00e4r jag tror att jag \u00e4r L\u00f6par-Jesus<\/span><\/a><\/p>\n","protected":false},"author":1,"featured_media":0,"comment_status":"closed","ping_status":"open","sticky":false,"template":"","format":"standard","meta":{"_crdt_document":"","_monsterinsights_skip_tracking":false,"_monsterinsights_sitenote_active":false,"_monsterinsights_sitenote_note":"","_monsterinsights_sitenote_category":0,"footnotes":""},"categories":[5],"tags":[24,18,13],"class_list":["post-21848","post","type-post","status-publish","format-standard","hentry","category-lopning","tag-karlek","tag-lardomar","tag-utrustning"],"_links":{"self":[{"href":"https:\/\/sven-ove.nu\/index.php?rest_route=\/wp\/v2\/posts\/21848","targetHints":{"allow":["GET"]}}],"collection":[{"href":"https:\/\/sven-ove.nu\/index.php?rest_route=\/wp\/v2\/posts"}],"about":[{"href":"https:\/\/sven-ove.nu\/index.php?rest_route=\/wp\/v2\/types\/post"}],"author":[{"embeddable":true,"href":"https:\/\/sven-ove.nu\/index.php?rest_route=\/wp\/v2\/users\/1"}],"replies":[{"embeddable":true,"href":"https:\/\/sven-ove.nu\/index.php?rest_route=%2Fwp%2Fv2%2Fcomments&post=21848"}],"version-history":[{"count":5,"href":"https:\/\/sven-ove.nu\/index.php?rest_route=\/wp\/v2\/posts\/21848\/revisions"}],"predecessor-version":[{"id":21854,"href":"https:\/\/sven-ove.nu\/index.php?rest_route=\/wp\/v2\/posts\/21848\/revisions\/21854"}],"wp:attachment":[{"href":"https:\/\/sven-ove.nu\/index.php?rest_route=%2Fwp%2Fv2%2Fmedia&parent=21848"}],"wp:term":[{"taxonomy":"category","embeddable":true,"href":"https:\/\/sven-ove.nu\/index.php?rest_route=%2Fwp%2Fv2%2Fcategories&post=21848"},{"taxonomy":"post_tag","embeddable":true,"href":"https:\/\/sven-ove.nu\/index.php?rest_route=%2Fwp%2Fv2%2Ftags&post=21848"}],"curies":[{"name":"wp","href":"https:\/\/api.w.org\/{rel}","templated":true}]}}