{"id":21870,"date":"2020-03-07T04:36:30","date_gmt":"2020-03-07T03:36:30","guid":{"rendered":"http:\/\/sven-ove.nu\/?p=21870"},"modified":"2020-03-07T06:44:42","modified_gmt":"2020-03-07T05:44:42","slug":"21870","status":"publish","type":"post","link":"https:\/\/sven-ove.nu\/?p=21870","title":{"rendered":"Jag l\u00e4ngtar efter en Lottie Knutson"},"content":{"rendered":"<p><a href=\"https:\/\/sven-ove.nu\/wp-content\/uploads\/2020\/03\/Lottie-Knutson.jpg\"><img loading=\"lazy\" decoding=\"async\" class=\"size-medium wp-image-21872 alignnone\" src=\"https:\/\/sven-ove.nu\/wp-content\/uploads\/2020\/03\/Lottie-Knutson-300x227.jpg\" alt=\"\" width=\"300\" height=\"227\" srcset=\"https:\/\/sven-ove.nu\/wp-content\/uploads\/2020\/03\/Lottie-Knutson-300x227.jpg 300w, https:\/\/sven-ove.nu\/wp-content\/uploads\/2020\/03\/Lottie-Knutson.jpg 413w\" sizes=\"auto, (max-width: 300px) 100vw, 300px\" \/><\/a><\/p>\n<blockquote><p>Jag vet inte om du har t\u00e4nkt p\u00e5 det, men vid stora kriser \u00e4r det tv\u00e5 sorters talespersoner som kan dyka upp i tv-rutan. En av dom.<br \/>\nDen ena sorten tr\u00f6star oss. Den andra icke.<\/p><\/blockquote>\n<p>Det \u00e4r som om tillvaron drar lott om vem det blir. Varannan g\u00e5ng g\u00e5r det illa. Den som ska tr\u00f6sta oss ska helst b\u00e4ra tr\u00f6ja eller lugn dialekt.<\/p>\n<p>I \u00e5r har vi ingen tr\u00f6stare. Det har inte klivit fram n\u00e5gon \u00e4n.<\/p>\n<p><strong>D\u00e5lig kommunikation<br \/>\n<\/strong>Jag t\u00e4nker inte n\u00e4mna n\u00e5gra namn. Du f\u00e5r kn\u00e4ppa p\u00e5 din tv sj\u00e4lv och g\u00f6ra din egen bed\u00f6mning. Sj\u00e4lv ser jag bara hesa hummande talesm\u00e4n som harklar sig, hostar, ser nerv\u00f6sa ut och stakar sig, vart jag \u00e4n tittar.<\/p>\n<p>Jag vill g\u00e4rna tro att det ska g\u00e5 bra \u00e4nd\u00e5 med coronaepidemin. S\u00e5 bra det nu kan g\u00e5. Ni som tycker att v\u00e4rldssv\u00e4lten \u00e4r v\u00e4rre har naturligtvis r\u00e4tt. N\u00e4r detta skrivs \u00e4r det tio g\u00e5nger fler som d\u00f6r i fallolyckor i Sverige, \u00e4n som ens <em>smittats<\/em> av corona. Det \u00e4r bara tr\u00f6sten i tv-rutan det g\u00e5tt riktigt illa med, hittills.<\/p>\n<p>Nu citerar jag mig sj\u00e4lv, fr\u00e5n en kr\u00f6nika i n\u00e5got som hette Skyddsn\u00e4tet, en g\u00e5ng i tiden:<\/p>\n<p style=\"padding-left: 40px;\"><strong>V\u00e5rt behov av tr\u00f6st<br \/>\n<\/strong>V\u00e5rt behov av tr\u00f6st \u00e4r om\u00e4ttligt, skrev f\u00f6rfattaren Stig Dagerman.<\/p>\n<p style=\"padding-left: 40px;\">Det \u00e4r inte sant. Ibland gifter du dig eller vinner tipspromenaden p\u00e5 firmafesten eller segrar i en folkomr\u00f6stning. D\u00e5 \u00e4r det bortkastat med tr\u00f6st, sjung m\u00e4nniska, dansa och le! Vem vill ha tr\u00f6st n\u00e4r det \u00e4r stolpe in? Hur var det finnen sa under l\u00e5nga natten p\u00e5 Tiomila? \u201dF\u00f6lj mig, jak g\u00e5r bra i dak\u201d.<\/p>\n<p style=\"padding-left: 40px;\">Kommen hit i min sorgl\u00f6sa fundering efter ett muntert m\u00f6te med orienteringsklubben s\u00e4tter jag p\u00e5 text-tv. \u201dExtras\u00e4ndning med anledning av \u00f6verfallet p\u00e5 Anna Lindh\u201d, blinkar sk\u00e4rmen. Extra extra. Utrikesministern skuren i armen p\u00e5 NK:s varuhus.<\/p>\n<p style=\"padding-left: 40px;\">Resten vet du. Du vet var du befann dig n\u00e4r du fick beskedet, du vet hur du reagerade, du minns alla dessa timmar framf\u00f6r nyhetsuppl\u00e4sare och flimrande textremsor. Det var inte bara armen p\u00e5 ministern, det var levern och \u00e5drorna och&#8230;<\/p>\n<p style=\"padding-left: 40px;\">Pl\u00f6tsligt har Stig Dagerman mer r\u00e4tt \u00e4n n\u00e5gonsin. Ett helt land, ett helt folk stelnar till strax innan vi ska g\u00e5 till valurnorna f\u00f6r att r\u00f6sta om europaslanten.<\/p>\n<p style=\"padding-left: 40px;\">Som en folksaga \u00e4r hela historien. En svart ber\u00e4ttelse om hur T\u00f6rnrosa ligger p\u00e5 sitt operationsbord i tretton timmar, utan att n\u00e5gon prins kommer och kysser henne tillbaka till livet. Aldrig har jag sett s\u00e5 m\u00e5nga medm\u00e4nniskor med fuktiga \u00f6gon som den torsdag n\u00e4r T\u00f6rnrosa dog.<\/p>\n<p style=\"padding-left: 40px;\"><strong>Gunnar Bengtssons vackra tr\u00f6jor<br \/>\n<\/strong>Det \u00e4r d\u00e5 jag f\u00f6rst\u00e5r vilken roll de har, de d\u00e4r figurerna i min tv-apparat. De \u00e4r trygghetssymboler. Tr\u00f6stnappar. Minns du inte Gunnar Bengtsson? Karlen med alla hemstickade tr\u00f6jor som satt och tr\u00f6stade oss kv\u00e4ll efter kv\u00e4ll n\u00e4r Tjernobyl hade farit i luften. Minns du inte polisen Sandberg? Karlen med den lugna norrl\u00e4ndska dialekten som satt och tr\u00f6stade oss n\u00e4r lille Kevin hade blivit m\u00f6rdad i Arvika. Inte Sabina allts\u00e5 utan Kevin.<\/p>\n<p style=\"padding-left: 40px;\">I dag har vi f\u00e5tt en ny s\u00e5dan tr\u00f6stnapp i rutan. Den nye heter Leif Jennekvist och jag tror att han \u00e4r v\u00e4ldigt effektiv, f\u00f6r det l\u00e5ter han, men han \u00e4r lugn och trygg ocks\u00e5. Dessutom svarar han som vi vill att en polis ska svara varje murvel.<\/p>\n<p style=\"padding-left: 40px;\">&#8211; Vi vill att det ska bli r\u00e4tt\u2026 svarar Jennekvist och tr\u00f6star oss.<\/p>\n<p style=\"padding-left: 40px;\">Ja-a, nickar vi framf\u00f6r tv-apparaterna i riket. Ja-a, m\u00e5tte det vara r\u00e4tt m\u00f6rdare de har tagit, s\u00e4ger vi, f\u00f6r d\u00e5 har en 35-\u00e5ring nyss blivit gripen strax utanf\u00f6r R\u00e5sunda fotbollsstadion. Samma stadion d\u00e4r Anna Lindhs s\u00f6ner och make samtidigt satt och tittade p\u00e5 matchen, fast de hade g\u00e5tt in och l\u00f6st biljett de.<\/p>\n<p style=\"padding-left: 40px;\"><strong>Lovar att inte h\u00e4mnas<br \/>\n<\/strong>Det h\u00e4r \u00e4r \u00e4nnu sv\u00e5rare att f\u00f6rst\u00e5 eller skriva. Jag vet inte om jag kan f\u00f6rklara ens f\u00f6r mig sj\u00e4lv. Men det hemska \u00e4r att den de har tagit passar oss framf\u00f6r rutan precis, f\u00f6r att vi ska bli en aning trygga igen och tr\u00f6stade. Ja ja, t\u00e4nker s\u00e5dana som jag. Jo jo, det f\u00f6rst\u00e5r man ju att det var en s\u00e5dan de grep. S\u00e5dana \u00e4r dom.<\/p>\n<p style=\"padding-left: 40px;\">Inneliv. L\u00e4derst\u00f6vlar i ungdomen. Jetsetkrogar. Kokain. Fotbollshuligan. H\u00f6gerextrem. Precis en s\u00e5dan som vi \u00e4lskar att hata. Vi hatar alltid hellre 35-\u00e5ringar \u00e4n l\u00f6ssl\u00e4ppta psykiatrireformer.<\/p>\n<p style=\"padding-left: 40px;\">P\u00e5 min text-tv har Anna Lindhs \u00e4ldsta pojke skrivit brev till alla som st\u00f6ttat familjen. Han lovar sin mamma i himlen att han inte ska t\u00e4nka p\u00e5 h\u00e4mnd.<\/p>\n<p style=\"padding-left: 40px;\">D\u00e5 gr\u00e5ter jag igen. Jag som \u00e4nd\u00e5 har kritiserat henne m\u00e5nga g\u00e5nger. Fast n\u00e4r knivar riktas mot demokratin har s\u00e5dant mycket lite med saken att g\u00f6ra.<\/p>\n<p style=\"padding-left: 40px;\">Vi vill vara trygga. Vi vill att det ska bli r\u00e4tt.<\/p>\n<p><strong>D\u00e5 klev hon fram<br \/>\n<\/strong>D\u00e4r \u00e4r det slut p\u00e5 citatet fr\u00e5n min kr\u00f6nika p\u00e5 n\u00e4tet den g\u00e5ngen. Varf\u00f6r jag inte n\u00e4mnde Fritidsresor informationsdirekt\u00f6r Lottie Knutson? Hon som ocks\u00e5 klev fram n\u00e4r vi beh\u00f6vde tr\u00f6st och ingen annan kunde ge den. Svaret \u00e4r att tsunamin inte hade intr\u00e4ffat \u00e4n.<\/p>\n<p>Hon bar ocks\u00e5 tr\u00f6ja.<br \/>\nJag l\u00e4ngtar efter en Lottie Knutson.<\/p>\n<p><span style=\"color: #ff6600;\"><strong><em>Fotnot:<\/em><\/strong><\/span><em> 35-\u00e5ringen de grep var inte r\u00e4tt person, men det \u00e4r en annan historia.<\/em><\/p>\n<p><span style=\"color: #0000ff;\"><a style=\"color: #0000ff;\" href=\"https:\/\/sven-ove.nu\/\">Hem<\/a><\/span>\u00a0|\u00a0<span style=\"color: #0000ff;\"><a style=\"color: #0000ff;\" href=\"https:\/\/sven-ove.nu\/?page_id=170\">Om mig<\/a><\/span>\u00a0|\u00a0<span style=\"color: #0000ff;\"><a style=\"color: #0000ff;\" href=\"https:\/\/sven-ove.nu\/?page_id=1385\">Skriva &amp; prata<\/a>\u00a0<\/span>|\u00a0<span style=\"color: #0000ff;\"><a style=\"color: #0000ff;\" href=\"https:\/\/sven-ove.nu\/?page_id=100\">Politik<\/a><\/span>\u00a0|\u00a0<span style=\"color: #0000ff;\"><a style=\"color: #0000ff;\" href=\"https:\/\/sven-ove.nu\/?page_id=102\">L\u00f6pa<\/a><\/span>\u00a0|\u00a0<span style=\"color: #0000ff;\"><a style=\"color: #0000ff;\" href=\"https:\/\/sven-ove.nu\/?page_id=108\">Viktor Root<\/a><\/span><br \/>\n<em>Inl\u00e4gg nr 2 045. (c) Sven-Ove Svensson (men dela g\u00e4rna) <\/em><\/p>\n","protected":false},"excerpt":{"rendered":"<p>Jag vet inte om du har t\u00e4nkt p\u00e5 det, men vid stora kriser \u00e4r det tv\u00e5 sorters talespersoner som kan dyka upp i tv-rutan. En av dom. Den ena sorten tr\u00f6star oss. Den andra icke. Det \u00e4r som om tillvaron drar lott om vem det blir. Varannan g\u00e5ng g\u00e5r det illa. Den som ska tr\u00f6sta &hellip; <a href=\"https:\/\/sven-ove.nu\/?p=21870\" class=\"more-link\">Forts\u00e4tt l\u00e4sa <span class=\"screen-reader-text\">Jag l\u00e4ngtar efter en Lottie Knutson<\/span><\/a><\/p>\n","protected":false},"author":1,"featured_media":0,"comment_status":"closed","ping_status":"open","sticky":false,"template":"","format":"standard","meta":{"_crdt_document":"","_monsterinsights_skip_tracking":false,"_monsterinsights_sitenote_active":false,"_monsterinsights_sitenote_note":"","_monsterinsights_sitenote_category":0,"footnotes":""},"categories":[28],"tags":[8,18,15,13],"class_list":["post-21870","post","type-post","status-publish","format-standard","hentry","category-kreativt-folk","tag-historia","tag-lardomar","tag-mediedjungeln","tag-utrustning"],"_links":{"self":[{"href":"https:\/\/sven-ove.nu\/index.php?rest_route=\/wp\/v2\/posts\/21870","targetHints":{"allow":["GET"]}}],"collection":[{"href":"https:\/\/sven-ove.nu\/index.php?rest_route=\/wp\/v2\/posts"}],"about":[{"href":"https:\/\/sven-ove.nu\/index.php?rest_route=\/wp\/v2\/types\/post"}],"author":[{"embeddable":true,"href":"https:\/\/sven-ove.nu\/index.php?rest_route=\/wp\/v2\/users\/1"}],"replies":[{"embeddable":true,"href":"https:\/\/sven-ove.nu\/index.php?rest_route=%2Fwp%2Fv2%2Fcomments&post=21870"}],"version-history":[{"count":6,"href":"https:\/\/sven-ove.nu\/index.php?rest_route=\/wp\/v2\/posts\/21870\/revisions"}],"predecessor-version":[{"id":21877,"href":"https:\/\/sven-ove.nu\/index.php?rest_route=\/wp\/v2\/posts\/21870\/revisions\/21877"}],"wp:attachment":[{"href":"https:\/\/sven-ove.nu\/index.php?rest_route=%2Fwp%2Fv2%2Fmedia&parent=21870"}],"wp:term":[{"taxonomy":"category","embeddable":true,"href":"https:\/\/sven-ove.nu\/index.php?rest_route=%2Fwp%2Fv2%2Fcategories&post=21870"},{"taxonomy":"post_tag","embeddable":true,"href":"https:\/\/sven-ove.nu\/index.php?rest_route=%2Fwp%2Fv2%2Ftags&post=21870"}],"curies":[{"name":"wp","href":"https:\/\/api.w.org\/{rel}","templated":true}]}}