{"id":21878,"date":"2020-03-08T04:40:26","date_gmt":"2020-03-08T03:40:26","guid":{"rendered":"http:\/\/sven-ove.nu\/?p=21878"},"modified":"2020-03-07T09:58:35","modified_gmt":"2020-03-07T08:58:35","slug":"nar-budskapet-mumlar-gor-aven-talaren-det","status":"publish","type":"post","link":"https:\/\/sven-ove.nu\/?p=21878","title":{"rendered":"N\u00e4r budskapet mumlar g\u00f6r \u00e4ven talaren det"},"content":{"rendered":"<blockquote><p><span style=\"color: #707070; font-size: 20px; font-style: italic;\">Kul att mitt inl\u00e4gg fr\u00e5n i g\u00e5r fick ig\u00e5ng diskussionen. Roligt n\u00e4r kunniga arbetskamrater fr\u00e5n f\u00f6rr s\u00e4tter tankarna ig\u00e5ng i den h\u00e4r skallen.<\/span><\/p><\/blockquote>\n<p>Mitt inl\u00e4gg handlade om v\u00e5rt behov av tr\u00f6st. Du f\u00e5r g\u00e4rna kalla det n\u00e5got annat; att lugna folk, att f\u00e5 oss att tro p\u00e5 budskapet. Det handlar i varje fall om n\u00e5got mer \u00e4n bara fakta.<\/p>\n<p>Naturligtvis \u00e4r det inte tr\u00f6jan det bygger p\u00e5, \u00e4ven om jag tror den haft betydelse i n\u00e5gra av de h\u00e4ndelser jag beskriver i inl\u00e4gget. Ibland \u00e4r tr\u00f6jor tv-m\u00e4ssigare i v\u00e5ra vardagsrum \u00e4n slipsar. Det viktiga \u00e4r att talespersonen kan sina fakta, finns i h\u00e4ndelsernas mitt &#8211; och f\u00f6rm\u00e5r n\u00e5 ut genom tv-rutan p\u00e5 ett s\u00e4tt som vi tror p\u00e5.<\/p>\n<p>Det \u00e4r en tr\u00f6st att se p\u00e5 och lyssna till n\u00e5gon som samlar oss.<\/p>\n<p><strong>Inte sv\u00e5rare med virus<br \/>\n<\/strong>Trov\u00e4rdigheten sitter i talespersonens s\u00e4tt att framf\u00f6ra sitt budskap. Men den sitter f\u00f6rst\u00e5s ocks\u00e5 i tydligheten. N\u00e4r budskapet mumlar d\u00e5 g\u00f6r \u00e4ven talaren det. Jag v\u00e4grar att tro att det skulle vara sv\u00e5rare att kommunicera om virus, smitta och smittskydd \u00e4n om ett kniv\u00f6verfall p\u00e5 en utrikesminister, en k\u00e4rnkraftsolycka i Sovjet eller ett m\u00f6rdat barn i V\u00e4stv\u00e4rmland.<\/p>\n<p>Om budskapet \u00e4r tydligt f\u00f6rst\u00e5r vi \u00e4ven mycket kn\u00f6vvliga fakta. Det g\u00e5r bara s\u00e5 mycket l\u00e4ttare om vi tror p\u00e5 m\u00e4nniskan i rutan.<\/p>\n<p><strong>F\u00e5tt en st\u00f6rre roll<br \/>\n<\/strong>S\u00e5dana m\u00e4nniskor har faktiskt just klivit fram, vid n\u00e5gra av de st\u00f6rre tv-h\u00e4ndelserna som jag minns sedan 1986. Det har inte varit en slump att de intervjuats men n\u00e4r de visat sig fungera extra bra har de givits en st\u00f6rre roll, just f\u00f6r sin f\u00f6rm\u00e5ga.<\/p>\n<p>Tv-producenter \u00e4r inte dumma.<\/p>\n<p style=\"padding-left: 40px;\"><a href=\"https:\/\/sven-ove.nu\/wp-content\/uploads\/2020\/03\/Toyota-Corona-2.jpg\"><img loading=\"lazy\" decoding=\"async\" class=\"size-medium wp-image-21888 alignnone\" src=\"https:\/\/sven-ove.nu\/wp-content\/uploads\/2020\/03\/Toyota-Corona-2-300x266.jpg\" alt=\"\" width=\"300\" height=\"266\" srcset=\"https:\/\/sven-ove.nu\/wp-content\/uploads\/2020\/03\/Toyota-Corona-2-300x266.jpg 300w, https:\/\/sven-ove.nu\/wp-content\/uploads\/2020\/03\/Toyota-Corona-2-768x681.jpg 768w, https:\/\/sven-ove.nu\/wp-content\/uploads\/2020\/03\/Toyota-Corona-2.jpg 783w\" sizes=\"auto, (max-width: 300px) 100vw, 300px\" \/><\/a><\/p>\n<p><span style=\"color: #ff6600;\"><strong><em>###<\/em><\/strong><\/span><em> Det \u00e4r inte en tillf\u00e4llighet att romaner, dramatik och journalistik s\u00e5 ofta g\u00e5r fr\u00e5n det enskilda till det allm\u00e4nna. Att till exempel l\u00e5ta en person representera n\u00e5got st\u00f6rre.<br \/>\n<\/em><span style=\"color: #ff6600;\"><strong><em>###<\/em><\/strong><\/span><em> Det \u00e4r s\u00e5 god pedagogik alltid har fungerat. Vi har l\u00e4ttare att identifiera oss med en medm\u00e4nniska \u00e4n med 15 eller 500.<br \/>\n<\/em><em><span style=\"color: #ff6600;\"><strong>###<\/strong><\/span> G\u00e5rdagens inl\u00e4gg: <strong><span style=\"color: #0000ff;\"><a style=\"color: #0000ff;\" href=\"https:\/\/sven-ove.nu\/?p=21870\">Jag l\u00e4ngtar efter en Lottie Knutson<\/a><\/span><\/strong><\/em><\/p>\n<p><span style=\"color: #0000ff;\"><a style=\"color: #0000ff;\" href=\"https:\/\/sven-ove.nu\/\">Hem<\/a><\/span>\u00a0|\u00a0<span style=\"color: #0000ff;\"><a style=\"color: #0000ff;\" href=\"https:\/\/sven-ove.nu\/?page_id=170\">Om mig<\/a>\u00a0<\/span>|<span style=\"color: #0000ff;\">\u00a0<a style=\"color: #0000ff;\" href=\"https:\/\/sven-ove.nu\/?page_id=1385\">Skriva &amp; prata<\/a>\u00a0<\/span>|\u00a0<span style=\"color: #0000ff;\"><a style=\"color: #0000ff;\" href=\"https:\/\/sven-ove.nu\/?page_id=100\">Politik<\/a><\/span>\u00a0|\u00a0<span style=\"color: #0000ff;\"><a style=\"color: #0000ff;\" href=\"https:\/\/sven-ove.nu\/?page_id=102\">L\u00f6pa<\/a><\/span>\u00a0|\u00a0<span style=\"color: #0000ff;\"><a style=\"color: #0000ff;\" href=\"https:\/\/sven-ove.nu\/?page_id=108\">Viktor Root<\/a><\/span><br \/>\n<em>Inl\u00e4gg nr 2 046. (c) Sven-Ove Svensson (men dela g\u00e4rna) <\/em><\/p>\n","protected":false},"excerpt":{"rendered":"<p>Kul att mitt inl\u00e4gg fr\u00e5n i g\u00e5r fick ig\u00e5ng diskussionen. Roligt n\u00e4r kunniga arbetskamrater fr\u00e5n f\u00f6rr s\u00e4tter tankarna ig\u00e5ng i den h\u00e4r skallen. Mitt inl\u00e4gg handlade om v\u00e5rt behov av tr\u00f6st. Du f\u00e5r g\u00e4rna kalla det n\u00e5got annat; att lugna folk, att f\u00e5 oss att tro p\u00e5 budskapet. Det handlar i varje fall om n\u00e5got &hellip; <a href=\"https:\/\/sven-ove.nu\/?p=21878\" class=\"more-link\">Forts\u00e4tt l\u00e4sa <span class=\"screen-reader-text\">N\u00e4r budskapet mumlar g\u00f6r \u00e4ven talaren det<\/span><\/a><\/p>\n","protected":false},"author":1,"featured_media":0,"comment_status":"closed","ping_status":"open","sticky":false,"template":"","format":"standard","meta":{"_crdt_document":"","_monsterinsights_skip_tracking":false,"_monsterinsights_sitenote_active":false,"_monsterinsights_sitenote_note":"","_monsterinsights_sitenote_category":0,"footnotes":""},"categories":[28],"tags":[8,18,15,13],"class_list":["post-21878","post","type-post","status-publish","format-standard","hentry","category-kreativt-folk","tag-historia","tag-lardomar","tag-mediedjungeln","tag-utrustning"],"_links":{"self":[{"href":"https:\/\/sven-ove.nu\/index.php?rest_route=\/wp\/v2\/posts\/21878","targetHints":{"allow":["GET"]}}],"collection":[{"href":"https:\/\/sven-ove.nu\/index.php?rest_route=\/wp\/v2\/posts"}],"about":[{"href":"https:\/\/sven-ove.nu\/index.php?rest_route=\/wp\/v2\/types\/post"}],"author":[{"embeddable":true,"href":"https:\/\/sven-ove.nu\/index.php?rest_route=\/wp\/v2\/users\/1"}],"replies":[{"embeddable":true,"href":"https:\/\/sven-ove.nu\/index.php?rest_route=%2Fwp%2Fv2%2Fcomments&post=21878"}],"version-history":[{"count":10,"href":"https:\/\/sven-ove.nu\/index.php?rest_route=\/wp\/v2\/posts\/21878\/revisions"}],"predecessor-version":[{"id":21891,"href":"https:\/\/sven-ove.nu\/index.php?rest_route=\/wp\/v2\/posts\/21878\/revisions\/21891"}],"wp:attachment":[{"href":"https:\/\/sven-ove.nu\/index.php?rest_route=%2Fwp%2Fv2%2Fmedia&parent=21878"}],"wp:term":[{"taxonomy":"category","embeddable":true,"href":"https:\/\/sven-ove.nu\/index.php?rest_route=%2Fwp%2Fv2%2Fcategories&post=21878"},{"taxonomy":"post_tag","embeddable":true,"href":"https:\/\/sven-ove.nu\/index.php?rest_route=%2Fwp%2Fv2%2Ftags&post=21878"}],"curies":[{"name":"wp","href":"https:\/\/api.w.org\/{rel}","templated":true}]}}