{"id":21892,"date":"2020-03-08T12:07:44","date_gmt":"2020-03-08T11:07:44","guid":{"rendered":"http:\/\/sven-ove.nu\/?p=21892"},"modified":"2020-03-08T12:16:40","modified_gmt":"2020-03-08T11:16:40","slug":"jordens-undergang","status":"publish","type":"post","link":"https:\/\/sven-ove.nu\/?p=21892","title":{"rendered":"Jordens underg\u00e5ng &#8211; roman i tv\u00e5 delar"},"content":{"rendered":"<p><a href=\"https:\/\/sven-ove.nu\/wp-content\/uploads\/2020\/03\/Ha\u030aha\u030a-jaja.jpg\"><img loading=\"lazy\" decoding=\"async\" class=\"size-full wp-image-21894 alignnone\" src=\"https:\/\/sven-ove.nu\/wp-content\/uploads\/2020\/03\/Ha\u030aha\u030a-jaja.jpg\" alt=\"\" width=\"669\" height=\"794\" srcset=\"https:\/\/sven-ove.nu\/wp-content\/uploads\/2020\/03\/Ha\u030aha\u030a-jaja.jpg 669w, https:\/\/sven-ove.nu\/wp-content\/uploads\/2020\/03\/Ha\u030aha\u030a-jaja-253x300.jpg 253w\" sizes=\"auto, (max-width: 669px) 100vw, 669px\" \/><\/a><\/p>\n<blockquote><p>Det \u00e4r som en roman. En underg\u00e5ngsber\u00e4ttelse om pesten, kanske fr\u00e5n medeltiden, kanske \u00e4nnu \u00e4ldre.<\/p><\/blockquote>\n<p>Hela norra Italien st\u00e4ngs in. I V\u00e4stervik vill arga kommuninnev\u00e5nare hindra 37 skidturister fr\u00e5n att kliva av bussen. Arbetsplatser och skolor lite varstans i v\u00e5rt land skickar hem sina anst\u00e4llda och elever.<\/p>\n<p>Det g\u00e5r ett sp\u00f6ke, en underg\u00e5ngsst\u00e4mning \u00f6ver v\u00e4rlden. Vi har hamnat i en roman av Albert Camus.<\/p>\n<p>D\u00e4r har du ena halvan av ber\u00e4ttelsen. Coronastoryn. Jag ser ingen anledning att ironisera \u00f6ver den. Folk d\u00f6r.<\/p>\n<p><strong>Pest p\u00e5 hj\u00e4rnan<br \/>\n<\/strong>Men. Pesten har slagit sig p\u00e5 hj\u00e4rnan ocks\u00e5. Vissa f\u00f6rvirrade hj\u00e4rnor. Jag avskyr n\u00e4r politiska motst\u00e5ndare kallar varandra dumma men i dag \u00e4r jag f\u00f6rbaske mig beredd att g\u00f6ra ett undantag.<\/p>\n<p style=\"padding-left: 40px;\"><a href=\"https:\/\/sven-ove.nu\/wp-content\/uploads\/2020\/03\/Ulf-vid-gra\u0308nspolisen.jpg\"><img loading=\"lazy\" decoding=\"async\" class=\"size-thumbnail wp-image-21897 alignnone\" src=\"https:\/\/sven-ove.nu\/wp-content\/uploads\/2020\/03\/Ulf-vid-gra\u0308nspolisen-150x150.jpg\" alt=\"\" width=\"150\" height=\"150\" \/><\/a><\/p>\n<p>Det finns dumma politiska handlingar. Just nu ser jag dem hela dagarna i sociala medier. \u00d6verallt denna dumskallarnas sammansv\u00e4rjning. De st\u00e5r med armarna i kors och skriker: ST\u00c4RK GR\u00c4NSEN! H\u00c5LL GR\u00c4NSEN! Gr\u00e4nsen \u00e4r n\u00e5dd! Tingsryd \u00e4r fullt!<\/p>\n<p><strong>Inte en m\u00e4nniska<br \/>\n<\/strong>Vad sa du, kvinna? Patetisk st\u00e5r du p\u00e5 din asfalterade v\u00e4gstump med armarna tafatt i kors. V\u00e4gen g\u00e5r genom ett halvrisigt hygge och inte en enda m\u00e4nniska syns till, mer \u00e4n du. Varenda bild ni l\u00e4gger ut, du och dina kamrater, \u00e4r folktom i bakgrunden. Inte en enda person tittar f\u00f6rbi i era \u201dfulla\u201d kommuner. V\u00e4gen du bevakar \u00e4r s\u00e5 glestrafikerad att du t\u00f6rs st\u00e5 mitt p\u00e5 v\u00e4gbanan.<\/p>\n<p>F\u00f6rst\u00e5r du inte vad bilden ber\u00e4ttar? F\u00f6rst\u00e5r ingen av er det?<\/p>\n<p>\u201dTingsryd \u00e4r fullt\u201d. Sn\u00e4lla du, din kommun har 11,9 personer per kvadratkilometer. Vad ska du d\u00e5 g\u00f6ra med min som har 33. Ska du b\u00f6rja deportera oss, det ordet gillar ju ni.<\/p>\n<p><strong>St\u00e4rk k\u00e4rleken<br \/>\n<\/strong>Sk\u00e4rp er, \u201dv\u00e4gvakter\u201d. Det \u00e4r inte gr\u00e4nser som beh\u00f6ver st\u00e4rkas. Det \u00e4r eftertanken, inlevelsen och k\u00e4rleken.<\/p>\n<p>Samt f\u00f6rm\u00e5gan att l\u00e4sa bilder.<\/p>\n<p><span style=\"color: #ff6600;\"><strong><em>###<\/em><\/strong><\/span><em> Om coronaepidemin: Jag ifr\u00e5gas\u00e4tter inte karant\u00e4nsbesluten. M\u00f6jligen har svenska h\u00e4lsomyndigheter inte varit kraftfulla nog.<br \/>\n<\/em><span style=\"color: #ff6600;\"><strong><em>###<\/em><\/strong><\/span><em> Om \u201dgr\u00e4ns- och v\u00e4gvakterna\u201d: G\u00e5 hem och g\u00f6r n\u00e5got nyttigt med er.<\/em><\/p>\n<p><em>Sverige \u00e4r fullt av v\u00e4lf\u00e4rdsjobb som borde g\u00f6ras.<\/em><\/p>\n<p><span style=\"color: #0000ff;\"><a style=\"color: #0000ff;\" href=\"https:\/\/sven-ove.nu\/\">Hem<\/a><\/span>\u00a0|\u00a0<span style=\"color: #0000ff;\"><a style=\"color: #0000ff;\" href=\"https:\/\/sven-ove.nu\/?page_id=170\">Om mig<\/a><\/span>\u00a0|\u00a0<a href=\"https:\/\/sven-ove.nu\/?page_id=1385\"><span style=\"color: #0000ff;\">Skriva &amp; prata<\/span><\/a>\u00a0|\u00a0<span style=\"color: #0000ff;\"><a style=\"color: #0000ff;\" href=\"https:\/\/sven-ove.nu\/?page_id=100\">Politik<\/a><\/span>\u00a0|\u00a0<span style=\"color: #0000ff;\"><a style=\"color: #0000ff;\" href=\"https:\/\/sven-ove.nu\/?page_id=102\">L\u00f6pa<\/a><\/span>\u00a0|\u00a0<span style=\"color: #0000ff;\"><a style=\"color: #0000ff;\" href=\"https:\/\/sven-ove.nu\/?page_id=108\">Viktor Root<\/a><\/span><br \/>\n<em>Inl\u00e4gg nr 2 047. (c) Sven-Ove Svensson (men dela g\u00e4rna) <\/em><\/p>\n","protected":false},"excerpt":{"rendered":"<p>Det \u00e4r som en roman. En underg\u00e5ngsber\u00e4ttelse om pesten, kanske fr\u00e5n medeltiden, kanske \u00e4nnu \u00e4ldre. Hela norra Italien st\u00e4ngs in. I V\u00e4stervik vill arga kommuninnev\u00e5nare hindra 37 skidturister fr\u00e5n att kliva av bussen. Arbetsplatser och skolor lite varstans i v\u00e5rt land skickar hem sina anst\u00e4llda och elever. Det g\u00e5r ett sp\u00f6ke, en underg\u00e5ngsst\u00e4mning \u00f6ver v\u00e4rlden. &hellip; <a href=\"https:\/\/sven-ove.nu\/?p=21892\" class=\"more-link\">Forts\u00e4tt l\u00e4sa <span class=\"screen-reader-text\">Jordens underg\u00e5ng &#8211; roman i tv\u00e5 delar<\/span><\/a><\/p>\n","protected":false},"author":1,"featured_media":0,"comment_status":"closed","ping_status":"open","sticky":false,"template":"","format":"standard","meta":{"_crdt_document":"","_monsterinsights_skip_tracking":false,"_monsterinsights_sitenote_active":false,"_monsterinsights_sitenote_note":"","_monsterinsights_sitenote_category":0,"footnotes":""},"categories":[9,4],"tags":[16,15],"class_list":["post-21892","post","type-post","status-publish","format-standard","hentry","category-politik","category-skrivande","tag-dumheter","tag-mediedjungeln"],"_links":{"self":[{"href":"https:\/\/sven-ove.nu\/index.php?rest_route=\/wp\/v2\/posts\/21892","targetHints":{"allow":["GET"]}}],"collection":[{"href":"https:\/\/sven-ove.nu\/index.php?rest_route=\/wp\/v2\/posts"}],"about":[{"href":"https:\/\/sven-ove.nu\/index.php?rest_route=\/wp\/v2\/types\/post"}],"author":[{"embeddable":true,"href":"https:\/\/sven-ove.nu\/index.php?rest_route=\/wp\/v2\/users\/1"}],"replies":[{"embeddable":true,"href":"https:\/\/sven-ove.nu\/index.php?rest_route=%2Fwp%2Fv2%2Fcomments&post=21892"}],"version-history":[{"count":7,"href":"https:\/\/sven-ove.nu\/index.php?rest_route=\/wp\/v2\/posts\/21892\/revisions"}],"predecessor-version":[{"id":21901,"href":"https:\/\/sven-ove.nu\/index.php?rest_route=\/wp\/v2\/posts\/21892\/revisions\/21901"}],"wp:attachment":[{"href":"https:\/\/sven-ove.nu\/index.php?rest_route=%2Fwp%2Fv2%2Fmedia&parent=21892"}],"wp:term":[{"taxonomy":"category","embeddable":true,"href":"https:\/\/sven-ove.nu\/index.php?rest_route=%2Fwp%2Fv2%2Fcategories&post=21892"},{"taxonomy":"post_tag","embeddable":true,"href":"https:\/\/sven-ove.nu\/index.php?rest_route=%2Fwp%2Fv2%2Ftags&post=21892"}],"curies":[{"name":"wp","href":"https:\/\/api.w.org\/{rel}","templated":true}]}}