{"id":21903,"date":"2020-03-13T11:15:45","date_gmt":"2020-03-13T10:15:45","guid":{"rendered":"http:\/\/sven-ove.nu\/?p=21903"},"modified":"2020-03-13T13:17:27","modified_gmt":"2020-03-13T12:17:27","slug":"vara-dagars-o-rad","status":"publish","type":"post","link":"https:\/\/sven-ove.nu\/?p=21903","title":{"rendered":"V\u00e5ra dagars \u00f6-r\u00e5d"},"content":{"rendered":"<p><a href=\"https:\/\/sven-ove.nu\/wp-content\/uploads\/2020\/03\/Viruset.jpg\"><img loading=\"lazy\" decoding=\"async\" class=\"size-medium wp-image-21904 alignnone\" src=\"https:\/\/sven-ove.nu\/wp-content\/uploads\/2020\/03\/Viruset-254x300.jpg\" alt=\"\" width=\"254\" height=\"300\" srcset=\"https:\/\/sven-ove.nu\/wp-content\/uploads\/2020\/03\/Viruset-254x300.jpg 254w, https:\/\/sven-ove.nu\/wp-content\/uploads\/2020\/03\/Viruset-768x906.jpg 768w, https:\/\/sven-ove.nu\/wp-content\/uploads\/2020\/03\/Viruset.jpg 828w\" sizes=\"auto, (max-width: 254px) 100vw, 254px\" \/><\/a><\/p>\n<p>Hosta utan att h\u00e5lla f\u00f6r munnen.<br \/>\nHosta i handen och handh\u00e4lsa strax d\u00e4rp\u00e5.<br \/>\nHosta och \u00e5ka till jobbet.<\/p>\n<p>\u00c5ka till akuten och sitta d\u00e4r och hosta.<br \/>\nH\u00e4lsa p\u00e5 hemma hos sjukv\u00e5rdspersonal och sitta d\u00e4r och hosta.<br \/>\nH\u00e4lsa p\u00e5 hemma hos gamla m\u00e4nniskor och hosta och ta i hand och &#8230;ja du vet.<\/p>\n<p>Bunkra munskydd, plastf\u00f6rkl\u00e4den och handsprit.<br \/>\nStj\u00e4la sjukv\u00e5rdens munskydd, plastf\u00f6rkl\u00e4den och handsprit.<\/p>\n<p>Sprida myter p\u00e5 Facebook om att det skulle vara farligt att dricka kall dryck men bra medicin att st\u00e5 p\u00e5 huvudet, h\u00e5lla andan och sv\u00e4lja salt.<\/p>\n<p>L\u00e5ta bli att tv\u00e4tta h\u00e4nderna.<\/p>\n<p><span style=\"color: #ff6600;\"><strong><em>###<\/em><\/strong><\/span><em> \u00d6-r\u00e5d: (begrepp fr\u00e5n popul\u00e4rkulturen), ett s\u00e4tt att g\u00f6ra sig av med m\u00e4nniskor.<br \/>\n<\/em><span style=\"color: #ff6600;\"><strong><em>###<\/em><\/strong><\/span><em> Se \u00e4ven: fulspel, folkf\u00f6rakt, fascism.<\/em><\/p>\n<p><span style=\"color: #0000ff;\"><a style=\"color: #0000ff;\" href=\"https:\/\/sven-ove.nu\/\">Hem<\/a><\/span>\u00a0|\u00a0<span style=\"color: #0000ff;\"><a style=\"color: #0000ff;\" href=\"https:\/\/sven-ove.nu\/?page_id=170\">Om mig<\/a>\u00a0<\/span>|\u00a0<span style=\"color: #0000ff;\"><a style=\"color: #0000ff;\" href=\"https:\/\/sven-ove.nu\/?page_id=1385\">Skriva &amp; prata<\/a>\u00a0<\/span>|\u00a0<span style=\"color: #0000ff;\"><a style=\"color: #0000ff;\" href=\"https:\/\/sven-ove.nu\/?page_id=100\">Politik<\/a><\/span>\u00a0|\u00a0<span style=\"color: #0000ff;\"><a style=\"color: #0000ff;\" href=\"https:\/\/sven-ove.nu\/?page_id=102\">L\u00f6pa<\/a><\/span>\u00a0|<span style=\"color: #0000ff;\">\u00a0<a style=\"color: #0000ff;\" href=\"https:\/\/sven-ove.nu\/?page_id=108\">Viktor Root<\/a><\/span><br \/>\n<em>Inl\u00e4gg nr 2 048. (c) Sven-Ove Svensson (men dela g\u00e4rna) <\/em><\/p>\n","protected":false},"excerpt":{"rendered":"<p>Hosta utan att h\u00e5lla f\u00f6r munnen. Hosta i handen och handh\u00e4lsa strax d\u00e4rp\u00e5. Hosta och \u00e5ka till jobbet. \u00c5ka till akuten och sitta d\u00e4r och hosta. H\u00e4lsa p\u00e5 hemma hos sjukv\u00e5rdspersonal och sitta d\u00e4r och hosta. H\u00e4lsa p\u00e5 hemma hos gamla m\u00e4nniskor och hosta och ta i hand och &#8230;ja du vet. Bunkra munskydd, plastf\u00f6rkl\u00e4den &hellip; <a href=\"https:\/\/sven-ove.nu\/?p=21903\" class=\"more-link\">Forts\u00e4tt l\u00e4sa <span class=\"screen-reader-text\">V\u00e5ra dagars \u00f6-r\u00e5d<\/span><\/a><\/p>\n","protected":false},"author":1,"featured_media":0,"comment_status":"closed","ping_status":"open","sticky":false,"template":"","format":"standard","meta":{"_crdt_document":"","_monsterinsights_skip_tracking":false,"_monsterinsights_sitenote_active":false,"_monsterinsights_sitenote_note":"","_monsterinsights_sitenote_category":0,"footnotes":""},"categories":[9],"tags":[16,18,15],"class_list":["post-21903","post","type-post","status-publish","format-standard","hentry","category-politik","tag-dumheter","tag-lardomar","tag-mediedjungeln"],"_links":{"self":[{"href":"https:\/\/sven-ove.nu\/index.php?rest_route=\/wp\/v2\/posts\/21903","targetHints":{"allow":["GET"]}}],"collection":[{"href":"https:\/\/sven-ove.nu\/index.php?rest_route=\/wp\/v2\/posts"}],"about":[{"href":"https:\/\/sven-ove.nu\/index.php?rest_route=\/wp\/v2\/types\/post"}],"author":[{"embeddable":true,"href":"https:\/\/sven-ove.nu\/index.php?rest_route=\/wp\/v2\/users\/1"}],"replies":[{"embeddable":true,"href":"https:\/\/sven-ove.nu\/index.php?rest_route=%2Fwp%2Fv2%2Fcomments&post=21903"}],"version-history":[{"count":3,"href":"https:\/\/sven-ove.nu\/index.php?rest_route=\/wp\/v2\/posts\/21903\/revisions"}],"predecessor-version":[{"id":21907,"href":"https:\/\/sven-ove.nu\/index.php?rest_route=\/wp\/v2\/posts\/21903\/revisions\/21907"}],"wp:attachment":[{"href":"https:\/\/sven-ove.nu\/index.php?rest_route=%2Fwp%2Fv2%2Fmedia&parent=21903"}],"wp:term":[{"taxonomy":"category","embeddable":true,"href":"https:\/\/sven-ove.nu\/index.php?rest_route=%2Fwp%2Fv2%2Fcategories&post=21903"},{"taxonomy":"post_tag","embeddable":true,"href":"https:\/\/sven-ove.nu\/index.php?rest_route=%2Fwp%2Fv2%2Ftags&post=21903"}],"curies":[{"name":"wp","href":"https:\/\/api.w.org\/{rel}","templated":true}]}}