{"id":21955,"date":"2020-03-19T04:15:38","date_gmt":"2020-03-19T03:15:38","guid":{"rendered":"http:\/\/sven-ove.nu\/?p=21955"},"modified":"2020-03-18T13:26:18","modified_gmt":"2020-03-18T12:26:18","slug":"dags-att-bilda-enhetsfront","status":"publish","type":"post","link":"https:\/\/sven-ove.nu\/?p=21955","title":{"rendered":"Dags att bilda enhetsfront"},"content":{"rendered":"<p><a href=\"https:\/\/sven-ove.nu\/wp-content\/uploads\/2020\/03\/Infektion.jpg\"><img loading=\"lazy\" decoding=\"async\" class=\"size-large wp-image-21956 alignnone\" src=\"https:\/\/sven-ove.nu\/wp-content\/uploads\/2020\/03\/Infektion-1024x1024.jpg\" alt=\"\" width=\"660\" height=\"660\" srcset=\"https:\/\/sven-ove.nu\/wp-content\/uploads\/2020\/03\/Infektion-1024x1024.jpg 1024w, https:\/\/sven-ove.nu\/wp-content\/uploads\/2020\/03\/Infektion-300x300.jpg 300w, https:\/\/sven-ove.nu\/wp-content\/uploads\/2020\/03\/Infektion-150x150.jpg 150w, https:\/\/sven-ove.nu\/wp-content\/uploads\/2020\/03\/Infektion-768x768.jpg 768w, https:\/\/sven-ove.nu\/wp-content\/uploads\/2020\/03\/Infektion.jpg 1280w\" sizes=\"auto, (max-width: 660px) 100vw, 660px\" \/><\/a><\/p>\n<blockquote><p><span style=\"color: #000000;\">Jag \u00e4r av det kritiska slaget. F\u00f6r att citera min husgud Werner Aspenstr\u00f6m: \u201dJag har en \u00e5sikt om hur slipstenarna borde dras i detta land.\u201d<\/span><\/p>\n<p><span style=\"color: #000000;\">Nu vet du det.<\/span><\/p><\/blockquote>\n<p><span style=\"color: #000000;\">Men allt har sin tid. Ibland f\u00e5r man bilda enhetsfront. Samlas kring n\u00e5gra f\u00e5 punkter, de viktigaste, och l\u00e4gga det oviktiga \u00e5t sidan s\u00e5 l\u00e4nge. S\u00e5 har m\u00e5nga l\u00e4nder gjort vid stora kriser genom \u00e5ren, det finns ett sk\u00e4l till det.<\/span><\/p>\n<p><span style=\"color: #000000;\">Min enhetsfront ser ut s\u00e5h\u00e4r, som jag sammanfattade den p\u00e5 Facebook i g\u00e5r:<\/span><\/p>\n<p style=\"padding-left: 40px;\"><span style=\"color: #000000;\"><em>M\u00e4nniskans kunskap v\u00e5ren 2020 s\u00e4ger oss att virus smittar vid sociala kontakter. Den s\u00e4ger oss att det p\u00e5g\u00e5r en v\u00e4rldsomfattande pandemi. Den s\u00e4ger oss att m\u00e4nniskor inte hade immunitet mot coronaviruset n\u00e4r pandemin startade. Den s\u00e4ger oss att somliga d\u00f6r av den. Den s\u00e4ger oss att de sv\u00e5rast sjuka beh\u00f6ver andningshj\u00e4lp, n\u00e5gra av dem i respirator. Den s\u00e4ger oss att Sverige har begr\u00e4nsat antal respiratorer (under 600 har n\u00e4mnts, varav m\u00e5nga \u00e4r upptagna av andra sorters sjuka) och den s\u00e4ger att vi \u00e4ven i \u00f6vrigt har begr\u00e4nsade resurser inom sjukv\u00e5rden.<\/em><em>\u00a0<\/em><\/span><\/p>\n<p style=\"padding-left: 40px;\"><span style=\"color: #000000;\"><em>DET s\u00e4ger kunskapen. L\u00e4s f\u00f6rsta meningen igen. Hj\u00e4lp till med att bromsa spridningen s\u00e5 inte alltf\u00f6r m\u00e5nga blir sjuka p\u00e5 samma g\u00e5ng.<\/em><\/span><\/p>\n<p style=\"padding-left: 40px;\"><span style=\"color: #000000;\"><em>Sluta killgissa.<\/em><\/span><\/p>\n<p><span style=\"color: #000000;\">Allts\u00e5 ger jag just nu hundan i om exakt varje \u00e5tg\u00e4rd fr\u00e5n regering och myndigheter \u00e4r perfekt. Den utv\u00e4rderingen tar vi sedan. Nu tar vi kampen.<\/span><\/p>\n<p><span style=\"color: #000000;\">Allts\u00e5 \u00e4r jag v\u00e4ldigt tr\u00f6tt p\u00e5 alla dessa avledare som tar upp tid och tr\u00e5dar med att ber\u00e4tta om allt som \u00e4r s\u00e5 mycket v\u00e4rre. Jag vet, himlakroppen som ramlade ner och d\u00f6dade dinosaurierna var dum och elak. S\u00e5dana borde inte f\u00e5 f\u00f6rekomma.<\/span><\/p>\n<p><span style=\"color: #000000;\">Det \u00e4r bara det att nu \u00e4r vi h\u00e4r. Nu d\u00f6r folk av corona omkring oss. D\u00e5 tar vi den striden. Var r\u00e4dd om din mormor, din v\u00e4ninna med KOL och din astmasjuke kusin.<\/span><\/p>\n<p><span style=\"color: #000000;\">Hur du <a style=\"color: #000000;\" href=\"https:\/\/www.krisinformation.se\/detta-kan-handa\/handelser-och-storningar\/20192\/myndigheterna-om-det-nya-coronaviruset\"><span style=\"color: #0000ff;\">ska g\u00f6ra<\/span><\/a> vet du.<\/span><br \/>\n<span style=\"color: #000000;\">Bromsa.<\/span><\/p>\n<p><span style=\"color: #000000;\"><span style=\"color: #ff6600;\"><strong><em>###<\/em><\/strong><\/span><em> Toapapperet blir en tr\u00f6st (f\u00f6r hamstrarna) i sv\u00e5ra tider, s\u00e4ger en amerikansk professor i psykologi. F\u00f6rmodligen sant.<br \/>\n<\/em><span style=\"color: #ff6600;\"><strong><em>###<\/em><\/strong><\/span><em> Coronaepidemin \u00e4r en klassfr\u00e5ga. D\u00e5 \u00e4r det en d\u00e5lig tr\u00f6st att den samtidigt visar hur fort det gick att ta beslut som faktiskt gynnar klimatet.<br \/>\n<\/em><span style=\"color: #ff6600;\"><strong><em>###<\/em><\/strong><\/span><\/span><em><span style=\"color: #000000;\"> Under tiden h\u00e5ller v\u00e5r statsepidemiolog sakta p\u00e5 att kliva fram som den tr\u00f6stare i tv-rutan jag efterlyste i<\/span> <span style=\"color: #0000ff;\"><a style=\"color: #0000ff;\" href=\"https:\/\/sven-ove.nu\/?p=21870\">ett tidigare inl\u00e4gg<\/a><\/span>. <\/em><\/p>\n<p><span style=\"color: #000000;\"><em>H\u00e4rom kv\u00e4llen bar han till och med tr\u00f6ja.<\/em><\/span><\/p>\n<p><span style=\"color: #0000ff;\"><a style=\"color: #0000ff;\" href=\"https:\/\/sven-ove.nu\/\">Hem<\/a><\/span>\u00a0|\u00a0<span style=\"color: #0000ff;\"><a style=\"color: #0000ff;\" href=\"https:\/\/sven-ove.nu\/?page_id=170\">Om mig<\/a><\/span>\u00a0|\u00a0<span style=\"color: #0000ff;\"><a style=\"color: #0000ff;\" href=\"https:\/\/sven-ove.nu\/?page_id=1385\">Skriva &amp; prata<\/a><\/span>\u00a0|\u00a0<span style=\"color: #0000ff;\"><a style=\"color: #0000ff;\" href=\"https:\/\/sven-ove.nu\/?page_id=100\">Politik<\/a><\/span>\u00a0|\u00a0<span style=\"color: #0000ff;\"><a style=\"color: #0000ff;\" href=\"https:\/\/sven-ove.nu\/?page_id=102\">L\u00f6pa<\/a><\/span>\u00a0|\u00a0<span style=\"color: #0000ff;\"><a style=\"color: #0000ff;\" href=\"https:\/\/sven-ove.nu\/?page_id=108\">Viktor Root<\/a><\/span><br \/>\n<span style=\"color: #000000;\"><em>Inl\u00e4gg nr 2 051. (c) Sven-Ove Svensson (men dela g\u00e4rna) <\/em><\/span><\/p>\n","protected":false},"excerpt":{"rendered":"<p>Jag \u00e4r av det kritiska slaget. F\u00f6r att citera min husgud Werner Aspenstr\u00f6m: \u201dJag har en \u00e5sikt om hur slipstenarna borde dras i detta land.\u201d Nu vet du det. Men allt har sin tid. Ibland f\u00e5r man bilda enhetsfront. Samlas kring n\u00e5gra f\u00e5 punkter, de viktigaste, och l\u00e4gga det oviktiga \u00e5t sidan s\u00e5 l\u00e4nge. S\u00e5 &hellip; <a href=\"https:\/\/sven-ove.nu\/?p=21955\" class=\"more-link\">Forts\u00e4tt l\u00e4sa <span class=\"screen-reader-text\">Dags att bilda enhetsfront<\/span><\/a><\/p>\n","protected":false},"author":1,"featured_media":0,"comment_status":"closed","ping_status":"open","sticky":false,"template":"","format":"standard","meta":{"_crdt_document":"","_monsterinsights_skip_tracking":false,"_monsterinsights_sitenote_active":false,"_monsterinsights_sitenote_note":"","_monsterinsights_sitenote_category":0,"footnotes":""},"categories":[9],"tags":[18,15,20,17],"class_list":["post-21955","post","type-post","status-publish","format-standard","hentry","category-politik","tag-lardomar","tag-mediedjungeln","tag-rad","tag-solidaritet"],"_links":{"self":[{"href":"https:\/\/sven-ove.nu\/index.php?rest_route=\/wp\/v2\/posts\/21955","targetHints":{"allow":["GET"]}}],"collection":[{"href":"https:\/\/sven-ove.nu\/index.php?rest_route=\/wp\/v2\/posts"}],"about":[{"href":"https:\/\/sven-ove.nu\/index.php?rest_route=\/wp\/v2\/types\/post"}],"author":[{"embeddable":true,"href":"https:\/\/sven-ove.nu\/index.php?rest_route=\/wp\/v2\/users\/1"}],"replies":[{"embeddable":true,"href":"https:\/\/sven-ove.nu\/index.php?rest_route=%2Fwp%2Fv2%2Fcomments&post=21955"}],"version-history":[{"count":6,"href":"https:\/\/sven-ove.nu\/index.php?rest_route=\/wp\/v2\/posts\/21955\/revisions"}],"predecessor-version":[{"id":21962,"href":"https:\/\/sven-ove.nu\/index.php?rest_route=\/wp\/v2\/posts\/21955\/revisions\/21962"}],"wp:attachment":[{"href":"https:\/\/sven-ove.nu\/index.php?rest_route=%2Fwp%2Fv2%2Fmedia&parent=21955"}],"wp:term":[{"taxonomy":"category","embeddable":true,"href":"https:\/\/sven-ove.nu\/index.php?rest_route=%2Fwp%2Fv2%2Fcategories&post=21955"},{"taxonomy":"post_tag","embeddable":true,"href":"https:\/\/sven-ove.nu\/index.php?rest_route=%2Fwp%2Fv2%2Ftags&post=21955"}],"curies":[{"name":"wp","href":"https:\/\/api.w.org\/{rel}","templated":true}]}}