{"id":21974,"date":"2020-03-20T04:57:41","date_gmt":"2020-03-20T03:57:41","guid":{"rendered":"http:\/\/sven-ove.nu\/?p=21974"},"modified":"2020-03-20T15:18:49","modified_gmt":"2020-03-20T14:18:49","slug":"21974","status":"publish","type":"post","link":"https:\/\/sven-ove.nu\/?p=21974","title":{"rendered":""},"content":{"rendered":"<p><a href=\"https:\/\/sven-ove.nu\/wp-content\/uploads\/2018\/01\/L\u00f6sn\u00e4sa-och-penna.jpg\"><img loading=\"lazy\" decoding=\"async\" class=\"size-thumbnail wp-image-19069 alignnone\" src=\"https:\/\/sven-ove.nu\/wp-content\/uploads\/2018\/01\/L\u00f6sn\u00e4sa-och-penna-150x150.jpg\" alt=\"\" width=\"150\" height=\"150\" srcset=\"https:\/\/sven-ove.nu\/wp-content\/uploads\/2018\/01\/L\u00f6sn\u00e4sa-och-penna-150x150.jpg 150w, https:\/\/sven-ove.nu\/wp-content\/uploads\/2018\/01\/L\u00f6sn\u00e4sa-och-penna-300x300.jpg 300w, https:\/\/sven-ove.nu\/wp-content\/uploads\/2018\/01\/L\u00f6sn\u00e4sa-och-penna-768x768.jpg 768w, https:\/\/sven-ove.nu\/wp-content\/uploads\/2018\/01\/L\u00f6sn\u00e4sa-och-penna.jpg 1024w\" sizes=\"auto, (max-width: 150px) 100vw, 150px\" \/><\/a><\/p>\n<p>St\u00e4ngt p\u00e5 grund av skrivkl\u00e5da.<br \/>\nKommer te vecka. Eller n\u00e4sta vecka.<br \/>\nG\u00e5 ut i solen.<\/p>\n<p>Kram<\/p>\n<p><em>\/Sven-Ove<\/em><\/p>\n<p><span style=\"color: #0000ff;\"><a style=\"color: #0000ff;\" href=\"https:\/\/sven-ove.nu\/\">Hem<\/a><\/span>\u00a0|\u00a0<a href=\"https:\/\/sven-ove.nu\/?page_id=170\"><span style=\"color: #0000ff;\">Om mig<\/span><\/a>\u00a0|\u00a0<span style=\"color: #0000ff;\"><a style=\"color: #0000ff;\" href=\"https:\/\/sven-ove.nu\/?page_id=1385\">Skriva &amp; prata<\/a>\u00a0<\/span>|\u00a0<span style=\"color: #0000ff;\"><a style=\"color: #0000ff;\" href=\"https:\/\/sven-ove.nu\/?page_id=100\">Politik<\/a><\/span>\u00a0|\u00a0<span style=\"color: #0000ff;\"><a style=\"color: #0000ff;\" href=\"https:\/\/sven-ove.nu\/?page_id=102\">L\u00f6pa<\/a><\/span>\u00a0|\u00a0<span style=\"color: #0000ff;\"><a style=\"color: #0000ff;\" href=\"https:\/\/sven-ove.nu\/?page_id=108\">Viktor Root<\/a><\/span><br \/>\n<em>Inl\u00e4gg nr 2 053. (c) Sven-Ove Svensson (men dela g\u00e4rna) <\/em><\/p>\n","protected":false},"excerpt":{"rendered":"<p>St\u00e4ngt p\u00e5 grund av skrivkl\u00e5da. Kommer te vecka. Eller n\u00e4sta vecka. G\u00e5 ut i solen. Kram \/Sven-Ove Hem\u00a0|\u00a0Om mig\u00a0|\u00a0Skriva &amp; prata\u00a0|\u00a0Politik\u00a0|\u00a0L\u00f6pa\u00a0|\u00a0Viktor Root Inl\u00e4gg nr 2 053. (c) Sven-Ove Svensson (men dela g\u00e4rna)<\/p>\n","protected":false},"author":1,"featured_media":0,"comment_status":"closed","ping_status":"open","sticky":false,"template":"","format":"standard","meta":{"_crdt_document":"","_monsterinsights_skip_tracking":false,"_monsterinsights_sitenote_active":false,"_monsterinsights_sitenote_note":"","_monsterinsights_sitenote_category":0,"footnotes":""},"categories":[4],"tags":[24],"class_list":["post-21974","post","type-post","status-publish","format-standard","hentry","category-skrivande","tag-karlek"],"_links":{"self":[{"href":"https:\/\/sven-ove.nu\/index.php?rest_route=\/wp\/v2\/posts\/21974","targetHints":{"allow":["GET"]}}],"collection":[{"href":"https:\/\/sven-ove.nu\/index.php?rest_route=\/wp\/v2\/posts"}],"about":[{"href":"https:\/\/sven-ove.nu\/index.php?rest_route=\/wp\/v2\/types\/post"}],"author":[{"embeddable":true,"href":"https:\/\/sven-ove.nu\/index.php?rest_route=\/wp\/v2\/users\/1"}],"replies":[{"embeddable":true,"href":"https:\/\/sven-ove.nu\/index.php?rest_route=%2Fwp%2Fv2%2Fcomments&post=21974"}],"version-history":[{"count":10,"href":"https:\/\/sven-ove.nu\/index.php?rest_route=\/wp\/v2\/posts\/21974\/revisions"}],"predecessor-version":[{"id":21985,"href":"https:\/\/sven-ove.nu\/index.php?rest_route=\/wp\/v2\/posts\/21974\/revisions\/21985"}],"wp:attachment":[{"href":"https:\/\/sven-ove.nu\/index.php?rest_route=%2Fwp%2Fv2%2Fmedia&parent=21974"}],"wp:term":[{"taxonomy":"category","embeddable":true,"href":"https:\/\/sven-ove.nu\/index.php?rest_route=%2Fwp%2Fv2%2Fcategories&post=21974"},{"taxonomy":"post_tag","embeddable":true,"href":"https:\/\/sven-ove.nu\/index.php?rest_route=%2Fwp%2Fv2%2Ftags&post=21974"}],"curies":[{"name":"wp","href":"https:\/\/api.w.org\/{rel}","templated":true}]}}